{"id":29588,"date":"2026-04-27T12:34:28","date_gmt":"2026-04-27T10:34:28","guid":{"rendered":"https:\/\/agora.xtec.cat\/ceipenricfarreny\/?p=29588"},"modified":"2026-04-27T12:35:26","modified_gmt":"2026-04-27T10:35:26","slug":"concerts-dinstruments-balls-i-actuacions-diverses-al-quinart-26","status":"publish","type":"post","link":"https:\/\/agora.xtec.cat\/ceipenricfarreny\/general\/concerts-dinstruments-balls-i-actuacions-diverses-al-quinart-26\/","title":{"rendered":"Concerts d&#8217;instruments, balls i actuacions diverses al QuinArt &#8217;26"},"content":{"rendered":"<p data-start=\"68\" data-end=\"263\">En el marc de les <strong data-start=\"86\" data-end=\"109\">XI Jornades QuinART<\/strong>, la nostra setmana cultural i art\u00edstica, l\u2019alumnat de Prim\u00e0ria ha tornat a ser protagonista d\u2019un espai d\u2019expressi\u00f3 ple de m\u00fasica, moviment i creativitat.<\/p>\n<p data-start=\"265\" data-end=\"673\">Aquest any, les actuacions s\u2019han concentrat en una jornada molt especial: <strong data-start=\"339\" data-end=\"366\">dijous despr\u00e9s del pati<\/strong>, amb els <strong data-start=\"376\" data-end=\"411\">balls i actuacions de l\u2019alumnat<\/strong>, i <strong data-start=\"415\" data-end=\"436\">dijous a la tarda<\/strong>, amb una proposta m\u00e9s \u00e0mplia que ha incl\u00f2s <strong data-start=\"480\" data-end=\"565\">concerts instrumentals, actuacions de m\u00e0gia i concerts dels auxiliars de conversa<\/strong>. Una tarda completa que ha convertit l\u2019escola en un escenari viu i obert a diferents llenguatges art\u00edstics.<\/p>\n<p data-start=\"675\" data-end=\"982\">Els nens i nenes han participat de forma individual, <strong>mostrant il\u00b7lusi\u00f3, esfor\u00e7 i molt talent<\/strong>. Any rere any, l&#8217;alumnat s\u2019anima a pujar a l\u2019escenari, fet que demostra la import\u00e0ncia de generar espais segurs on poder expressar-se lliurement a trav\u00e9s de l\u2019art.\u00a0Aquesta activitat, coordinada per la Roser, mestra de m\u00fasica, permet que l\u2019alumnat prepari les seves actuacions de manera volunt\u00e0ria, amb acompanyament i orientaci\u00f3, garantint que cada proposta es pugui viure amb confian\u00e7a i respecte.<\/p>\n<p data-start=\"1220\" data-end=\"1541\">M\u00e9s enll\u00e0 del component l\u00fadic, aquestes actuacions contribueixen al <strong>desenvolupament de compet\u00e8ncies essencials<\/strong>: l\u2019expressi\u00f3 corporal i musical, la creativitat, l\u2019autoconfian\u00e7a, la comunicaci\u00f3 en p\u00fablic i el respecte pels altres. L\u2019escenari esdev\u00e9 aix\u00ed un espai d\u2019aprenentatge real, on cada infant pot cr\u00e9ixer i compartir.<\/p>\n<p data-start=\"1543\" data-end=\"1774\" data-is-last-node=\"\" data-is-only-node=\"\"><strong>Gr\u00e0cies<\/strong> a tot l\u2019alumnat per la seva valentia i entusiasme, a la Roser per fer-ho possible i als auxiliars de conversa per enriquir la tarda amb les seves propostes musicals.<\/p>\n<p data-start=\"1543\" data-end=\"1774\" data-is-last-node=\"\" data-is-only-node=\"\">El QuinArt continua creixent gr\u00e0cies a tots vosaltres!<\/p>\n\n\t\t<style type=\"text\/css\">\n\t\t\t#gallery-1 {\n\t\t\t\tmargin: auto;\n\t\t\t}\n\t\t\t#gallery-1 .gallery-item {\n\t\t\t\tfloat: left;\n\t\t\t\tmargin-top: 10px;\n\t\t\t\ttext-align: center;\n\t\t\t\twidth: 25%;\n\t\t\t}\n\t\t\t#gallery-1 img {\n\t\t\t\tborder: 2px solid #cfcfcf;\n\t\t\t}\n\t\t\t#gallery-1 .gallery-caption {\n\t\t\t\tmargin-left: 0;\n\t\t\t}\n\t\t\t\/* see gallery_shortcode() in wp-includes\/media.php *\/\n\t\t<\/style>\n\t\t<div id='gallery-1' class='gallery galleryid-29588 gallery-columns-4 gallery-size-medium'><dl class='gallery-item'>\n\t\t\t<dt class='gallery-icon landscape'>\n\t\t\t\t<a href='https:\/\/agora.xtec.cat\/ceipenricfarreny\/general\/concerts-dinstruments-balls-i-actuacions-diverses-al-quinart-26\/attachment\/whatsapp-image-2026-04-27-at-12-10-16-3\/'><img loading=\"lazy\" decoding=\"async\" width=\"300\" height=\"190\" src=\"https:\/\/agora.xtec.cat\/ceipenricfarreny\/wp-content\/uploads\/usu137\/2026\/04\/WhatsApp-Image-2026-04-27-at-12.10.16-3-300x190.jpeg\" class=\"attachment-medium size-medium\" alt=\"\" srcset=\"https:\/\/agora.xtec.cat\/ceipenricfarreny\/wp-content\/uploads\/usu137\/2026\/04\/WhatsApp-Image-2026-04-27-at-12.10.16-3-300x190.jpeg 300w, https:\/\/agora.xtec.cat\/ceipenricfarreny\/wp-content\/uploads\/usu137\/2026\/04\/WhatsApp-Image-2026-04-27-at-12.10.16-3-1024x649.jpeg 1024w, https:\/\/agora.xtec.cat\/ceipenricfarreny\/wp-content\/uploads\/usu137\/2026\/04\/WhatsApp-Image-2026-04-27-at-12.10.16-3-768x487.jpeg 768w, https:\/\/agora.xtec.cat\/ceipenricfarreny\/wp-content\/uploads\/usu137\/2026\/04\/WhatsApp-Image-2026-04-27-at-12.10.16-3.jpeg 1220w\" sizes=\"auto, (max-width: 300px) 100vw, 300px\" \/><\/a>\n\t\t\t<\/dt><\/dl><dl class='gallery-item'>\n\t\t\t<dt class='gallery-icon landscape'>\n\t\t\t\t<a href='https:\/\/agora.xtec.cat\/ceipenricfarreny\/general\/concerts-dinstruments-balls-i-actuacions-diverses-al-quinart-26\/attachment\/whatsapp-image-2026-04-27-at-12-10-18-1\/'><img loading=\"lazy\" decoding=\"async\" width=\"300\" height=\"225\" src=\"https:\/\/agora.xtec.cat\/ceipenricfarreny\/wp-content\/uploads\/usu137\/2026\/04\/WhatsApp-Image-2026-04-27-at-12.10.18-1-300x225.jpeg\" class=\"attachment-medium size-medium\" alt=\"\" srcset=\"https:\/\/agora.xtec.cat\/ceipenricfarreny\/wp-content\/uploads\/usu137\/2026\/04\/WhatsApp-Image-2026-04-27-at-12.10.18-1-300x225.jpeg 300w, https:\/\/agora.xtec.cat\/ceipenricfarreny\/wp-content\/uploads\/usu137\/2026\/04\/WhatsApp-Image-2026-04-27-at-12.10.18-1-1024x768.jpeg 1024w, https:\/\/agora.xtec.cat\/ceipenricfarreny\/wp-content\/uploads\/usu137\/2026\/04\/WhatsApp-Image-2026-04-27-at-12.10.18-1-768x576.jpeg 768w, https:\/\/agora.xtec.cat\/ceipenricfarreny\/wp-content\/uploads\/usu137\/2026\/04\/WhatsApp-Image-2026-04-27-at-12.10.18-1-1536x1152.jpeg 1536w, https:\/\/agora.xtec.cat\/ceipenricfarreny\/wp-content\/uploads\/usu137\/2026\/04\/WhatsApp-Image-2026-04-27-at-12.10.18-1-200x150.jpeg 200w, https:\/\/agora.xtec.cat\/ceipenricfarreny\/wp-content\/uploads\/usu137\/2026\/04\/WhatsApp-Image-2026-04-27-at-12.10.18-1.jpeg 1600w\" sizes=\"auto, (max-width: 300px) 100vw, 300px\" \/><\/a>\n\t\t\t<\/dt><\/dl><dl class='gallery-item'>\n\t\t\t<dt class='gallery-icon landscape'>\n\t\t\t\t<a href='https:\/\/agora.xtec.cat\/ceipenricfarreny\/general\/concerts-dinstruments-balls-i-actuacions-diverses-al-quinart-26\/attachment\/whatsapp-image-2026-04-27-at-12-10-18-3\/'><img loading=\"lazy\" decoding=\"async\" width=\"300\" height=\"225\" src=\"https:\/\/agora.xtec.cat\/ceipenricfarreny\/wp-content\/uploads\/usu137\/2026\/04\/WhatsApp-Image-2026-04-27-at-12.10.18-3-300x225.jpeg\" class=\"attachment-medium size-medium\" alt=\"\" srcset=\"https:\/\/agora.xtec.cat\/ceipenricfarreny\/wp-content\/uploads\/usu137\/2026\/04\/WhatsApp-Image-2026-04-27-at-12.10.18-3-300x225.jpeg 300w, https:\/\/agora.xtec.cat\/ceipenricfarreny\/wp-content\/uploads\/usu137\/2026\/04\/WhatsApp-Image-2026-04-27-at-12.10.18-3-1024x768.jpeg 1024w, https:\/\/agora.xtec.cat\/ceipenricfarreny\/wp-content\/uploads\/usu137\/2026\/04\/WhatsApp-Image-2026-04-27-at-12.10.18-3-768x576.jpeg 768w, https:\/\/agora.xtec.cat\/ceipenricfarreny\/wp-content\/uploads\/usu137\/2026\/04\/WhatsApp-Image-2026-04-27-at-12.10.18-3-1536x1152.jpeg 1536w, https:\/\/agora.xtec.cat\/ceipenricfarreny\/wp-content\/uploads\/usu137\/2026\/04\/WhatsApp-Image-2026-04-27-at-12.10.18-3-200x150.jpeg 200w, https:\/\/agora.xtec.cat\/ceipenricfarreny\/wp-content\/uploads\/usu137\/2026\/04\/WhatsApp-Image-2026-04-27-at-12.10.18-3.jpeg 1600w\" sizes=\"auto, (max-width: 300px) 100vw, 300px\" \/><\/a>\n\t\t\t<\/dt><\/dl><dl class='gallery-item'>\n\t\t\t<dt class='gallery-icon landscape'>\n\t\t\t\t<a href='https:\/\/agora.xtec.cat\/ceipenricfarreny\/general\/concerts-dinstruments-balls-i-actuacions-diverses-al-quinart-26\/attachment\/whatsapp-image-2026-04-27-at-12-10-18-5\/'><img loading=\"lazy\" decoding=\"async\" width=\"300\" height=\"225\" src=\"https:\/\/agora.xtec.cat\/ceipenricfarreny\/wp-content\/uploads\/usu137\/2026\/04\/WhatsApp-Image-2026-04-27-at-12.10.18-5-300x225.jpeg\" class=\"attachment-medium size-medium\" alt=\"\" srcset=\"https:\/\/agora.xtec.cat\/ceipenricfarreny\/wp-content\/uploads\/usu137\/2026\/04\/WhatsApp-Image-2026-04-27-at-12.10.18-5-300x225.jpeg 300w, https:\/\/agora.xtec.cat\/ceipenricfarreny\/wp-content\/uploads\/usu137\/2026\/04\/WhatsApp-Image-2026-04-27-at-12.10.18-5-1024x768.jpeg 1024w, https:\/\/agora.xtec.cat\/ceipenricfarreny\/wp-content\/uploads\/usu137\/2026\/04\/WhatsApp-Image-2026-04-27-at-12.10.18-5-768x576.jpeg 768w, https:\/\/agora.xtec.cat\/ceipenricfarreny\/wp-content\/uploads\/usu137\/2026\/04\/WhatsApp-Image-2026-04-27-at-12.10.18-5-1536x1152.jpeg 1536w, https:\/\/agora.xtec.cat\/ceipenricfarreny\/wp-content\/uploads\/usu137\/2026\/04\/WhatsApp-Image-2026-04-27-at-12.10.18-5-200x150.jpeg 200w, https:\/\/agora.xtec.cat\/ceipenricfarreny\/wp-content\/uploads\/usu137\/2026\/04\/WhatsApp-Image-2026-04-27-at-12.10.18-5.jpeg 1600w\" sizes=\"auto, (max-width: 300px) 100vw, 300px\" \/><\/a>\n\t\t\t<\/dt><\/dl><br style=\"clear: both\" \/><dl class='gallery-item'>\n\t\t\t<dt class='gallery-icon landscape'>\n\t\t\t\t<a href='https:\/\/agora.xtec.cat\/ceipenricfarreny\/general\/concerts-dinstruments-balls-i-actuacions-diverses-al-quinart-26\/attachment\/whatsapp-image-2026-04-27-at-12-10-18-7\/'><img loading=\"lazy\" decoding=\"async\" width=\"300\" height=\"225\" src=\"https:\/\/agora.xtec.cat\/ceipenricfarreny\/wp-content\/uploads\/usu137\/2026\/04\/WhatsApp-Image-2026-04-27-at-12.10.18-7-300x225.jpeg\" class=\"attachment-medium size-medium\" alt=\"\" srcset=\"https:\/\/agora.xtec.cat\/ceipenricfarreny\/wp-content\/uploads\/usu137\/2026\/04\/WhatsApp-Image-2026-04-27-at-12.10.18-7-300x225.jpeg 300w, https:\/\/agora.xtec.cat\/ceipenricfarreny\/wp-content\/uploads\/usu137\/2026\/04\/WhatsApp-Image-2026-04-27-at-12.10.18-7-1024x768.jpeg 1024w, https:\/\/agora.xtec.cat\/ceipenricfarreny\/wp-content\/uploads\/usu137\/2026\/04\/WhatsApp-Image-2026-04-27-at-12.10.18-7-768x576.jpeg 768w, https:\/\/agora.xtec.cat\/ceipenricfarreny\/wp-content\/uploads\/usu137\/2026\/04\/WhatsApp-Image-2026-04-27-at-12.10.18-7-1536x1152.jpeg 1536w, https:\/\/agora.xtec.cat\/ceipenricfarreny\/wp-content\/uploads\/usu137\/2026\/04\/WhatsApp-Image-2026-04-27-at-12.10.18-7-200x150.jpeg 200w, https:\/\/agora.xtec.cat\/ceipenricfarreny\/wp-content\/uploads\/usu137\/2026\/04\/WhatsApp-Image-2026-04-27-at-12.10.18-7.jpeg 1600w\" sizes=\"auto, (max-width: 300px) 100vw, 300px\" \/><\/a>\n\t\t\t<\/dt><\/dl><dl class='gallery-item'>\n\t\t\t<dt class='gallery-icon landscape'>\n\t\t\t\t<a href='https:\/\/agora.xtec.cat\/ceipenricfarreny\/general\/concerts-dinstruments-balls-i-actuacions-diverses-al-quinart-26\/attachment\/whatsapp-image-2026-04-27-at-12-10-18\/'><img loading=\"lazy\" decoding=\"async\" width=\"300\" height=\"225\" src=\"https:\/\/agora.xtec.cat\/ceipenricfarreny\/wp-content\/uploads\/usu137\/2026\/04\/WhatsApp-Image-2026-04-27-at-12.10.18-300x225.jpeg\" class=\"attachment-medium size-medium\" alt=\"\" srcset=\"https:\/\/agora.xtec.cat\/ceipenricfarreny\/wp-content\/uploads\/usu137\/2026\/04\/WhatsApp-Image-2026-04-27-at-12.10.18-300x225.jpeg 300w, https:\/\/agora.xtec.cat\/ceipenricfarreny\/wp-content\/uploads\/usu137\/2026\/04\/WhatsApp-Image-2026-04-27-at-12.10.18-1024x768.jpeg 1024w, https:\/\/agora.xtec.cat\/ceipenricfarreny\/wp-content\/uploads\/usu137\/2026\/04\/WhatsApp-Image-2026-04-27-at-12.10.18-768x576.jpeg 768w, https:\/\/agora.xtec.cat\/ceipenricfarreny\/wp-content\/uploads\/usu137\/2026\/04\/WhatsApp-Image-2026-04-27-at-12.10.18-1536x1152.jpeg 1536w, https:\/\/agora.xtec.cat\/ceipenricfarreny\/wp-content\/uploads\/usu137\/2026\/04\/WhatsApp-Image-2026-04-27-at-12.10.18-200x150.jpeg 200w, https:\/\/agora.xtec.cat\/ceipenricfarreny\/wp-content\/uploads\/usu137\/2026\/04\/WhatsApp-Image-2026-04-27-at-12.10.18.jpeg 1600w\" sizes=\"auto, (max-width: 300px) 100vw, 300px\" \/><\/a>\n\t\t\t<\/dt><\/dl><dl class='gallery-item'>\n\t\t\t<dt class='gallery-icon landscape'>\n\t\t\t\t<a href='https:\/\/agora.xtec.cat\/ceipenricfarreny\/general\/concerts-dinstruments-balls-i-actuacions-diverses-al-quinart-26\/attachment\/whatsapp-image-2026-04-27-at-12-10-19-1\/'><img loading=\"lazy\" decoding=\"async\" width=\"300\" height=\"225\" src=\"https:\/\/agora.xtec.cat\/ceipenricfarreny\/wp-content\/uploads\/usu137\/2026\/04\/WhatsApp-Image-2026-04-27-at-12.10.19-1-300x225.jpeg\" class=\"attachment-medium size-medium\" alt=\"\" srcset=\"https:\/\/agora.xtec.cat\/ceipenricfarreny\/wp-content\/uploads\/usu137\/2026\/04\/WhatsApp-Image-2026-04-27-at-12.10.19-1-300x225.jpeg 300w, https:\/\/agora.xtec.cat\/ceipenricfarreny\/wp-content\/uploads\/usu137\/2026\/04\/WhatsApp-Image-2026-04-27-at-12.10.19-1-1024x768.jpeg 1024w, https:\/\/agora.xtec.cat\/ceipenricfarreny\/wp-content\/uploads\/usu137\/2026\/04\/WhatsApp-Image-2026-04-27-at-12.10.19-1-768x576.jpeg 768w, https:\/\/agora.xtec.cat\/ceipenricfarreny\/wp-content\/uploads\/usu137\/2026\/04\/WhatsApp-Image-2026-04-27-at-12.10.19-1-1536x1152.jpeg 1536w, https:\/\/agora.xtec.cat\/ceipenricfarreny\/wp-content\/uploads\/usu137\/2026\/04\/WhatsApp-Image-2026-04-27-at-12.10.19-1-200x150.jpeg 200w, https:\/\/agora.xtec.cat\/ceipenricfarreny\/wp-content\/uploads\/usu137\/2026\/04\/WhatsApp-Image-2026-04-27-at-12.10.19-1.jpeg 1600w\" sizes=\"auto, (max-width: 300px) 100vw, 300px\" \/><\/a>\n\t\t\t<\/dt><\/dl><dl class='gallery-item'>\n\t\t\t<dt class='gallery-icon landscape'>\n\t\t\t\t<a href='https:\/\/agora.xtec.cat\/ceipenricfarreny\/general\/concerts-dinstruments-balls-i-actuacions-diverses-al-quinart-26\/attachment\/whatsapp-image-2026-04-27-at-12-10-19-3\/'><img loading=\"lazy\" decoding=\"async\" width=\"300\" height=\"225\" src=\"https:\/\/agora.xtec.cat\/ceipenricfarreny\/wp-content\/uploads\/usu137\/2026\/04\/WhatsApp-Image-2026-04-27-at-12.10.19-3-300x225.jpeg\" class=\"attachment-medium size-medium\" alt=\"\" srcset=\"https:\/\/agora.xtec.cat\/ceipenricfarreny\/wp-content\/uploads\/usu137\/2026\/04\/WhatsApp-Image-2026-04-27-at-12.10.19-3-300x225.jpeg 300w, https:\/\/agora.xtec.cat\/ceipenricfarreny\/wp-content\/uploads\/usu137\/2026\/04\/WhatsApp-Image-2026-04-27-at-12.10.19-3-1024x768.jpeg 1024w, https:\/\/agora.xtec.cat\/ceipenricfarreny\/wp-content\/uploads\/usu137\/2026\/04\/WhatsApp-Image-2026-04-27-at-12.10.19-3-768x576.jpeg 768w, https:\/\/agora.xtec.cat\/ceipenricfarreny\/wp-content\/uploads\/usu137\/2026\/04\/WhatsApp-Image-2026-04-27-at-12.10.19-3-1536x1152.jpeg 1536w, https:\/\/agora.xtec.cat\/ceipenricfarreny\/wp-content\/uploads\/usu137\/2026\/04\/WhatsApp-Image-2026-04-27-at-12.10.19-3-200x150.jpeg 200w, https:\/\/agora.xtec.cat\/ceipenricfarreny\/wp-content\/uploads\/usu137\/2026\/04\/WhatsApp-Image-2026-04-27-at-12.10.19-3.jpeg 1600w\" sizes=\"auto, (max-width: 300px) 100vw, 300px\" \/><\/a>\n\t\t\t<\/dt><\/dl><br style=\"clear: both\" \/><dl class='gallery-item'>\n\t\t\t<dt class='gallery-icon landscape'>\n\t\t\t\t<a href='https:\/\/agora.xtec.cat\/ceipenricfarreny\/general\/concerts-dinstruments-balls-i-actuacions-diverses-al-quinart-26\/attachment\/whatsapp-image-2026-04-27-at-12-10-19-10\/'><img loading=\"lazy\" decoding=\"async\" width=\"300\" height=\"225\" src=\"https:\/\/agora.xtec.cat\/ceipenricfarreny\/wp-content\/uploads\/usu137\/2026\/04\/WhatsApp-Image-2026-04-27-at-12.10.19-10-300x225.jpeg\" class=\"attachment-medium size-medium\" alt=\"\" srcset=\"https:\/\/agora.xtec.cat\/ceipenricfarreny\/wp-content\/uploads\/usu137\/2026\/04\/WhatsApp-Image-2026-04-27-at-12.10.19-10-300x225.jpeg 300w, https:\/\/agora.xtec.cat\/ceipenricfarreny\/wp-content\/uploads\/usu137\/2026\/04\/WhatsApp-Image-2026-04-27-at-12.10.19-10-1024x768.jpeg 1024w, https:\/\/agora.xtec.cat\/ceipenricfarreny\/wp-content\/uploads\/usu137\/2026\/04\/WhatsApp-Image-2026-04-27-at-12.10.19-10-768x576.jpeg 768w, https:\/\/agora.xtec.cat\/ceipenricfarreny\/wp-content\/uploads\/usu137\/2026\/04\/WhatsApp-Image-2026-04-27-at-12.10.19-10-1536x1152.jpeg 1536w, https:\/\/agora.xtec.cat\/ceipenricfarreny\/wp-content\/uploads\/usu137\/2026\/04\/WhatsApp-Image-2026-04-27-at-12.10.19-10-200x150.jpeg 200w, https:\/\/agora.xtec.cat\/ceipenricfarreny\/wp-content\/uploads\/usu137\/2026\/04\/WhatsApp-Image-2026-04-27-at-12.10.19-10.jpeg 1600w\" sizes=\"auto, (max-width: 300px) 100vw, 300px\" \/><\/a>\n\t\t\t<\/dt><\/dl><dl class='gallery-item'>\n\t\t\t<dt class='gallery-icon landscape'>\n\t\t\t\t<a href='https:\/\/agora.xtec.cat\/ceipenricfarreny\/general\/concerts-dinstruments-balls-i-actuacions-diverses-al-quinart-26\/attachment\/whatsapp-image-2026-04-27-at-12-10-20-2\/'><img loading=\"lazy\" decoding=\"async\" width=\"300\" height=\"225\" src=\"https:\/\/agora.xtec.cat\/ceipenricfarreny\/wp-content\/uploads\/usu137\/2026\/04\/WhatsApp-Image-2026-04-27-at-12.10.20-2-300x225.jpeg\" class=\"attachment-medium size-medium\" alt=\"\" srcset=\"https:\/\/agora.xtec.cat\/ceipenricfarreny\/wp-content\/uploads\/usu137\/2026\/04\/WhatsApp-Image-2026-04-27-at-12.10.20-2-300x225.jpeg 300w, https:\/\/agora.xtec.cat\/ceipenricfarreny\/wp-content\/uploads\/usu137\/2026\/04\/WhatsApp-Image-2026-04-27-at-12.10.20-2-1024x768.jpeg 1024w, https:\/\/agora.xtec.cat\/ceipenricfarreny\/wp-content\/uploads\/usu137\/2026\/04\/WhatsApp-Image-2026-04-27-at-12.10.20-2-768x576.jpeg 768w, https:\/\/agora.xtec.cat\/ceipenricfarreny\/wp-content\/uploads\/usu137\/2026\/04\/WhatsApp-Image-2026-04-27-at-12.10.20-2-1536x1152.jpeg 1536w, https:\/\/agora.xtec.cat\/ceipenricfarreny\/wp-content\/uploads\/usu137\/2026\/04\/WhatsApp-Image-2026-04-27-at-12.10.20-2-200x150.jpeg 200w, https:\/\/agora.xtec.cat\/ceipenricfarreny\/wp-content\/uploads\/usu137\/2026\/04\/WhatsApp-Image-2026-04-27-at-12.10.20-2.jpeg 1600w\" sizes=\"auto, (max-width: 300px) 100vw, 300px\" \/><\/a>\n\t\t\t<\/dt><\/dl><dl class='gallery-item'>\n\t\t\t<dt class='gallery-icon landscape'>\n\t\t\t\t<a href='https:\/\/agora.xtec.cat\/ceipenricfarreny\/general\/concerts-dinstruments-balls-i-actuacions-diverses-al-quinart-26\/attachment\/whatsapp-image-2026-04-27-at-12-10-20-5\/'><img loading=\"lazy\" decoding=\"async\" width=\"300\" height=\"225\" src=\"https:\/\/agora.xtec.cat\/ceipenricfarreny\/wp-content\/uploads\/usu137\/2026\/04\/WhatsApp-Image-2026-04-27-at-12.10.20-5-300x225.jpeg\" class=\"attachment-medium size-medium\" alt=\"\" srcset=\"https:\/\/agora.xtec.cat\/ceipenricfarreny\/wp-content\/uploads\/usu137\/2026\/04\/WhatsApp-Image-2026-04-27-at-12.10.20-5-300x225.jpeg 300w, https:\/\/agora.xtec.cat\/ceipenricfarreny\/wp-content\/uploads\/usu137\/2026\/04\/WhatsApp-Image-2026-04-27-at-12.10.20-5-1024x768.jpeg 1024w, https:\/\/agora.xtec.cat\/ceipenricfarreny\/wp-content\/uploads\/usu137\/2026\/04\/WhatsApp-Image-2026-04-27-at-12.10.20-5-768x576.jpeg 768w, https:\/\/agora.xtec.cat\/ceipenricfarreny\/wp-content\/uploads\/usu137\/2026\/04\/WhatsApp-Image-2026-04-27-at-12.10.20-5-1536x1152.jpeg 1536w, https:\/\/agora.xtec.cat\/ceipenricfarreny\/wp-content\/uploads\/usu137\/2026\/04\/WhatsApp-Image-2026-04-27-at-12.10.20-5-200x150.jpeg 200w, https:\/\/agora.xtec.cat\/ceipenricfarreny\/wp-content\/uploads\/usu137\/2026\/04\/WhatsApp-Image-2026-04-27-at-12.10.20-5.jpeg 1600w\" sizes=\"auto, (max-width: 300px) 100vw, 300px\" \/><\/a>\n\t\t\t<\/dt><\/dl><dl class='gallery-item'>\n\t\t\t<dt class='gallery-icon landscape'>\n\t\t\t\t<a href='https:\/\/agora.xtec.cat\/ceipenricfarreny\/general\/concerts-dinstruments-balls-i-actuacions-diverses-al-quinart-26\/attachment\/whatsapp-image-2026-04-27-at-12-10-20-7\/'><img loading=\"lazy\" decoding=\"async\" width=\"300\" height=\"225\" src=\"https:\/\/agora.xtec.cat\/ceipenricfarreny\/wp-content\/uploads\/usu137\/2026\/04\/WhatsApp-Image-2026-04-27-at-12.10.20-7-300x225.jpeg\" class=\"attachment-medium size-medium\" alt=\"\" srcset=\"https:\/\/agora.xtec.cat\/ceipenricfarreny\/wp-content\/uploads\/usu137\/2026\/04\/WhatsApp-Image-2026-04-27-at-12.10.20-7-300x225.jpeg 300w, https:\/\/agora.xtec.cat\/ceipenricfarreny\/wp-content\/uploads\/usu137\/2026\/04\/WhatsApp-Image-2026-04-27-at-12.10.20-7-1024x768.jpeg 1024w, https:\/\/agora.xtec.cat\/ceipenricfarreny\/wp-content\/uploads\/usu137\/2026\/04\/WhatsApp-Image-2026-04-27-at-12.10.20-7-768x576.jpeg 768w, https:\/\/agora.xtec.cat\/ceipenricfarreny\/wp-content\/uploads\/usu137\/2026\/04\/WhatsApp-Image-2026-04-27-at-12.10.20-7-1536x1152.jpeg 1536w, https:\/\/agora.xtec.cat\/ceipenricfarreny\/wp-content\/uploads\/usu137\/2026\/04\/WhatsApp-Image-2026-04-27-at-12.10.20-7-200x150.jpeg 200w, https:\/\/agora.xtec.cat\/ceipenricfarreny\/wp-content\/uploads\/usu137\/2026\/04\/WhatsApp-Image-2026-04-27-at-12.10.20-7.jpeg 1600w\" sizes=\"auto, (max-width: 300px) 100vw, 300px\" \/><\/a>\n\t\t\t<\/dt><\/dl><br style=\"clear: both\" \/><dl class='gallery-item'>\n\t\t\t<dt class='gallery-icon landscape'>\n\t\t\t\t<a href='https:\/\/agora.xtec.cat\/ceipenricfarreny\/general\/concerts-dinstruments-balls-i-actuacions-diverses-al-quinart-26\/attachment\/whatsapp-image-2026-04-27-at-12-10-20-8\/'><img loading=\"lazy\" decoding=\"async\" width=\"300\" height=\"225\" src=\"https:\/\/agora.xtec.cat\/ceipenricfarreny\/wp-content\/uploads\/usu137\/2026\/04\/WhatsApp-Image-2026-04-27-at-12.10.20-8-300x225.jpeg\" class=\"attachment-medium size-medium\" alt=\"\" srcset=\"https:\/\/agora.xtec.cat\/ceipenricfarreny\/wp-content\/uploads\/usu137\/2026\/04\/WhatsApp-Image-2026-04-27-at-12.10.20-8-300x225.jpeg 300w, https:\/\/agora.xtec.cat\/ceipenricfarreny\/wp-content\/uploads\/usu137\/2026\/04\/WhatsApp-Image-2026-04-27-at-12.10.20-8-1024x768.jpeg 1024w, https:\/\/agora.xtec.cat\/ceipenricfarreny\/wp-content\/uploads\/usu137\/2026\/04\/WhatsApp-Image-2026-04-27-at-12.10.20-8-768x576.jpeg 768w, https:\/\/agora.xtec.cat\/ceipenricfarreny\/wp-content\/uploads\/usu137\/2026\/04\/WhatsApp-Image-2026-04-27-at-12.10.20-8-1536x1152.jpeg 1536w, https:\/\/agora.xtec.cat\/ceipenricfarreny\/wp-content\/uploads\/usu137\/2026\/04\/WhatsApp-Image-2026-04-27-at-12.10.20-8-200x150.jpeg 200w, https:\/\/agora.xtec.cat\/ceipenricfarreny\/wp-content\/uploads\/usu137\/2026\/04\/WhatsApp-Image-2026-04-27-at-12.10.20-8.jpeg 1600w\" sizes=\"auto, (max-width: 300px) 100vw, 300px\" \/><\/a>\n\t\t\t<\/dt><\/dl><dl class='gallery-item'>\n\t\t\t<dt class='gallery-icon landscape'>\n\t\t\t\t<a href='https:\/\/agora.xtec.cat\/ceipenricfarreny\/general\/concerts-dinstruments-balls-i-actuacions-diverses-al-quinart-26\/attachment\/whatsapp-image-2026-04-27-at-12-10-20\/'><img loading=\"lazy\" decoding=\"async\" width=\"300\" height=\"225\" src=\"https:\/\/agora.xtec.cat\/ceipenricfarreny\/wp-content\/uploads\/usu137\/2026\/04\/WhatsApp-Image-2026-04-27-at-12.10.20-300x225.jpeg\" class=\"attachment-medium size-medium\" alt=\"\" srcset=\"https:\/\/agora.xtec.cat\/ceipenricfarreny\/wp-content\/uploads\/usu137\/2026\/04\/WhatsApp-Image-2026-04-27-at-12.10.20-300x225.jpeg 300w, https:\/\/agora.xtec.cat\/ceipenricfarreny\/wp-content\/uploads\/usu137\/2026\/04\/WhatsApp-Image-2026-04-27-at-12.10.20-1024x768.jpeg 1024w, https:\/\/agora.xtec.cat\/ceipenricfarreny\/wp-content\/uploads\/usu137\/2026\/04\/WhatsApp-Image-2026-04-27-at-12.10.20-768x576.jpeg 768w, https:\/\/agora.xtec.cat\/ceipenricfarreny\/wp-content\/uploads\/usu137\/2026\/04\/WhatsApp-Image-2026-04-27-at-12.10.20-1536x1152.jpeg 1536w, https:\/\/agora.xtec.cat\/ceipenricfarreny\/wp-content\/uploads\/usu137\/2026\/04\/WhatsApp-Image-2026-04-27-at-12.10.20-200x150.jpeg 200w, https:\/\/agora.xtec.cat\/ceipenricfarreny\/wp-content\/uploads\/usu137\/2026\/04\/WhatsApp-Image-2026-04-27-at-12.10.20.jpeg 1600w\" sizes=\"auto, (max-width: 300px) 100vw, 300px\" \/><\/a>\n\t\t\t<\/dt><\/dl><dl class='gallery-item'>\n\t\t\t<dt class='gallery-icon landscape'>\n\t\t\t\t<a href='https:\/\/agora.xtec.cat\/ceipenricfarreny\/general\/concerts-dinstruments-balls-i-actuacions-diverses-al-quinart-26\/attachment\/whatsapp-image-2026-04-27-at-12-10-21-1\/'><img loading=\"lazy\" decoding=\"async\" width=\"300\" height=\"225\" src=\"https:\/\/agora.xtec.cat\/ceipenricfarreny\/wp-content\/uploads\/usu137\/2026\/04\/WhatsApp-Image-2026-04-27-at-12.10.21-1-300x225.jpeg\" class=\"attachment-medium size-medium\" alt=\"\" srcset=\"https:\/\/agora.xtec.cat\/ceipenricfarreny\/wp-content\/uploads\/usu137\/2026\/04\/WhatsApp-Image-2026-04-27-at-12.10.21-1-300x225.jpeg 300w, https:\/\/agora.xtec.cat\/ceipenricfarreny\/wp-content\/uploads\/usu137\/2026\/04\/WhatsApp-Image-2026-04-27-at-12.10.21-1-1024x768.jpeg 1024w, https:\/\/agora.xtec.cat\/ceipenricfarreny\/wp-content\/uploads\/usu137\/2026\/04\/WhatsApp-Image-2026-04-27-at-12.10.21-1-768x576.jpeg 768w, https:\/\/agora.xtec.cat\/ceipenricfarreny\/wp-content\/uploads\/usu137\/2026\/04\/WhatsApp-Image-2026-04-27-at-12.10.21-1-1536x1152.jpeg 1536w, https:\/\/agora.xtec.cat\/ceipenricfarreny\/wp-content\/uploads\/usu137\/2026\/04\/WhatsApp-Image-2026-04-27-at-12.10.21-1-200x150.jpeg 200w, https:\/\/agora.xtec.cat\/ceipenricfarreny\/wp-content\/uploads\/usu137\/2026\/04\/WhatsApp-Image-2026-04-27-at-12.10.21-1.jpeg 1600w\" sizes=\"auto, (max-width: 300px) 100vw, 300px\" \/><\/a>\n\t\t\t<\/dt><\/dl><dl class='gallery-item'>\n\t\t\t<dt class='gallery-icon landscape'>\n\t\t\t\t<a href='https:\/\/agora.xtec.cat\/ceipenricfarreny\/general\/concerts-dinstruments-balls-i-actuacions-diverses-al-quinart-26\/attachment\/whatsapp-image-2026-04-27-at-12-10-21-7\/'><img loading=\"lazy\" decoding=\"async\" width=\"300\" height=\"225\" src=\"https:\/\/agora.xtec.cat\/ceipenricfarreny\/wp-content\/uploads\/usu137\/2026\/04\/WhatsApp-Image-2026-04-27-at-12.10.21-7-300x225.jpeg\" class=\"attachment-medium size-medium\" alt=\"\" srcset=\"https:\/\/agora.xtec.cat\/ceipenricfarreny\/wp-content\/uploads\/usu137\/2026\/04\/WhatsApp-Image-2026-04-27-at-12.10.21-7-300x225.jpeg 300w, https:\/\/agora.xtec.cat\/ceipenricfarreny\/wp-content\/uploads\/usu137\/2026\/04\/WhatsApp-Image-2026-04-27-at-12.10.21-7-1024x768.jpeg 1024w, https:\/\/agora.xtec.cat\/ceipenricfarreny\/wp-content\/uploads\/usu137\/2026\/04\/WhatsApp-Image-2026-04-27-at-12.10.21-7-768x576.jpeg 768w, https:\/\/agora.xtec.cat\/ceipenricfarreny\/wp-content\/uploads\/usu137\/2026\/04\/WhatsApp-Image-2026-04-27-at-12.10.21-7-1536x1152.jpeg 1536w, https:\/\/agora.xtec.cat\/ceipenricfarreny\/wp-content\/uploads\/usu137\/2026\/04\/WhatsApp-Image-2026-04-27-at-12.10.21-7-200x150.jpeg 200w, https:\/\/agora.xtec.cat\/ceipenricfarreny\/wp-content\/uploads\/usu137\/2026\/04\/WhatsApp-Image-2026-04-27-at-12.10.21-7.jpeg 1600w\" sizes=\"auto, (max-width: 300px) 100vw, 300px\" \/><\/a>\n\t\t\t<\/dt><\/dl><br style=\"clear: both\" \/><dl class='gallery-item'>\n\t\t\t<dt class='gallery-icon landscape'>\n\t\t\t\t<a href='https:\/\/agora.xtec.cat\/ceipenricfarreny\/general\/concerts-dinstruments-balls-i-actuacions-diverses-al-quinart-26\/attachment\/whatsapp-image-2026-04-27-at-12-10-22-5\/'><img loading=\"lazy\" decoding=\"async\" width=\"300\" height=\"225\" src=\"https:\/\/agora.xtec.cat\/ceipenricfarreny\/wp-content\/uploads\/usu137\/2026\/04\/WhatsApp-Image-2026-04-27-at-12.10.22-5-300x225.jpeg\" class=\"attachment-medium size-medium\" alt=\"\" srcset=\"https:\/\/agora.xtec.cat\/ceipenricfarreny\/wp-content\/uploads\/usu137\/2026\/04\/WhatsApp-Image-2026-04-27-at-12.10.22-5-300x225.jpeg 300w, https:\/\/agora.xtec.cat\/ceipenricfarreny\/wp-content\/uploads\/usu137\/2026\/04\/WhatsApp-Image-2026-04-27-at-12.10.22-5-1024x768.jpeg 1024w, https:\/\/agora.xtec.cat\/ceipenricfarreny\/wp-content\/uploads\/usu137\/2026\/04\/WhatsApp-Image-2026-04-27-at-12.10.22-5-768x576.jpeg 768w, https:\/\/agora.xtec.cat\/ceipenricfarreny\/wp-content\/uploads\/usu137\/2026\/04\/WhatsApp-Image-2026-04-27-at-12.10.22-5-1536x1152.jpeg 1536w, https:\/\/agora.xtec.cat\/ceipenricfarreny\/wp-content\/uploads\/usu137\/2026\/04\/WhatsApp-Image-2026-04-27-at-12.10.22-5-200x150.jpeg 200w, https:\/\/agora.xtec.cat\/ceipenricfarreny\/wp-content\/uploads\/usu137\/2026\/04\/WhatsApp-Image-2026-04-27-at-12.10.22-5.jpeg 1600w\" sizes=\"auto, (max-width: 300px) 100vw, 300px\" \/><\/a>\n\t\t\t<\/dt><\/dl><dl class='gallery-item'>\n\t\t\t<dt class='gallery-icon portrait'>\n\t\t\t\t<a href='https:\/\/agora.xtec.cat\/ceipenricfarreny\/general\/concerts-dinstruments-balls-i-actuacions-diverses-al-quinart-26\/attachment\/whatsapp-image-2026-04-27-at-12-10-23\/'><img loading=\"lazy\" decoding=\"async\" width=\"169\" height=\"300\" src=\"https:\/\/agora.xtec.cat\/ceipenricfarreny\/wp-content\/uploads\/usu137\/2026\/04\/WhatsApp-Image-2026-04-27-at-12.10.23-169x300.jpeg\" class=\"attachment-medium size-medium\" alt=\"\" srcset=\"https:\/\/agora.xtec.cat\/ceipenricfarreny\/wp-content\/uploads\/usu137\/2026\/04\/WhatsApp-Image-2026-04-27-at-12.10.23-169x300.jpeg 169w, https:\/\/agora.xtec.cat\/ceipenricfarreny\/wp-content\/uploads\/usu137\/2026\/04\/WhatsApp-Image-2026-04-27-at-12.10.23-576x1024.jpeg 576w, https:\/\/agora.xtec.cat\/ceipenricfarreny\/wp-content\/uploads\/usu137\/2026\/04\/WhatsApp-Image-2026-04-27-at-12.10.23-768x1365.jpeg 768w, https:\/\/agora.xtec.cat\/ceipenricfarreny\/wp-content\/uploads\/usu137\/2026\/04\/WhatsApp-Image-2026-04-27-at-12.10.23-864x1536.jpeg 864w, https:\/\/agora.xtec.cat\/ceipenricfarreny\/wp-content\/uploads\/usu137\/2026\/04\/WhatsApp-Image-2026-04-27-at-12.10.23.jpeg 900w\" sizes=\"auto, (max-width: 169px) 100vw, 169px\" \/><\/a>\n\t\t\t<\/dt><\/dl><dl class='gallery-item'>\n\t\t\t<dt class='gallery-icon portrait'>\n\t\t\t\t<a href='https:\/\/agora.xtec.cat\/ceipenricfarreny\/general\/concerts-dinstruments-balls-i-actuacions-diverses-al-quinart-26\/attachment\/whatsapp-image-2026-04-27-at-12-10-23-3\/'><img loading=\"lazy\" decoding=\"async\" width=\"225\" height=\"300\" src=\"https:\/\/agora.xtec.cat\/ceipenricfarreny\/wp-content\/uploads\/usu137\/2026\/04\/WhatsApp-Image-2026-04-27-at-12.10.23-3-225x300.jpeg\" class=\"attachment-medium size-medium\" alt=\"\" srcset=\"https:\/\/agora.xtec.cat\/ceipenricfarreny\/wp-content\/uploads\/usu137\/2026\/04\/WhatsApp-Image-2026-04-27-at-12.10.23-3-225x300.jpeg 225w, https:\/\/agora.xtec.cat\/ceipenricfarreny\/wp-content\/uploads\/usu137\/2026\/04\/WhatsApp-Image-2026-04-27-at-12.10.23-3-768x1024.jpeg 768w, https:\/\/agora.xtec.cat\/ceipenricfarreny\/wp-content\/uploads\/usu137\/2026\/04\/WhatsApp-Image-2026-04-27-at-12.10.23-3-1152x1536.jpeg 1152w, https:\/\/agora.xtec.cat\/ceipenricfarreny\/wp-content\/uploads\/usu137\/2026\/04\/WhatsApp-Image-2026-04-27-at-12.10.23-3.jpeg 1200w\" sizes=\"auto, (max-width: 225px) 100vw, 225px\" \/><\/a>\n\t\t\t<\/dt><\/dl><dl class='gallery-item'>\n\t\t\t<dt class='gallery-icon landscape'>\n\t\t\t\t<a href='https:\/\/agora.xtec.cat\/ceipenricfarreny\/general\/concerts-dinstruments-balls-i-actuacions-diverses-al-quinart-26\/attachment\/whatsapp-image-2026-04-27-at-12-10-23-4\/'><img loading=\"lazy\" decoding=\"async\" width=\"300\" height=\"225\" src=\"https:\/\/agora.xtec.cat\/ceipenricfarreny\/wp-content\/uploads\/usu137\/2026\/04\/WhatsApp-Image-2026-04-27-at-12.10.23-4-300x225.jpeg\" class=\"attachment-medium size-medium\" alt=\"\" srcset=\"https:\/\/agora.xtec.cat\/ceipenricfarreny\/wp-content\/uploads\/usu137\/2026\/04\/WhatsApp-Image-2026-04-27-at-12.10.23-4-300x225.jpeg 300w, https:\/\/agora.xtec.cat\/ceipenricfarreny\/wp-content\/uploads\/usu137\/2026\/04\/WhatsApp-Image-2026-04-27-at-12.10.23-4-1024x768.jpeg 1024w, https:\/\/agora.xtec.cat\/ceipenricfarreny\/wp-content\/uploads\/usu137\/2026\/04\/WhatsApp-Image-2026-04-27-at-12.10.23-4-768x576.jpeg 768w, https:\/\/agora.xtec.cat\/ceipenricfarreny\/wp-content\/uploads\/usu137\/2026\/04\/WhatsApp-Image-2026-04-27-at-12.10.23-4-1536x1152.jpeg 1536w, https:\/\/agora.xtec.cat\/ceipenricfarreny\/wp-content\/uploads\/usu137\/2026\/04\/WhatsApp-Image-2026-04-27-at-12.10.23-4-200x150.jpeg 200w, https:\/\/agora.xtec.cat\/ceipenricfarreny\/wp-content\/uploads\/usu137\/2026\/04\/WhatsApp-Image-2026-04-27-at-12.10.23-4.jpeg 1600w\" sizes=\"auto, (max-width: 300px) 100vw, 300px\" \/><\/a>\n\t\t\t<\/dt><\/dl><br style=\"clear: both\" \/><dl class='gallery-item'>\n\t\t\t<dt class='gallery-icon portrait'>\n\t\t\t\t<a href='https:\/\/agora.xtec.cat\/ceipenricfarreny\/general\/concerts-dinstruments-balls-i-actuacions-diverses-al-quinart-26\/attachment\/whatsapp-image-2026-04-27-at-12-10-23-7\/'><img loading=\"lazy\" decoding=\"async\" width=\"169\" height=\"300\" src=\"https:\/\/agora.xtec.cat\/ceipenricfarreny\/wp-content\/uploads\/usu137\/2026\/04\/WhatsApp-Image-2026-04-27-at-12.10.23-7-169x300.jpeg\" class=\"attachment-medium size-medium\" alt=\"\" srcset=\"https:\/\/agora.xtec.cat\/ceipenricfarreny\/wp-content\/uploads\/usu137\/2026\/04\/WhatsApp-Image-2026-04-27-at-12.10.23-7-169x300.jpeg 169w, https:\/\/agora.xtec.cat\/ceipenricfarreny\/wp-content\/uploads\/usu137\/2026\/04\/WhatsApp-Image-2026-04-27-at-12.10.23-7-576x1024.jpeg 576w, https:\/\/agora.xtec.cat\/ceipenricfarreny\/wp-content\/uploads\/usu137\/2026\/04\/WhatsApp-Image-2026-04-27-at-12.10.23-7-768x1365.jpeg 768w, https:\/\/agora.xtec.cat\/ceipenricfarreny\/wp-content\/uploads\/usu137\/2026\/04\/WhatsApp-Image-2026-04-27-at-12.10.23-7-864x1536.jpeg 864w, https:\/\/agora.xtec.cat\/ceipenricfarreny\/wp-content\/uploads\/usu137\/2026\/04\/WhatsApp-Image-2026-04-27-at-12.10.23-7.jpeg 900w\" sizes=\"auto, (max-width: 169px) 100vw, 169px\" \/><\/a>\n\t\t\t<\/dt><\/dl><dl class='gallery-item'>\n\t\t\t<dt class='gallery-icon portrait'>\n\t\t\t\t<a href='https:\/\/agora.xtec.cat\/ceipenricfarreny\/general\/concerts-dinstruments-balls-i-actuacions-diverses-al-quinart-26\/attachment\/whatsapp-image-2026-04-27-at-12-10-23-9\/'><img loading=\"lazy\" decoding=\"async\" width=\"225\" height=\"300\" src=\"https:\/\/agora.xtec.cat\/ceipenricfarreny\/wp-content\/uploads\/usu137\/2026\/04\/WhatsApp-Image-2026-04-27-at-12.10.23-9-225x300.jpeg\" class=\"attachment-medium size-medium\" alt=\"\" srcset=\"https:\/\/agora.xtec.cat\/ceipenricfarreny\/wp-content\/uploads\/usu137\/2026\/04\/WhatsApp-Image-2026-04-27-at-12.10.23-9-225x300.jpeg 225w, https:\/\/agora.xtec.cat\/ceipenricfarreny\/wp-content\/uploads\/usu137\/2026\/04\/WhatsApp-Image-2026-04-27-at-12.10.23-9-768x1024.jpeg 768w, https:\/\/agora.xtec.cat\/ceipenricfarreny\/wp-content\/uploads\/usu137\/2026\/04\/WhatsApp-Image-2026-04-27-at-12.10.23-9-1152x1536.jpeg 1152w, https:\/\/agora.xtec.cat\/ceipenricfarreny\/wp-content\/uploads\/usu137\/2026\/04\/WhatsApp-Image-2026-04-27-at-12.10.23-9.jpeg 1200w\" sizes=\"auto, (max-width: 225px) 100vw, 225px\" \/><\/a>\n\t\t\t<\/dt><\/dl><dl class='gallery-item'>\n\t\t\t<dt class='gallery-icon portrait'>\n\t\t\t\t<a href='https:\/\/agora.xtec.cat\/ceipenricfarreny\/general\/concerts-dinstruments-balls-i-actuacions-diverses-al-quinart-26\/attachment\/whatsapp-image-2026-04-27-at-12-10-24-1\/'><img loading=\"lazy\" decoding=\"async\" width=\"225\" height=\"300\" src=\"https:\/\/agora.xtec.cat\/ceipenricfarreny\/wp-content\/uploads\/usu137\/2026\/04\/WhatsApp-Image-2026-04-27-at-12.10.24-1-225x300.jpeg\" class=\"attachment-medium size-medium\" alt=\"\" srcset=\"https:\/\/agora.xtec.cat\/ceipenricfarreny\/wp-content\/uploads\/usu137\/2026\/04\/WhatsApp-Image-2026-04-27-at-12.10.24-1-225x300.jpeg 225w, https:\/\/agora.xtec.cat\/ceipenricfarreny\/wp-content\/uploads\/usu137\/2026\/04\/WhatsApp-Image-2026-04-27-at-12.10.24-1-768x1024.jpeg 768w, https:\/\/agora.xtec.cat\/ceipenricfarreny\/wp-content\/uploads\/usu137\/2026\/04\/WhatsApp-Image-2026-04-27-at-12.10.24-1-1152x1536.jpeg 1152w, https:\/\/agora.xtec.cat\/ceipenricfarreny\/wp-content\/uploads\/usu137\/2026\/04\/WhatsApp-Image-2026-04-27-at-12.10.24-1.jpeg 1200w\" sizes=\"auto, (max-width: 225px) 100vw, 225px\" \/><\/a>\n\t\t\t<\/dt><\/dl><dl class='gallery-item'>\n\t\t\t<dt class='gallery-icon landscape'>\n\t\t\t\t<a href='https:\/\/agora.xtec.cat\/ceipenricfarreny\/general\/concerts-dinstruments-balls-i-actuacions-diverses-al-quinart-26\/attachment\/whatsapp-image-2026-04-27-at-12-10-24-2\/'><img loading=\"lazy\" decoding=\"async\" width=\"300\" height=\"225\" src=\"https:\/\/agora.xtec.cat\/ceipenricfarreny\/wp-content\/uploads\/usu137\/2026\/04\/WhatsApp-Image-2026-04-27-at-12.10.24-2-300x225.jpeg\" class=\"attachment-medium size-medium\" alt=\"\" srcset=\"https:\/\/agora.xtec.cat\/ceipenricfarreny\/wp-content\/uploads\/usu137\/2026\/04\/WhatsApp-Image-2026-04-27-at-12.10.24-2-300x225.jpeg 300w, https:\/\/agora.xtec.cat\/ceipenricfarreny\/wp-content\/uploads\/usu137\/2026\/04\/WhatsApp-Image-2026-04-27-at-12.10.24-2-1024x768.jpeg 1024w, https:\/\/agora.xtec.cat\/ceipenricfarreny\/wp-content\/uploads\/usu137\/2026\/04\/WhatsApp-Image-2026-04-27-at-12.10.24-2-768x576.jpeg 768w, https:\/\/agora.xtec.cat\/ceipenricfarreny\/wp-content\/uploads\/usu137\/2026\/04\/WhatsApp-Image-2026-04-27-at-12.10.24-2-1536x1152.jpeg 1536w, https:\/\/agora.xtec.cat\/ceipenricfarreny\/wp-content\/uploads\/usu137\/2026\/04\/WhatsApp-Image-2026-04-27-at-12.10.24-2-200x150.jpeg 200w, https:\/\/agora.xtec.cat\/ceipenricfarreny\/wp-content\/uploads\/usu137\/2026\/04\/WhatsApp-Image-2026-04-27-at-12.10.24-2.jpeg 1600w\" sizes=\"auto, (max-width: 300px) 100vw, 300px\" \/><\/a>\n\t\t\t<\/dt><\/dl><br style=\"clear: both\" \/><dl class='gallery-item'>\n\t\t\t<dt class='gallery-icon portrait'>\n\t\t\t\t<a href='https:\/\/agora.xtec.cat\/ceipenricfarreny\/general\/concerts-dinstruments-balls-i-actuacions-diverses-al-quinart-26\/attachment\/whatsapp-image-2026-04-27-at-12-10-24-5\/'><img loading=\"lazy\" decoding=\"async\" width=\"225\" height=\"300\" src=\"https:\/\/agora.xtec.cat\/ceipenricfarreny\/wp-content\/uploads\/usu137\/2026\/04\/WhatsApp-Image-2026-04-27-at-12.10.24-5-225x300.jpeg\" class=\"attachment-medium size-medium\" alt=\"\" srcset=\"https:\/\/agora.xtec.cat\/ceipenricfarreny\/wp-content\/uploads\/usu137\/2026\/04\/WhatsApp-Image-2026-04-27-at-12.10.24-5-225x300.jpeg 225w, https:\/\/agora.xtec.cat\/ceipenricfarreny\/wp-content\/uploads\/usu137\/2026\/04\/WhatsApp-Image-2026-04-27-at-12.10.24-5-768x1024.jpeg 768w, https:\/\/agora.xtec.cat\/ceipenricfarreny\/wp-content\/uploads\/usu137\/2026\/04\/WhatsApp-Image-2026-04-27-at-12.10.24-5-1152x1536.jpeg 1152w, https:\/\/agora.xtec.cat\/ceipenricfarreny\/wp-content\/uploads\/usu137\/2026\/04\/WhatsApp-Image-2026-04-27-at-12.10.24-5.jpeg 1200w\" sizes=\"auto, (max-width: 225px) 100vw, 225px\" \/><\/a>\n\t\t\t<\/dt><\/dl><dl class='gallery-item'>\n\t\t\t<dt class='gallery-icon portrait'>\n\t\t\t\t<a href='https:\/\/agora.xtec.cat\/ceipenricfarreny\/general\/concerts-dinstruments-balls-i-actuacions-diverses-al-quinart-26\/attachment\/whatsapp-image-2026-04-27-at-12-10-24-6\/'><img loading=\"lazy\" decoding=\"async\" width=\"225\" height=\"300\" src=\"https:\/\/agora.xtec.cat\/ceipenricfarreny\/wp-content\/uploads\/usu137\/2026\/04\/WhatsApp-Image-2026-04-27-at-12.10.24-6-225x300.jpeg\" class=\"attachment-medium size-medium\" alt=\"\" srcset=\"https:\/\/agora.xtec.cat\/ceipenricfarreny\/wp-content\/uploads\/usu137\/2026\/04\/WhatsApp-Image-2026-04-27-at-12.10.24-6-225x300.jpeg 225w, https:\/\/agora.xtec.cat\/ceipenricfarreny\/wp-content\/uploads\/usu137\/2026\/04\/WhatsApp-Image-2026-04-27-at-12.10.24-6-768x1024.jpeg 768w, https:\/\/agora.xtec.cat\/ceipenricfarreny\/wp-content\/uploads\/usu137\/2026\/04\/WhatsApp-Image-2026-04-27-at-12.10.24-6-1152x1536.jpeg 1152w, https:\/\/agora.xtec.cat\/ceipenricfarreny\/wp-content\/uploads\/usu137\/2026\/04\/WhatsApp-Image-2026-04-27-at-12.10.24-6.jpeg 1200w\" sizes=\"auto, (max-width: 225px) 100vw, 225px\" \/><\/a>\n\t\t\t<\/dt><\/dl><dl class='gallery-item'>\n\t\t\t<dt class='gallery-icon landscape'>\n\t\t\t\t<a href='https:\/\/agora.xtec.cat\/ceipenricfarreny\/general\/concerts-dinstruments-balls-i-actuacions-diverses-al-quinart-26\/attachment\/whatsapp-image-2026-04-27-at-12-10-24-9\/'><img loading=\"lazy\" decoding=\"async\" width=\"300\" height=\"169\" src=\"https:\/\/agora.xtec.cat\/ceipenricfarreny\/wp-content\/uploads\/usu137\/2026\/04\/WhatsApp-Image-2026-04-27-at-12.10.24-9-300x169.jpeg\" class=\"attachment-medium size-medium\" alt=\"\" srcset=\"https:\/\/agora.xtec.cat\/ceipenricfarreny\/wp-content\/uploads\/usu137\/2026\/04\/WhatsApp-Image-2026-04-27-at-12.10.24-9-300x169.jpeg 300w, https:\/\/agora.xtec.cat\/ceipenricfarreny\/wp-content\/uploads\/usu137\/2026\/04\/WhatsApp-Image-2026-04-27-at-12.10.24-9-1024x576.jpeg 1024w, https:\/\/agora.xtec.cat\/ceipenricfarreny\/wp-content\/uploads\/usu137\/2026\/04\/WhatsApp-Image-2026-04-27-at-12.10.24-9-768x432.jpeg 768w, https:\/\/agora.xtec.cat\/ceipenricfarreny\/wp-content\/uploads\/usu137\/2026\/04\/WhatsApp-Image-2026-04-27-at-12.10.24-9-1536x864.jpeg 1536w, https:\/\/agora.xtec.cat\/ceipenricfarreny\/wp-content\/uploads\/usu137\/2026\/04\/WhatsApp-Image-2026-04-27-at-12.10.24-9.jpeg 1600w\" sizes=\"auto, (max-width: 300px) 100vw, 300px\" \/><\/a>\n\t\t\t<\/dt><\/dl><dl class='gallery-item'>\n\t\t\t<dt class='gallery-icon landscape'>\n\t\t\t\t<a href='https:\/\/agora.xtec.cat\/ceipenricfarreny\/general\/concerts-dinstruments-balls-i-actuacions-diverses-al-quinart-26\/attachment\/whatsapp-image-2026-04-27-at-12-10-25-1\/'><img loading=\"lazy\" decoding=\"async\" width=\"300\" height=\"169\" src=\"https:\/\/agora.xtec.cat\/ceipenricfarreny\/wp-content\/uploads\/usu137\/2026\/04\/WhatsApp-Image-2026-04-27-at-12.10.25-1-300x169.jpeg\" class=\"attachment-medium size-medium\" alt=\"\" srcset=\"https:\/\/agora.xtec.cat\/ceipenricfarreny\/wp-content\/uploads\/usu137\/2026\/04\/WhatsApp-Image-2026-04-27-at-12.10.25-1-300x169.jpeg 300w, https:\/\/agora.xtec.cat\/ceipenricfarreny\/wp-content\/uploads\/usu137\/2026\/04\/WhatsApp-Image-2026-04-27-at-12.10.25-1-1024x576.jpeg 1024w, https:\/\/agora.xtec.cat\/ceipenricfarreny\/wp-content\/uploads\/usu137\/2026\/04\/WhatsApp-Image-2026-04-27-at-12.10.25-1-768x432.jpeg 768w, https:\/\/agora.xtec.cat\/ceipenricfarreny\/wp-content\/uploads\/usu137\/2026\/04\/WhatsApp-Image-2026-04-27-at-12.10.25-1-1536x864.jpeg 1536w, https:\/\/agora.xtec.cat\/ceipenricfarreny\/wp-content\/uploads\/usu137\/2026\/04\/WhatsApp-Image-2026-04-27-at-12.10.25-1.jpeg 1600w\" sizes=\"auto, (max-width: 300px) 100vw, 300px\" \/><\/a>\n\t\t\t<\/dt><\/dl><br style=\"clear: both\" \/><dl class='gallery-item'>\n\t\t\t<dt class='gallery-icon landscape'>\n\t\t\t\t<a href='https:\/\/agora.xtec.cat\/ceipenricfarreny\/general\/concerts-dinstruments-balls-i-actuacions-diverses-al-quinart-26\/attachment\/whatsapp-image-2026-04-27-at-12-10-25-3\/'><img loading=\"lazy\" decoding=\"async\" width=\"300\" height=\"169\" src=\"https:\/\/agora.xtec.cat\/ceipenricfarreny\/wp-content\/uploads\/usu137\/2026\/04\/WhatsApp-Image-2026-04-27-at-12.10.25-3-300x169.jpeg\" class=\"attachment-medium size-medium\" alt=\"\" srcset=\"https:\/\/agora.xtec.cat\/ceipenricfarreny\/wp-content\/uploads\/usu137\/2026\/04\/WhatsApp-Image-2026-04-27-at-12.10.25-3-300x169.jpeg 300w, https:\/\/agora.xtec.cat\/ceipenricfarreny\/wp-content\/uploads\/usu137\/2026\/04\/WhatsApp-Image-2026-04-27-at-12.10.25-3-1024x576.jpeg 1024w, https:\/\/agora.xtec.cat\/ceipenricfarreny\/wp-content\/uploads\/usu137\/2026\/04\/WhatsApp-Image-2026-04-27-at-12.10.25-3-768x432.jpeg 768w, https:\/\/agora.xtec.cat\/ceipenricfarreny\/wp-content\/uploads\/usu137\/2026\/04\/WhatsApp-Image-2026-04-27-at-12.10.25-3-1536x864.jpeg 1536w, https:\/\/agora.xtec.cat\/ceipenricfarreny\/wp-content\/uploads\/usu137\/2026\/04\/WhatsApp-Image-2026-04-27-at-12.10.25-3.jpeg 1600w\" sizes=\"auto, (max-width: 300px) 100vw, 300px\" \/><\/a>\n\t\t\t<\/dt><\/dl><dl class='gallery-item'>\n\t\t\t<dt class='gallery-icon landscape'>\n\t\t\t\t<a href='https:\/\/agora.xtec.cat\/ceipenricfarreny\/general\/concerts-dinstruments-balls-i-actuacions-diverses-al-quinart-26\/attachment\/whatsapp-image-2026-04-27-at-12-10-25-5\/'><img loading=\"lazy\" decoding=\"async\" width=\"300\" height=\"225\" src=\"https:\/\/agora.xtec.cat\/ceipenricfarreny\/wp-content\/uploads\/usu137\/2026\/04\/WhatsApp-Image-2026-04-27-at-12.10.25-5-300x225.jpeg\" class=\"attachment-medium size-medium\" alt=\"\" srcset=\"https:\/\/agora.xtec.cat\/ceipenricfarreny\/wp-content\/uploads\/usu137\/2026\/04\/WhatsApp-Image-2026-04-27-at-12.10.25-5-300x225.jpeg 300w, https:\/\/agora.xtec.cat\/ceipenricfarreny\/wp-content\/uploads\/usu137\/2026\/04\/WhatsApp-Image-2026-04-27-at-12.10.25-5-1024x768.jpeg 1024w, https:\/\/agora.xtec.cat\/ceipenricfarreny\/wp-content\/uploads\/usu137\/2026\/04\/WhatsApp-Image-2026-04-27-at-12.10.25-5-768x576.jpeg 768w, https:\/\/agora.xtec.cat\/ceipenricfarreny\/wp-content\/uploads\/usu137\/2026\/04\/WhatsApp-Image-2026-04-27-at-12.10.25-5-1536x1152.jpeg 1536w, https:\/\/agora.xtec.cat\/ceipenricfarreny\/wp-content\/uploads\/usu137\/2026\/04\/WhatsApp-Image-2026-04-27-at-12.10.25-5-200x150.jpeg 200w, https:\/\/agora.xtec.cat\/ceipenricfarreny\/wp-content\/uploads\/usu137\/2026\/04\/WhatsApp-Image-2026-04-27-at-12.10.25-5.jpeg 1600w\" sizes=\"auto, (max-width: 300px) 100vw, 300px\" \/><\/a>\n\t\t\t<\/dt><\/dl><dl class='gallery-item'>\n\t\t\t<dt class='gallery-icon landscape'>\n\t\t\t\t<a href='https:\/\/agora.xtec.cat\/ceipenricfarreny\/general\/concerts-dinstruments-balls-i-actuacions-diverses-al-quinart-26\/attachment\/whatsapp-image-2026-04-27-at-12-10-25-8\/'><img loading=\"lazy\" decoding=\"async\" width=\"300\" height=\"225\" src=\"https:\/\/agora.xtec.cat\/ceipenricfarreny\/wp-content\/uploads\/usu137\/2026\/04\/WhatsApp-Image-2026-04-27-at-12.10.25-8-300x225.jpeg\" class=\"attachment-medium size-medium\" alt=\"\" srcset=\"https:\/\/agora.xtec.cat\/ceipenricfarreny\/wp-content\/uploads\/usu137\/2026\/04\/WhatsApp-Image-2026-04-27-at-12.10.25-8-300x225.jpeg 300w, https:\/\/agora.xtec.cat\/ceipenricfarreny\/wp-content\/uploads\/usu137\/2026\/04\/WhatsApp-Image-2026-04-27-at-12.10.25-8-1024x768.jpeg 1024w, https:\/\/agora.xtec.cat\/ceipenricfarreny\/wp-content\/uploads\/usu137\/2026\/04\/WhatsApp-Image-2026-04-27-at-12.10.25-8-768x576.jpeg 768w, https:\/\/agora.xtec.cat\/ceipenricfarreny\/wp-content\/uploads\/usu137\/2026\/04\/WhatsApp-Image-2026-04-27-at-12.10.25-8-1536x1152.jpeg 1536w, https:\/\/agora.xtec.cat\/ceipenricfarreny\/wp-content\/uploads\/usu137\/2026\/04\/WhatsApp-Image-2026-04-27-at-12.10.25-8-200x150.jpeg 200w, https:\/\/agora.xtec.cat\/ceipenricfarreny\/wp-content\/uploads\/usu137\/2026\/04\/WhatsApp-Image-2026-04-27-at-12.10.25-8.jpeg 1600w\" sizes=\"auto, (max-width: 300px) 100vw, 300px\" \/><\/a>\n\t\t\t<\/dt><\/dl><dl class='gallery-item'>\n\t\t\t<dt class='gallery-icon landscape'>\n\t\t\t\t<a href='https:\/\/agora.xtec.cat\/ceipenricfarreny\/general\/concerts-dinstruments-balls-i-actuacions-diverses-al-quinart-26\/attachment\/whatsapp-image-2026-04-27-at-12-10-26\/'><img loading=\"lazy\" decoding=\"async\" width=\"300\" height=\"169\" src=\"https:\/\/agora.xtec.cat\/ceipenricfarreny\/wp-content\/uploads\/usu137\/2026\/04\/WhatsApp-Image-2026-04-27-at-12.10.26-300x169.jpeg\" class=\"attachment-medium size-medium\" alt=\"\" srcset=\"https:\/\/agora.xtec.cat\/ceipenricfarreny\/wp-content\/uploads\/usu137\/2026\/04\/WhatsApp-Image-2026-04-27-at-12.10.26-300x169.jpeg 300w, https:\/\/agora.xtec.cat\/ceipenricfarreny\/wp-content\/uploads\/usu137\/2026\/04\/WhatsApp-Image-2026-04-27-at-12.10.26-1024x576.jpeg 1024w, https:\/\/agora.xtec.cat\/ceipenricfarreny\/wp-content\/uploads\/usu137\/2026\/04\/WhatsApp-Image-2026-04-27-at-12.10.26-768x432.jpeg 768w, https:\/\/agora.xtec.cat\/ceipenricfarreny\/wp-content\/uploads\/usu137\/2026\/04\/WhatsApp-Image-2026-04-27-at-12.10.26-1536x864.jpeg 1536w, https:\/\/agora.xtec.cat\/ceipenricfarreny\/wp-content\/uploads\/usu137\/2026\/04\/WhatsApp-Image-2026-04-27-at-12.10.26.jpeg 1600w\" sizes=\"auto, (max-width: 300px) 100vw, 300px\" \/><\/a>\n\t\t\t<\/dt><\/dl><br style=\"clear: both\" \/>\n\t\t<\/div>\n\n","protected":false},"excerpt":{"rendered":"<p>XI Jornades QuinART: talent, escenari i emoci\u00f3 compartida&hellip;  <a href=\"https:\/\/agora.xtec.cat\/ceipenricfarreny\/general\/concerts-dinstruments-balls-i-actuacions-diverses-al-quinart-26\/\" title=\"Read Concerts d&#8217;instruments, balls i actuacions diverses al QuinArt &#8217;26\">Llegeix m\u00e9s\u00bb<\/a><\/p>\n","protected":false},"author":3,"featured_media":29607,"comment_status":"open","ping_status":"open","sticky":false,"template":"","format":"standard","meta":{"_bbp_topic_count":0,"_bbp_reply_count":0,"_bbp_total_topic_count":0,"_bbp_total_reply_count":0,"_bbp_voice_count":0,"_bbp_anonymous_reply_count":0,"_bbp_topic_count_hidden":0,"_bbp_reply_count_hidden":0,"_bbp_forum_subforum_count":0,"footnotes":""},"categories":[50,46,47,48,1,45,4,5,51,161],"tags":[],"class_list":["post-29588","post","type-post","status-publish","format-standard","has-post-thumbnail","hentry","category-celebracions","category-cicle-inicial","category-cicle-mitja","category-cicle-superior","category-general","category-intercomprensio","category-portada","category-primaria","category-projectes","category-quin-art"],"post_mailing_queue_ids":[],"_links":{"self":[{"href":"https:\/\/agora.xtec.cat\/ceipenricfarreny\/wp-json\/wp\/v2\/posts\/29588","targetHints":{"allow":["GET"]}}],"collection":[{"href":"https:\/\/agora.xtec.cat\/ceipenricfarreny\/wp-json\/wp\/v2\/posts"}],"about":[{"href":"https:\/\/agora.xtec.cat\/ceipenricfarreny\/wp-json\/wp\/v2\/types\/post"}],"author":[{"embeddable":true,"href":"https:\/\/agora.xtec.cat\/ceipenricfarreny\/wp-json\/wp\/v2\/users\/3"}],"replies":[{"embeddable":true,"href":"https:\/\/agora.xtec.cat\/ceipenricfarreny\/wp-json\/wp\/v2\/comments?post=29588"}],"version-history":[{"count":4,"href":"https:\/\/agora.xtec.cat\/ceipenricfarreny\/wp-json\/wp\/v2\/posts\/29588\/revisions"}],"predecessor-version":[{"id":29628,"href":"https:\/\/agora.xtec.cat\/ceipenricfarreny\/wp-json\/wp\/v2\/posts\/29588\/revisions\/29628"}],"wp:featuredmedia":[{"embeddable":true,"href":"https:\/\/agora.xtec.cat\/ceipenricfarreny\/wp-json\/wp\/v2\/media\/29607"}],"wp:attachment":[{"href":"https:\/\/agora.xtec.cat\/ceipenricfarreny\/wp-json\/wp\/v2\/media?parent=29588"}],"wp:term":[{"taxonomy":"category","embeddable":true,"href":"https:\/\/agora.xtec.cat\/ceipenricfarreny\/wp-json\/wp\/v2\/categories?post=29588"},{"taxonomy":"post_tag","embeddable":true,"href":"https:\/\/agora.xtec.cat\/ceipenricfarreny\/wp-json\/wp\/v2\/tags?post=29588"}],"curies":[{"name":"wp","href":"https:\/\/api.w.org\/{rel}","templated":true}]}}