{"id":29564,"date":"2026-04-27T11:54:19","date_gmt":"2026-04-27T09:54:19","guid":{"rendered":"https:\/\/agora.xtec.cat\/ceipenricfarreny\/?p=29564"},"modified":"2026-04-27T12:30:52","modified_gmt":"2026-04-27T10:30:52","slug":"concert-de-la-coral-del-maria-rubies-a-lescola","status":"publish","type":"post","link":"https:\/\/agora.xtec.cat\/ceipenricfarreny\/general\/concert-de-la-coral-del-maria-rubies-a-lescola\/","title":{"rendered":"Concert de la Coral del Maria R\u00fabies a l&#8217;escola"},"content":{"rendered":"<p data-start=\"54\" data-end=\"285\">Divendres 24 d&#8217;abril vam tenir el plaer de rebre la visita de la coral de l\u2019<strong data-start=\"115\" data-end=\"140\">Institut Maria R\u00fabies<\/strong>, amb la participaci\u00f3 d\u2019antics alumnes del nostre centre, en un concert que ens va fer gaudir de la m\u00fasica en directe d\u2019una manera molt especial.<\/p>\n<p data-start=\"287\" data-end=\"684\">Ens van interpretar un repertori variat i molt proper a l\u2019alumnat, amb can\u00e7ons d\u2019<em data-start=\"368\" data-end=\"386\">El Petit Pr\u00edncep<\/em>, <span class=\"hover:entity-accent entity-underline inline cursor-pointer align-baseline\"><span class=\"whitespace-normal\">Oques Grasses<\/span><\/span> i <span class=\"hover:entity-accent entity-underline inline cursor-pointer align-baseline\"><span class=\"whitespace-normal\">La F\u00famiga<\/span><\/span>, que van connectar r\u00e0pidament amb l&#8217;alumnat. A m\u00e9s, vam poder escoltar dues peces al <strong>piano<\/strong>, un instrument que treballen dins l\u2019\u00e0rea de m\u00fasica a l\u2019institut, mostrant aix\u00ed la continu\u00eftat del treball musical entre etapes.<\/p>\n<p data-start=\"686\" data-end=\"917\">L\u2019acte va comen\u00e7ar amb una c\u00e0lida benvinguda per part de l\u2019<strong>alumnat de 5\u00e8<\/strong> de la nostra escola, que va interpretar una pe\u00e7a d\u2019<span class=\"hover:entity-accent entity-underline inline cursor-pointer align-baseline\"><span class=\"whitespace-normal\">ABBA<\/span><\/span> amb la <strong>flauta dol\u00e7a<\/strong>, creant un ambient musical des del primer moment.<\/p>\n<p data-start=\"919\" data-end=\"1106\" data-is-last-node=\"\" data-is-only-node=\"\">Va estar una experi\u00e8ncia molt enriquidora, plena de m\u00fasica, emoci\u00f3 i retrobaments. Gr\u00e0cies a l\u2019Institut Maria R\u00fabies per venir un any m\u00e9s i per regalar-nos aquesta estona tan especial!<\/p>\n\n\t\t<style type=\"text\/css\">\n\t\t\t#gallery-1 {\n\t\t\t\tmargin: auto;\n\t\t\t}\n\t\t\t#gallery-1 .gallery-item {\n\t\t\t\tfloat: left;\n\t\t\t\tmargin-top: 10px;\n\t\t\t\ttext-align: center;\n\t\t\t\twidth: 25%;\n\t\t\t}\n\t\t\t#gallery-1 img {\n\t\t\t\tborder: 2px solid #cfcfcf;\n\t\t\t}\n\t\t\t#gallery-1 .gallery-caption {\n\t\t\t\tmargin-left: 0;\n\t\t\t}\n\t\t\t\/* see gallery_shortcode() in wp-includes\/media.php *\/\n\t\t<\/style>\n\t\t<div id='gallery-1' class='gallery galleryid-29564 gallery-columns-4 gallery-size-medium'><dl class='gallery-item'>\n\t\t\t<dt class='gallery-icon landscape'>\n\t\t\t\t<a href='https:\/\/agora.xtec.cat\/ceipenricfarreny\/general\/concert-de-la-coral-del-maria-rubies-a-lescola\/attachment\/whatsapp-image-2026-04-27-at-11-40-11\/'><img loading=\"lazy\" decoding=\"async\" width=\"300\" height=\"225\" src=\"https:\/\/agora.xtec.cat\/ceipenricfarreny\/wp-content\/uploads\/usu137\/2026\/04\/WhatsApp-Image-2026-04-27-at-11.40.11-300x225.jpeg\" class=\"attachment-medium size-medium\" alt=\"\" srcset=\"https:\/\/agora.xtec.cat\/ceipenricfarreny\/wp-content\/uploads\/usu137\/2026\/04\/WhatsApp-Image-2026-04-27-at-11.40.11-300x225.jpeg 300w, https:\/\/agora.xtec.cat\/ceipenricfarreny\/wp-content\/uploads\/usu137\/2026\/04\/WhatsApp-Image-2026-04-27-at-11.40.11-1024x768.jpeg 1024w, https:\/\/agora.xtec.cat\/ceipenricfarreny\/wp-content\/uploads\/usu137\/2026\/04\/WhatsApp-Image-2026-04-27-at-11.40.11-768x576.jpeg 768w, https:\/\/agora.xtec.cat\/ceipenricfarreny\/wp-content\/uploads\/usu137\/2026\/04\/WhatsApp-Image-2026-04-27-at-11.40.11-1536x1152.jpeg 1536w, https:\/\/agora.xtec.cat\/ceipenricfarreny\/wp-content\/uploads\/usu137\/2026\/04\/WhatsApp-Image-2026-04-27-at-11.40.11-200x150.jpeg 200w, https:\/\/agora.xtec.cat\/ceipenricfarreny\/wp-content\/uploads\/usu137\/2026\/04\/WhatsApp-Image-2026-04-27-at-11.40.11.jpeg 2048w\" sizes=\"auto, (max-width: 300px) 100vw, 300px\" \/><\/a>\n\t\t\t<\/dt><\/dl><dl class='gallery-item'>\n\t\t\t<dt class='gallery-icon landscape'>\n\t\t\t\t<a href='https:\/\/agora.xtec.cat\/ceipenricfarreny\/general\/concert-de-la-coral-del-maria-rubies-a-lescola\/attachment\/whatsapp-image-2026-04-27-at-11-40-12-1\/'><img loading=\"lazy\" decoding=\"async\" width=\"300\" height=\"169\" src=\"https:\/\/agora.xtec.cat\/ceipenricfarreny\/wp-content\/uploads\/usu137\/2026\/04\/WhatsApp-Image-2026-04-27-at-11.40.12-1-300x169.jpeg\" class=\"attachment-medium size-medium\" alt=\"\" srcset=\"https:\/\/agora.xtec.cat\/ceipenricfarreny\/wp-content\/uploads\/usu137\/2026\/04\/WhatsApp-Image-2026-04-27-at-11.40.12-1-300x169.jpeg 300w, https:\/\/agora.xtec.cat\/ceipenricfarreny\/wp-content\/uploads\/usu137\/2026\/04\/WhatsApp-Image-2026-04-27-at-11.40.12-1-1024x576.jpeg 1024w, https:\/\/agora.xtec.cat\/ceipenricfarreny\/wp-content\/uploads\/usu137\/2026\/04\/WhatsApp-Image-2026-04-27-at-11.40.12-1-768x432.jpeg 768w, https:\/\/agora.xtec.cat\/ceipenricfarreny\/wp-content\/uploads\/usu137\/2026\/04\/WhatsApp-Image-2026-04-27-at-11.40.12-1-1536x864.jpeg 1536w, https:\/\/agora.xtec.cat\/ceipenricfarreny\/wp-content\/uploads\/usu137\/2026\/04\/WhatsApp-Image-2026-04-27-at-11.40.12-1.jpeg 2048w\" sizes=\"auto, (max-width: 300px) 100vw, 300px\" \/><\/a>\n\t\t\t<\/dt><\/dl><dl class='gallery-item'>\n\t\t\t<dt class='gallery-icon landscape'>\n\t\t\t\t<a href='https:\/\/agora.xtec.cat\/ceipenricfarreny\/general\/concert-de-la-coral-del-maria-rubies-a-lescola\/attachment\/whatsapp-image-2026-04-27-at-11-40-44-1\/'><img loading=\"lazy\" decoding=\"async\" width=\"300\" height=\"169\" src=\"https:\/\/agora.xtec.cat\/ceipenricfarreny\/wp-content\/uploads\/usu137\/2026\/04\/WhatsApp-Image-2026-04-27-at-11.40.44-1-300x169.jpeg\" class=\"attachment-medium size-medium\" alt=\"\" srcset=\"https:\/\/agora.xtec.cat\/ceipenricfarreny\/wp-content\/uploads\/usu137\/2026\/04\/WhatsApp-Image-2026-04-27-at-11.40.44-1-300x169.jpeg 300w, https:\/\/agora.xtec.cat\/ceipenricfarreny\/wp-content\/uploads\/usu137\/2026\/04\/WhatsApp-Image-2026-04-27-at-11.40.44-1-1024x576.jpeg 1024w, https:\/\/agora.xtec.cat\/ceipenricfarreny\/wp-content\/uploads\/usu137\/2026\/04\/WhatsApp-Image-2026-04-27-at-11.40.44-1-768x432.jpeg 768w, https:\/\/agora.xtec.cat\/ceipenricfarreny\/wp-content\/uploads\/usu137\/2026\/04\/WhatsApp-Image-2026-04-27-at-11.40.44-1-1536x864.jpeg 1536w, https:\/\/agora.xtec.cat\/ceipenricfarreny\/wp-content\/uploads\/usu137\/2026\/04\/WhatsApp-Image-2026-04-27-at-11.40.44-1.jpeg 2048w\" sizes=\"auto, (max-width: 300px) 100vw, 300px\" \/><\/a>\n\t\t\t<\/dt><\/dl><dl class='gallery-item'>\n\t\t\t<dt class='gallery-icon landscape'>\n\t\t\t\t<a href='https:\/\/agora.xtec.cat\/ceipenricfarreny\/general\/concert-de-la-coral-del-maria-rubies-a-lescola\/attachment\/whatsapp-image-2026-04-27-at-11-40-32\/'><img loading=\"lazy\" decoding=\"async\" width=\"300\" height=\"169\" src=\"https:\/\/agora.xtec.cat\/ceipenricfarreny\/wp-content\/uploads\/usu137\/2026\/04\/WhatsApp-Image-2026-04-27-at-11.40.32-300x169.jpeg\" class=\"attachment-medium size-medium\" alt=\"\" srcset=\"https:\/\/agora.xtec.cat\/ceipenricfarreny\/wp-content\/uploads\/usu137\/2026\/04\/WhatsApp-Image-2026-04-27-at-11.40.32-300x169.jpeg 300w, https:\/\/agora.xtec.cat\/ceipenricfarreny\/wp-content\/uploads\/usu137\/2026\/04\/WhatsApp-Image-2026-04-27-at-11.40.32-1024x576.jpeg 1024w, https:\/\/agora.xtec.cat\/ceipenricfarreny\/wp-content\/uploads\/usu137\/2026\/04\/WhatsApp-Image-2026-04-27-at-11.40.32-768x432.jpeg 768w, https:\/\/agora.xtec.cat\/ceipenricfarreny\/wp-content\/uploads\/usu137\/2026\/04\/WhatsApp-Image-2026-04-27-at-11.40.32-1536x864.jpeg 1536w, https:\/\/agora.xtec.cat\/ceipenricfarreny\/wp-content\/uploads\/usu137\/2026\/04\/WhatsApp-Image-2026-04-27-at-11.40.32.jpeg 2048w\" sizes=\"auto, (max-width: 300px) 100vw, 300px\" \/><\/a>\n\t\t\t<\/dt><\/dl><br style=\"clear: both\" \/><dl class='gallery-item'>\n\t\t\t<dt class='gallery-icon landscape'>\n\t\t\t\t<a href='https:\/\/agora.xtec.cat\/ceipenricfarreny\/general\/concert-de-la-coral-del-maria-rubies-a-lescola\/attachment\/whatsapp-image-2026-04-27-at-11-40-20\/'><img loading=\"lazy\" decoding=\"async\" width=\"300\" height=\"169\" src=\"https:\/\/agora.xtec.cat\/ceipenricfarreny\/wp-content\/uploads\/usu137\/2026\/04\/WhatsApp-Image-2026-04-27-at-11.40.20-300x169.jpeg\" class=\"attachment-medium size-medium\" alt=\"\" srcset=\"https:\/\/agora.xtec.cat\/ceipenricfarreny\/wp-content\/uploads\/usu137\/2026\/04\/WhatsApp-Image-2026-04-27-at-11.40.20-300x169.jpeg 300w, https:\/\/agora.xtec.cat\/ceipenricfarreny\/wp-content\/uploads\/usu137\/2026\/04\/WhatsApp-Image-2026-04-27-at-11.40.20-1024x576.jpeg 1024w, https:\/\/agora.xtec.cat\/ceipenricfarreny\/wp-content\/uploads\/usu137\/2026\/04\/WhatsApp-Image-2026-04-27-at-11.40.20-768x432.jpeg 768w, https:\/\/agora.xtec.cat\/ceipenricfarreny\/wp-content\/uploads\/usu137\/2026\/04\/WhatsApp-Image-2026-04-27-at-11.40.20-1536x864.jpeg 1536w, https:\/\/agora.xtec.cat\/ceipenricfarreny\/wp-content\/uploads\/usu137\/2026\/04\/WhatsApp-Image-2026-04-27-at-11.40.20.jpeg 2048w\" sizes=\"auto, (max-width: 300px) 100vw, 300px\" \/><\/a>\n\t\t\t<\/dt><\/dl><dl class='gallery-item'>\n\t\t\t<dt class='gallery-icon landscape'>\n\t\t\t\t<a href='https:\/\/agora.xtec.cat\/ceipenricfarreny\/general\/concert-de-la-coral-del-maria-rubies-a-lescola\/attachment\/whatsapp-image-2026-04-27-at-11-40-44\/'><img loading=\"lazy\" decoding=\"async\" width=\"300\" height=\"169\" src=\"https:\/\/agora.xtec.cat\/ceipenricfarreny\/wp-content\/uploads\/usu137\/2026\/04\/WhatsApp-Image-2026-04-27-at-11.40.44-300x169.jpeg\" class=\"attachment-medium size-medium\" alt=\"\" srcset=\"https:\/\/agora.xtec.cat\/ceipenricfarreny\/wp-content\/uploads\/usu137\/2026\/04\/WhatsApp-Image-2026-04-27-at-11.40.44-300x169.jpeg 300w, https:\/\/agora.xtec.cat\/ceipenricfarreny\/wp-content\/uploads\/usu137\/2026\/04\/WhatsApp-Image-2026-04-27-at-11.40.44-1024x576.jpeg 1024w, https:\/\/agora.xtec.cat\/ceipenricfarreny\/wp-content\/uploads\/usu137\/2026\/04\/WhatsApp-Image-2026-04-27-at-11.40.44-768x432.jpeg 768w, https:\/\/agora.xtec.cat\/ceipenricfarreny\/wp-content\/uploads\/usu137\/2026\/04\/WhatsApp-Image-2026-04-27-at-11.40.44-1536x864.jpeg 1536w, https:\/\/agora.xtec.cat\/ceipenricfarreny\/wp-content\/uploads\/usu137\/2026\/04\/WhatsApp-Image-2026-04-27-at-11.40.44.jpeg 2048w\" sizes=\"auto, (max-width: 300px) 100vw, 300px\" \/><\/a>\n\t\t\t<\/dt><\/dl><dl class='gallery-item'>\n\t\t\t<dt class='gallery-icon landscape'>\n\t\t\t\t<a href='https:\/\/agora.xtec.cat\/ceipenricfarreny\/general\/concert-de-la-coral-del-maria-rubies-a-lescola\/attachment\/whatsapp-image-2026-04-27-at-11-40-53\/'><img loading=\"lazy\" decoding=\"async\" width=\"300\" height=\"169\" src=\"https:\/\/agora.xtec.cat\/ceipenricfarreny\/wp-content\/uploads\/usu137\/2026\/04\/WhatsApp-Image-2026-04-27-at-11.40.53-e1777283378158-300x169.jpeg\" class=\"attachment-medium size-medium\" alt=\"\" srcset=\"https:\/\/agora.xtec.cat\/ceipenricfarreny\/wp-content\/uploads\/usu137\/2026\/04\/WhatsApp-Image-2026-04-27-at-11.40.53-e1777283378158-300x169.jpeg 300w, https:\/\/agora.xtec.cat\/ceipenricfarreny\/wp-content\/uploads\/usu137\/2026\/04\/WhatsApp-Image-2026-04-27-at-11.40.53-e1777283378158-1024x576.jpeg 1024w, https:\/\/agora.xtec.cat\/ceipenricfarreny\/wp-content\/uploads\/usu137\/2026\/04\/WhatsApp-Image-2026-04-27-at-11.40.53-e1777283378158-768x432.jpeg 768w, https:\/\/agora.xtec.cat\/ceipenricfarreny\/wp-content\/uploads\/usu137\/2026\/04\/WhatsApp-Image-2026-04-27-at-11.40.53-e1777283378158-1536x864.jpeg 1536w, https:\/\/agora.xtec.cat\/ceipenricfarreny\/wp-content\/uploads\/usu137\/2026\/04\/WhatsApp-Image-2026-04-27-at-11.40.53-e1777283378158.jpeg 2045w\" sizes=\"auto, (max-width: 300px) 100vw, 300px\" \/><\/a>\n\t\t\t<\/dt><\/dl><dl class='gallery-item'>\n\t\t\t<dt class='gallery-icon landscape'>\n\t\t\t\t<a href='https:\/\/agora.xtec.cat\/ceipenricfarreny\/general\/concert-de-la-coral-del-maria-rubies-a-lescola\/attachment\/whatsapp-image-2026-04-27-at-11-40-57\/'><img loading=\"lazy\" decoding=\"async\" width=\"300\" height=\"169\" src=\"https:\/\/agora.xtec.cat\/ceipenricfarreny\/wp-content\/uploads\/usu137\/2026\/04\/WhatsApp-Image-2026-04-27-at-11.40.57-300x169.jpeg\" class=\"attachment-medium size-medium\" alt=\"\" srcset=\"https:\/\/agora.xtec.cat\/ceipenricfarreny\/wp-content\/uploads\/usu137\/2026\/04\/WhatsApp-Image-2026-04-27-at-11.40.57-300x169.jpeg 300w, https:\/\/agora.xtec.cat\/ceipenricfarreny\/wp-content\/uploads\/usu137\/2026\/04\/WhatsApp-Image-2026-04-27-at-11.40.57-1024x576.jpeg 1024w, https:\/\/agora.xtec.cat\/ceipenricfarreny\/wp-content\/uploads\/usu137\/2026\/04\/WhatsApp-Image-2026-04-27-at-11.40.57-768x432.jpeg 768w, https:\/\/agora.xtec.cat\/ceipenricfarreny\/wp-content\/uploads\/usu137\/2026\/04\/WhatsApp-Image-2026-04-27-at-11.40.57-1536x864.jpeg 1536w, https:\/\/agora.xtec.cat\/ceipenricfarreny\/wp-content\/uploads\/usu137\/2026\/04\/WhatsApp-Image-2026-04-27-at-11.40.57.jpeg 2048w\" sizes=\"auto, (max-width: 300px) 100vw, 300px\" \/><\/a>\n\t\t\t<\/dt><\/dl><br style=\"clear: both\" \/>\n\t\t<\/div>\n\n","protected":false},"excerpt":{"rendered":"<p>M\u00fasica compartida amb l\u2019Institut Maria R\u00fabies&hellip;  <a href=\"https:\/\/agora.xtec.cat\/ceipenricfarreny\/general\/concert-de-la-coral-del-maria-rubies-a-lescola\/\" title=\"Read Concert de la Coral del Maria R\u00fabies a l&#8217;escola\">Llegeix m\u00e9s\u00bb<\/a><\/p>\n","protected":false},"author":3,"featured_media":29578,"comment_status":"open","ping_status":"open","sticky":false,"template":"","format":"standard","meta":{"_bbp_topic_count":0,"_bbp_reply_count":0,"_bbp_total_topic_count":0,"_bbp_total_reply_count":0,"_bbp_voice_count":0,"_bbp_anonymous_reply_count":0,"_bbp_topic_count_hidden":0,"_bbp_reply_count_hidden":0,"_bbp_forum_subforum_count":0,"footnotes":""},"categories":[14,50,46,47,48,1,4,5,161],"tags":[],"class_list":["post-29564","post","type-post","status-publish","format-standard","has-post-thumbnail","hentry","category-5e","category-celebracions","category-cicle-inicial","category-cicle-mitja","category-cicle-superior","category-general","category-portada","category-primaria","category-quin-art"],"post_mailing_queue_ids":[],"_links":{"self":[{"href":"https:\/\/agora.xtec.cat\/ceipenricfarreny\/wp-json\/wp\/v2\/posts\/29564","targetHints":{"allow":["GET"]}}],"collection":[{"href":"https:\/\/agora.xtec.cat\/ceipenricfarreny\/wp-json\/wp\/v2\/posts"}],"about":[{"href":"https:\/\/agora.xtec.cat\/ceipenricfarreny\/wp-json\/wp\/v2\/types\/post"}],"author":[{"embeddable":true,"href":"https:\/\/agora.xtec.cat\/ceipenricfarreny\/wp-json\/wp\/v2\/users\/3"}],"replies":[{"embeddable":true,"href":"https:\/\/agora.xtec.cat\/ceipenricfarreny\/wp-json\/wp\/v2\/comments?post=29564"}],"version-history":[{"count":5,"href":"https:\/\/agora.xtec.cat\/ceipenricfarreny\/wp-json\/wp\/v2\/posts\/29564\/revisions"}],"predecessor-version":[{"id":29625,"href":"https:\/\/agora.xtec.cat\/ceipenricfarreny\/wp-json\/wp\/v2\/posts\/29564\/revisions\/29625"}],"wp:featuredmedia":[{"embeddable":true,"href":"https:\/\/agora.xtec.cat\/ceipenricfarreny\/wp-json\/wp\/v2\/media\/29578"}],"wp:attachment":[{"href":"https:\/\/agora.xtec.cat\/ceipenricfarreny\/wp-json\/wp\/v2\/media?parent=29564"}],"wp:term":[{"taxonomy":"category","embeddable":true,"href":"https:\/\/agora.xtec.cat\/ceipenricfarreny\/wp-json\/wp\/v2\/categories?post=29564"},{"taxonomy":"post_tag","embeddable":true,"href":"https:\/\/agora.xtec.cat\/ceipenricfarreny\/wp-json\/wp\/v2\/tags?post=29564"}],"curies":[{"name":"wp","href":"https:\/\/api.w.org\/{rel}","templated":true}]}}