{"id":29554,"date":"2026-04-27T11:13:36","date_gmt":"2026-04-27T09:13:36","guid":{"rendered":"https:\/\/agora.xtec.cat\/ceipenricfarreny\/?p=29554"},"modified":"2026-04-27T11:23:01","modified_gmt":"2026-04-27T09:23:01","slug":"descobrim-el-mon-casteller-a-lescola","status":"publish","type":"post","link":"https:\/\/agora.xtec.cat\/ceipenricfarreny\/general\/descobrim-el-mon-casteller-a-lescola\/","title":{"rendered":"Descobrim el m\u00f3n casteller a l\u2019escola"},"content":{"rendered":"<p>Dimecres i divendres de la setmana passada, vam tenir la sort de comptar amb la visita d\u2019una <strong>fam\u00edlia castellera<\/strong> de l&#8217;escola que ens ha apropat, de manera vivencial i molt propera, al fascinant m\u00f3n dels castells. El dimecres a la tarda, l\u2019activitat es va dur a terme amb l\u2019alumnat d\u2019Educaci\u00f3 Infantil i Cicle Inicial, i divendres va continuar amb Cicle Mitj\u00e0 i Cicle Superior, permetent que tot el centre pugui gaudir d\u2019aquesta experi\u00e8ncia.<\/p>\n<p>Durant la sessi\u00f3, els infants van poder descobrir qu\u00e8 s\u00f3n els castells, com s\u2019organitzen i quines parts els formen: la pinya, el tronc i el pom de dalt. Tamb\u00e9 van poder con\u00e8ixer qui forma part de la canalla i la import\u00e0ncia de cada rol dins la construcci\u00f3. A m\u00e9s, es van posar en valor els <strong>valors essencials del fet casteller<\/strong>, com el treball en equip, l\u2019esfor\u00e7, la solidaritat, la confian\u00e7a i el respecte.<\/p>\n<p>Un dels moments m\u00e9s especials ha estat poder veure tocar els <strong>instruments tradicionals<\/strong>, com la gralla i el tabal, i entendre com la m\u00fasica acompanya i guia els castells. Tamb\u00e9 han pogut con\u00e8ixer de prop la <strong>vestimenta castellera<\/strong>, descobrint com es col\u00b7loca la faixa, el mocador o la camisa, elements clau per a la seguretat i la identitat de la colla.<\/p>\n<p>Aquesta proposta s\u2019emmarca dins del projecte <strong>QuinArt<\/strong>\u00a0i ens permet connectar amb <strong>la cultura i les tradicions<\/strong> del nostre territori d\u2019una manera directa i significativa. Apropar el m\u00f3n casteller a l\u2019escola \u00e9s una oportunitat per treballar no nom\u00e9s continguts culturals, sin\u00f3 tamb\u00e9 habilitats socials i valors que formen part del creixement personal de l\u2019alumnat.<\/p>\n<p>Volem agrair sincerament a la fam\u00edlia de la Queralt de 3r la seva disponibilitat, proximitat i entusiasme per compartir amb nosaltres aquesta experi\u00e8ncia tan enriquidora. Ha estat un aut\u00e8ntic plaer aprendre amb vosaltres!<\/p>\n\n\t\t<style type=\"text\/css\">\n\t\t\t#gallery-1 {\n\t\t\t\tmargin: auto;\n\t\t\t}\n\t\t\t#gallery-1 .gallery-item {\n\t\t\t\tfloat: left;\n\t\t\t\tmargin-top: 10px;\n\t\t\t\ttext-align: center;\n\t\t\t\twidth: 33%;\n\t\t\t}\n\t\t\t#gallery-1 img {\n\t\t\t\tborder: 2px solid #cfcfcf;\n\t\t\t}\n\t\t\t#gallery-1 .gallery-caption {\n\t\t\t\tmargin-left: 0;\n\t\t\t}\n\t\t\t\/* see gallery_shortcode() in wp-includes\/media.php *\/\n\t\t<\/style>\n\t\t<div id='gallery-1' class='gallery galleryid-29554 gallery-columns-3 gallery-size-medium'><dl class='gallery-item'>\n\t\t\t<dt class='gallery-icon portrait'>\n\t\t\t\t<a href='https:\/\/agora.xtec.cat\/ceipenricfarreny\/general\/descobrim-el-mon-casteller-a-lescola\/attachment\/familia-llorens-07\/'><img loading=\"lazy\" decoding=\"async\" width=\"225\" height=\"300\" src=\"https:\/\/agora.xtec.cat\/ceipenricfarreny\/wp-content\/uploads\/usu137\/2026\/04\/Familia-Llorens-07-225x300.jpg\" class=\"attachment-medium size-medium\" alt=\"\" srcset=\"https:\/\/agora.xtec.cat\/ceipenricfarreny\/wp-content\/uploads\/usu137\/2026\/04\/Familia-Llorens-07-225x300.jpg 225w, https:\/\/agora.xtec.cat\/ceipenricfarreny\/wp-content\/uploads\/usu137\/2026\/04\/Familia-Llorens-07-768x1024.jpg 768w, https:\/\/agora.xtec.cat\/ceipenricfarreny\/wp-content\/uploads\/usu137\/2026\/04\/Familia-Llorens-07-1152x1536.jpg 1152w, https:\/\/agora.xtec.cat\/ceipenricfarreny\/wp-content\/uploads\/usu137\/2026\/04\/Familia-Llorens-07.jpg 1536w\" sizes=\"auto, (max-width: 225px) 100vw, 225px\" \/><\/a>\n\t\t\t<\/dt><\/dl><dl class='gallery-item'>\n\t\t\t<dt class='gallery-icon portrait'>\n\t\t\t\t<a href='https:\/\/agora.xtec.cat\/ceipenricfarreny\/general\/descobrim-el-mon-casteller-a-lescola\/attachment\/whatsapp-image-2026-04-27-at-11-00-03-4\/'><img loading=\"lazy\" decoding=\"async\" width=\"226\" height=\"300\" src=\"https:\/\/agora.xtec.cat\/ceipenricfarreny\/wp-content\/uploads\/usu137\/2026\/04\/WhatsApp-Image-2026-04-27-at-11.00.03-4-226x300.jpeg\" class=\"attachment-medium size-medium\" alt=\"\" srcset=\"https:\/\/agora.xtec.cat\/ceipenricfarreny\/wp-content\/uploads\/usu137\/2026\/04\/WhatsApp-Image-2026-04-27-at-11.00.03-4-226x300.jpeg 226w, https:\/\/agora.xtec.cat\/ceipenricfarreny\/wp-content\/uploads\/usu137\/2026\/04\/WhatsApp-Image-2026-04-27-at-11.00.03-4-771x1024.jpeg 771w, https:\/\/agora.xtec.cat\/ceipenricfarreny\/wp-content\/uploads\/usu137\/2026\/04\/WhatsApp-Image-2026-04-27-at-11.00.03-4-768x1021.jpeg 768w, https:\/\/agora.xtec.cat\/ceipenricfarreny\/wp-content\/uploads\/usu137\/2026\/04\/WhatsApp-Image-2026-04-27-at-11.00.03-4-1156x1536.jpeg 1156w, https:\/\/agora.xtec.cat\/ceipenricfarreny\/wp-content\/uploads\/usu137\/2026\/04\/WhatsApp-Image-2026-04-27-at-11.00.03-4.jpeg 1204w\" sizes=\"auto, (max-width: 226px) 100vw, 226px\" \/><\/a>\n\t\t\t<\/dt><\/dl><dl class='gallery-item'>\n\t\t\t<dt class='gallery-icon portrait'>\n\t\t\t\t<a href='https:\/\/agora.xtec.cat\/ceipenricfarreny\/general\/descobrim-el-mon-casteller-a-lescola\/attachment\/familia-llorens-04\/'><img loading=\"lazy\" decoding=\"async\" width=\"225\" height=\"300\" src=\"https:\/\/agora.xtec.cat\/ceipenricfarreny\/wp-content\/uploads\/usu137\/2026\/04\/Familia-Llorens-04-225x300.jpeg\" class=\"attachment-medium size-medium\" alt=\"\" srcset=\"https:\/\/agora.xtec.cat\/ceipenricfarreny\/wp-content\/uploads\/usu137\/2026\/04\/Familia-Llorens-04-225x300.jpeg 225w, https:\/\/agora.xtec.cat\/ceipenricfarreny\/wp-content\/uploads\/usu137\/2026\/04\/Familia-Llorens-04-768x1024.jpeg 768w, https:\/\/agora.xtec.cat\/ceipenricfarreny\/wp-content\/uploads\/usu137\/2026\/04\/Familia-Llorens-04-1152x1536.jpeg 1152w, https:\/\/agora.xtec.cat\/ceipenricfarreny\/wp-content\/uploads\/usu137\/2026\/04\/Familia-Llorens-04.jpeg 1536w\" sizes=\"auto, (max-width: 225px) 100vw, 225px\" \/><\/a>\n\t\t\t<\/dt><\/dl><br style=\"clear: both\" \/><dl class='gallery-item'>\n\t\t\t<dt class='gallery-icon landscape'>\n\t\t\t\t<a href='https:\/\/agora.xtec.cat\/ceipenricfarreny\/general\/descobrim-el-mon-casteller-a-lescola\/attachment\/familia-llorens-05\/'><img loading=\"lazy\" decoding=\"async\" width=\"300\" height=\"225\" src=\"https:\/\/agora.xtec.cat\/ceipenricfarreny\/wp-content\/uploads\/usu137\/2026\/04\/Familia-Llorens-05-300x225.jpeg\" class=\"attachment-medium size-medium\" alt=\"\" srcset=\"https:\/\/agora.xtec.cat\/ceipenricfarreny\/wp-content\/uploads\/usu137\/2026\/04\/Familia-Llorens-05-300x225.jpeg 300w, https:\/\/agora.xtec.cat\/ceipenricfarreny\/wp-content\/uploads\/usu137\/2026\/04\/Familia-Llorens-05-1024x768.jpeg 1024w, https:\/\/agora.xtec.cat\/ceipenricfarreny\/wp-content\/uploads\/usu137\/2026\/04\/Familia-Llorens-05-768x576.jpeg 768w, https:\/\/agora.xtec.cat\/ceipenricfarreny\/wp-content\/uploads\/usu137\/2026\/04\/Familia-Llorens-05-1536x1152.jpeg 1536w, https:\/\/agora.xtec.cat\/ceipenricfarreny\/wp-content\/uploads\/usu137\/2026\/04\/Familia-Llorens-05-200x150.jpeg 200w, https:\/\/agora.xtec.cat\/ceipenricfarreny\/wp-content\/uploads\/usu137\/2026\/04\/Familia-Llorens-05.jpeg 2048w\" sizes=\"auto, (max-width: 300px) 100vw, 300px\" \/><\/a>\n\t\t\t<\/dt><\/dl><dl class='gallery-item'>\n\t\t\t<dt class='gallery-icon landscape'>\n\t\t\t\t<a href='https:\/\/agora.xtec.cat\/ceipenricfarreny\/general\/descobrim-el-mon-casteller-a-lescola\/attachment\/familia-llorens-03\/'><img loading=\"lazy\" decoding=\"async\" width=\"300\" height=\"225\" src=\"https:\/\/agora.xtec.cat\/ceipenricfarreny\/wp-content\/uploads\/usu137\/2026\/04\/Familia-Llorens-03-300x225.jpeg\" class=\"attachment-medium size-medium\" alt=\"\" srcset=\"https:\/\/agora.xtec.cat\/ceipenricfarreny\/wp-content\/uploads\/usu137\/2026\/04\/Familia-Llorens-03-300x225.jpeg 300w, https:\/\/agora.xtec.cat\/ceipenricfarreny\/wp-content\/uploads\/usu137\/2026\/04\/Familia-Llorens-03-1024x768.jpeg 1024w, https:\/\/agora.xtec.cat\/ceipenricfarreny\/wp-content\/uploads\/usu137\/2026\/04\/Familia-Llorens-03-768x576.jpeg 768w, https:\/\/agora.xtec.cat\/ceipenricfarreny\/wp-content\/uploads\/usu137\/2026\/04\/Familia-Llorens-03-1536x1152.jpeg 1536w, https:\/\/agora.xtec.cat\/ceipenricfarreny\/wp-content\/uploads\/usu137\/2026\/04\/Familia-Llorens-03-200x150.jpeg 200w, https:\/\/agora.xtec.cat\/ceipenricfarreny\/wp-content\/uploads\/usu137\/2026\/04\/Familia-Llorens-03.jpeg 2048w\" sizes=\"auto, (max-width: 300px) 100vw, 300px\" \/><\/a>\n\t\t\t<\/dt><\/dl><dl class='gallery-item'>\n\t\t\t<dt class='gallery-icon landscape'>\n\t\t\t\t<a href='https:\/\/agora.xtec.cat\/ceipenricfarreny\/general\/descobrim-el-mon-casteller-a-lescola\/attachment\/familia-llorens-02\/'><img loading=\"lazy\" decoding=\"async\" width=\"300\" height=\"225\" src=\"https:\/\/agora.xtec.cat\/ceipenricfarreny\/wp-content\/uploads\/usu137\/2026\/04\/Familia-Llorens-02-300x225.jpeg\" class=\"attachment-medium size-medium\" alt=\"\" srcset=\"https:\/\/agora.xtec.cat\/ceipenricfarreny\/wp-content\/uploads\/usu137\/2026\/04\/Familia-Llorens-02-300x225.jpeg 300w, https:\/\/agora.xtec.cat\/ceipenricfarreny\/wp-content\/uploads\/usu137\/2026\/04\/Familia-Llorens-02-1024x768.jpeg 1024w, https:\/\/agora.xtec.cat\/ceipenricfarreny\/wp-content\/uploads\/usu137\/2026\/04\/Familia-Llorens-02-768x576.jpeg 768w, https:\/\/agora.xtec.cat\/ceipenricfarreny\/wp-content\/uploads\/usu137\/2026\/04\/Familia-Llorens-02-1536x1152.jpeg 1536w, https:\/\/agora.xtec.cat\/ceipenricfarreny\/wp-content\/uploads\/usu137\/2026\/04\/Familia-Llorens-02-200x150.jpeg 200w, https:\/\/agora.xtec.cat\/ceipenricfarreny\/wp-content\/uploads\/usu137\/2026\/04\/Familia-Llorens-02.jpeg 2048w\" sizes=\"auto, (max-width: 300px) 100vw, 300px\" \/><\/a>\n\t\t\t<\/dt><\/dl><br style=\"clear: both\" \/><dl class='gallery-item'>\n\t\t\t<dt class='gallery-icon landscape'>\n\t\t\t\t<a href='https:\/\/agora.xtec.cat\/ceipenricfarreny\/general\/descobrim-el-mon-casteller-a-lescola\/attachment\/familia-llorens-01\/'><img loading=\"lazy\" decoding=\"async\" width=\"300\" height=\"225\" src=\"https:\/\/agora.xtec.cat\/ceipenricfarreny\/wp-content\/uploads\/usu137\/2026\/04\/Familia-Llorens-01-300x225.jpeg\" class=\"attachment-medium size-medium\" alt=\"\" srcset=\"https:\/\/agora.xtec.cat\/ceipenricfarreny\/wp-content\/uploads\/usu137\/2026\/04\/Familia-Llorens-01-300x225.jpeg 300w, https:\/\/agora.xtec.cat\/ceipenricfarreny\/wp-content\/uploads\/usu137\/2026\/04\/Familia-Llorens-01-1024x768.jpeg 1024w, https:\/\/agora.xtec.cat\/ceipenricfarreny\/wp-content\/uploads\/usu137\/2026\/04\/Familia-Llorens-01-768x576.jpeg 768w, https:\/\/agora.xtec.cat\/ceipenricfarreny\/wp-content\/uploads\/usu137\/2026\/04\/Familia-Llorens-01-1536x1152.jpeg 1536w, https:\/\/agora.xtec.cat\/ceipenricfarreny\/wp-content\/uploads\/usu137\/2026\/04\/Familia-Llorens-01-200x150.jpeg 200w, https:\/\/agora.xtec.cat\/ceipenricfarreny\/wp-content\/uploads\/usu137\/2026\/04\/Familia-Llorens-01.jpeg 2048w\" sizes=\"auto, (max-width: 300px) 100vw, 300px\" \/><\/a>\n\t\t\t<\/dt><\/dl><dl class='gallery-item'>\n\t\t\t<dt class='gallery-icon landscape'>\n\t\t\t\t<a href='https:\/\/agora.xtec.cat\/ceipenricfarreny\/general\/descobrim-el-mon-casteller-a-lescola\/attachment\/whatsapp-image-2026-04-27-at-11-00-04-5\/'><img loading=\"lazy\" decoding=\"async\" width=\"300\" height=\"226\" src=\"https:\/\/agora.xtec.cat\/ceipenricfarreny\/wp-content\/uploads\/usu137\/2026\/04\/WhatsApp-Image-2026-04-27-at-11.00.04-5-300x226.jpeg\" class=\"attachment-medium size-medium\" alt=\"\" srcset=\"https:\/\/agora.xtec.cat\/ceipenricfarreny\/wp-content\/uploads\/usu137\/2026\/04\/WhatsApp-Image-2026-04-27-at-11.00.04-5-300x226.jpeg 300w, https:\/\/agora.xtec.cat\/ceipenricfarreny\/wp-content\/uploads\/usu137\/2026\/04\/WhatsApp-Image-2026-04-27-at-11.00.04-5-1024x771.jpeg 1024w, https:\/\/agora.xtec.cat\/ceipenricfarreny\/wp-content\/uploads\/usu137\/2026\/04\/WhatsApp-Image-2026-04-27-at-11.00.04-5-768x578.jpeg 768w, https:\/\/agora.xtec.cat\/ceipenricfarreny\/wp-content\/uploads\/usu137\/2026\/04\/WhatsApp-Image-2026-04-27-at-11.00.04-5-1536x1156.jpeg 1536w, https:\/\/agora.xtec.cat\/ceipenricfarreny\/wp-content\/uploads\/usu137\/2026\/04\/WhatsApp-Image-2026-04-27-at-11.00.04-5-200x150.jpeg 200w, https:\/\/agora.xtec.cat\/ceipenricfarreny\/wp-content\/uploads\/usu137\/2026\/04\/WhatsApp-Image-2026-04-27-at-11.00.04-5.jpeg 1600w\" sizes=\"auto, (max-width: 300px) 100vw, 300px\" \/><\/a>\n\t\t\t<\/dt><\/dl><dl class='gallery-item'>\n\t\t\t<dt class='gallery-icon landscape'>\n\t\t\t\t<a href='https:\/\/agora.xtec.cat\/ceipenricfarreny\/general\/descobrim-el-mon-casteller-a-lescola\/attachment\/whatsapp-image-2026-04-27-at-11-00-04\/'><img loading=\"lazy\" decoding=\"async\" width=\"300\" height=\"226\" src=\"https:\/\/agora.xtec.cat\/ceipenricfarreny\/wp-content\/uploads\/usu137\/2026\/04\/WhatsApp-Image-2026-04-27-at-11.00.04-300x226.jpeg\" class=\"attachment-medium size-medium\" alt=\"\" srcset=\"https:\/\/agora.xtec.cat\/ceipenricfarreny\/wp-content\/uploads\/usu137\/2026\/04\/WhatsApp-Image-2026-04-27-at-11.00.04-300x226.jpeg 300w, https:\/\/agora.xtec.cat\/ceipenricfarreny\/wp-content\/uploads\/usu137\/2026\/04\/WhatsApp-Image-2026-04-27-at-11.00.04-1024x771.jpeg 1024w, https:\/\/agora.xtec.cat\/ceipenricfarreny\/wp-content\/uploads\/usu137\/2026\/04\/WhatsApp-Image-2026-04-27-at-11.00.04-768x578.jpeg 768w, https:\/\/agora.xtec.cat\/ceipenricfarreny\/wp-content\/uploads\/usu137\/2026\/04\/WhatsApp-Image-2026-04-27-at-11.00.04-1536x1156.jpeg 1536w, https:\/\/agora.xtec.cat\/ceipenricfarreny\/wp-content\/uploads\/usu137\/2026\/04\/WhatsApp-Image-2026-04-27-at-11.00.04-200x150.jpeg 200w, https:\/\/agora.xtec.cat\/ceipenricfarreny\/wp-content\/uploads\/usu137\/2026\/04\/WhatsApp-Image-2026-04-27-at-11.00.04.jpeg 1600w\" sizes=\"auto, (max-width: 300px) 100vw, 300px\" \/><\/a>\n\t\t\t<\/dt><\/dl><br style=\"clear: both\" \/><dl class='gallery-item'>\n\t\t\t<dt class='gallery-icon landscape'>\n\t\t\t\t<a href='https:\/\/agora.xtec.cat\/ceipenricfarreny\/general\/descobrim-el-mon-casteller-a-lescola\/attachment\/whatsapp-image-2026-04-27-at-11-00-02-2\/'><img loading=\"lazy\" decoding=\"async\" width=\"300\" height=\"169\" src=\"https:\/\/agora.xtec.cat\/ceipenricfarreny\/wp-content\/uploads\/usu137\/2026\/04\/WhatsApp-Image-2026-04-27-at-11.00.02-2-300x169.jpeg\" class=\"attachment-medium size-medium\" alt=\"\" srcset=\"https:\/\/agora.xtec.cat\/ceipenricfarreny\/wp-content\/uploads\/usu137\/2026\/04\/WhatsApp-Image-2026-04-27-at-11.00.02-2-300x169.jpeg 300w, https:\/\/agora.xtec.cat\/ceipenricfarreny\/wp-content\/uploads\/usu137\/2026\/04\/WhatsApp-Image-2026-04-27-at-11.00.02-2-1024x576.jpeg 1024w, https:\/\/agora.xtec.cat\/ceipenricfarreny\/wp-content\/uploads\/usu137\/2026\/04\/WhatsApp-Image-2026-04-27-at-11.00.02-2-768x432.jpeg 768w, https:\/\/agora.xtec.cat\/ceipenricfarreny\/wp-content\/uploads\/usu137\/2026\/04\/WhatsApp-Image-2026-04-27-at-11.00.02-2-1536x864.jpeg 1536w, https:\/\/agora.xtec.cat\/ceipenricfarreny\/wp-content\/uploads\/usu137\/2026\/04\/WhatsApp-Image-2026-04-27-at-11.00.02-2.jpeg 1600w\" sizes=\"auto, (max-width: 300px) 100vw, 300px\" \/><\/a>\n\t\t\t<\/dt><\/dl><dl class='gallery-item'>\n\t\t\t<dt class='gallery-icon landscape'>\n\t\t\t\t<a href='https:\/\/agora.xtec.cat\/ceipenricfarreny\/general\/descobrim-el-mon-casteller-a-lescola\/attachment\/whatsapp-image-2026-04-27-at-11-00-02-3\/'><img loading=\"lazy\" decoding=\"async\" width=\"300\" height=\"169\" src=\"https:\/\/agora.xtec.cat\/ceipenricfarreny\/wp-content\/uploads\/usu137\/2026\/04\/WhatsApp-Image-2026-04-27-at-11.00.02-3-300x169.jpeg\" class=\"attachment-medium size-medium\" alt=\"\" srcset=\"https:\/\/agora.xtec.cat\/ceipenricfarreny\/wp-content\/uploads\/usu137\/2026\/04\/WhatsApp-Image-2026-04-27-at-11.00.02-3-300x169.jpeg 300w, https:\/\/agora.xtec.cat\/ceipenricfarreny\/wp-content\/uploads\/usu137\/2026\/04\/WhatsApp-Image-2026-04-27-at-11.00.02-3-1024x576.jpeg 1024w, https:\/\/agora.xtec.cat\/ceipenricfarreny\/wp-content\/uploads\/usu137\/2026\/04\/WhatsApp-Image-2026-04-27-at-11.00.02-3-768x432.jpeg 768w, https:\/\/agora.xtec.cat\/ceipenricfarreny\/wp-content\/uploads\/usu137\/2026\/04\/WhatsApp-Image-2026-04-27-at-11.00.02-3-1536x864.jpeg 1536w, https:\/\/agora.xtec.cat\/ceipenricfarreny\/wp-content\/uploads\/usu137\/2026\/04\/WhatsApp-Image-2026-04-27-at-11.00.02-3.jpeg 1600w\" sizes=\"auto, (max-width: 300px) 100vw, 300px\" \/><\/a>\n\t\t\t<\/dt><\/dl><dl class='gallery-item'>\n\t\t\t<dt class='gallery-icon landscape'>\n\t\t\t\t<a href='https:\/\/agora.xtec.cat\/ceipenricfarreny\/general\/descobrim-el-mon-casteller-a-lescola\/attachment\/whatsapp-image-2026-04-27-at-11-00-04-1\/'><img loading=\"lazy\" decoding=\"async\" width=\"300\" height=\"169\" src=\"https:\/\/agora.xtec.cat\/ceipenricfarreny\/wp-content\/uploads\/usu137\/2026\/04\/WhatsApp-Image-2026-04-27-at-11.00.04-1-300x169.jpeg\" class=\"attachment-medium size-medium\" alt=\"\" srcset=\"https:\/\/agora.xtec.cat\/ceipenricfarreny\/wp-content\/uploads\/usu137\/2026\/04\/WhatsApp-Image-2026-04-27-at-11.00.04-1-300x169.jpeg 300w, https:\/\/agora.xtec.cat\/ceipenricfarreny\/wp-content\/uploads\/usu137\/2026\/04\/WhatsApp-Image-2026-04-27-at-11.00.04-1-1024x576.jpeg 1024w, https:\/\/agora.xtec.cat\/ceipenricfarreny\/wp-content\/uploads\/usu137\/2026\/04\/WhatsApp-Image-2026-04-27-at-11.00.04-1-768x432.jpeg 768w, https:\/\/agora.xtec.cat\/ceipenricfarreny\/wp-content\/uploads\/usu137\/2026\/04\/WhatsApp-Image-2026-04-27-at-11.00.04-1-1536x864.jpeg 1536w, https:\/\/agora.xtec.cat\/ceipenricfarreny\/wp-content\/uploads\/usu137\/2026\/04\/WhatsApp-Image-2026-04-27-at-11.00.04-1.jpeg 1600w\" sizes=\"auto, (max-width: 300px) 100vw, 300px\" \/><\/a>\n\t\t\t<\/dt><\/dl><br style=\"clear: both\" \/>\n\t\t<\/div>\n\n","protected":false},"excerpt":{"rendered":"<p>Descobrim el fascinant m\u00f3n dels castells amb Castellers de Lleida&hellip;  <a href=\"https:\/\/agora.xtec.cat\/ceipenricfarreny\/general\/descobrim-el-mon-casteller-a-lescola\/\" title=\"Read Descobrim el m\u00f3n casteller a l\u2019escola\">Llegeix m\u00e9s\u00bb<\/a><\/p>\n","protected":false},"author":3,"featured_media":29558,"comment_status":"open","ping_status":"open","sticky":false,"template":"","format":"standard","meta":{"_bbp_topic_count":0,"_bbp_reply_count":0,"_bbp_total_topic_count":0,"_bbp_total_reply_count":0,"_bbp_voice_count":0,"_bbp_anonymous_reply_count":0,"_bbp_topic_count_hidden":0,"_bbp_reply_count_hidden":0,"_bbp_forum_subforum_count":0,"footnotes":""},"categories":[50,46,47,48,1,2,4,5,161],"tags":[],"class_list":["post-29554","post","type-post","status-publish","format-standard","has-post-thumbnail","hentry","category-celebracions","category-cicle-inicial","category-cicle-mitja","category-cicle-superior","category-general","category-infantil","category-portada","category-primaria","category-quin-art"],"post_mailing_queue_ids":[],"_links":{"self":[{"href":"https:\/\/agora.xtec.cat\/ceipenricfarreny\/wp-json\/wp\/v2\/posts\/29554","targetHints":{"allow":["GET"]}}],"collection":[{"href":"https:\/\/agora.xtec.cat\/ceipenricfarreny\/wp-json\/wp\/v2\/posts"}],"about":[{"href":"https:\/\/agora.xtec.cat\/ceipenricfarreny\/wp-json\/wp\/v2\/types\/post"}],"author":[{"embeddable":true,"href":"https:\/\/agora.xtec.cat\/ceipenricfarreny\/wp-json\/wp\/v2\/users\/3"}],"replies":[{"embeddable":true,"href":"https:\/\/agora.xtec.cat\/ceipenricfarreny\/wp-json\/wp\/v2\/comments?post=29554"}],"version-history":[{"count":6,"href":"https:\/\/agora.xtec.cat\/ceipenricfarreny\/wp-json\/wp\/v2\/posts\/29554\/revisions"}],"predecessor-version":[{"id":29577,"href":"https:\/\/agora.xtec.cat\/ceipenricfarreny\/wp-json\/wp\/v2\/posts\/29554\/revisions\/29577"}],"wp:featuredmedia":[{"embeddable":true,"href":"https:\/\/agora.xtec.cat\/ceipenricfarreny\/wp-json\/wp\/v2\/media\/29558"}],"wp:attachment":[{"href":"https:\/\/agora.xtec.cat\/ceipenricfarreny\/wp-json\/wp\/v2\/media?parent=29554"}],"wp:term":[{"taxonomy":"category","embeddable":true,"href":"https:\/\/agora.xtec.cat\/ceipenricfarreny\/wp-json\/wp\/v2\/categories?post=29554"},{"taxonomy":"post_tag","embeddable":true,"href":"https:\/\/agora.xtec.cat\/ceipenricfarreny\/wp-json\/wp\/v2\/tags?post=29554"}],"curies":[{"name":"wp","href":"https:\/\/api.w.org\/{rel}","templated":true}]}}