{"id":29531,"date":"2026-04-22T11:29:55","date_gmt":"2026-04-22T09:29:55","guid":{"rendered":"https:\/\/agora.xtec.cat\/ceipenricfarreny\/?p=29531"},"modified":"2026-04-23T07:20:54","modified_gmt":"2026-04-23T05:20:54","slug":"quinart-sortida-a-lauditori-musica-imaginacio-i-aprenentatge-a-educacio-infantil","status":"publish","type":"post","link":"https:\/\/agora.xtec.cat\/ceipenricfarreny\/general\/quinart-sortida-a-lauditori-musica-imaginacio-i-aprenentatge-a-educacio-infantil\/","title":{"rendered":"QuinArt &#8211; Sortida a l\u2019Auditori: m\u00fasica, imaginaci\u00f3 i aprenentatge a Educaci\u00f3 Infantil"},"content":{"rendered":"<p data-start=\"75\" data-end=\"332\">En el marc del projecte de centre <strong data-start=\"109\" data-end=\"120\">QuinART<\/strong>, l\u2019alumnat d\u2019Educaci\u00f3 Infantil ha realitzat una sortida a l\u2019Auditori de Lleida per gaudir de l\u2019espectacle <strong data-start=\"227\" data-end=\"240\">\u201cJuguem?\u201d<\/strong>, una proposta art\u00edstica que convida a descobrir la m\u00fasica a trav\u00e9s del joc i la imaginaci\u00f3.<\/p>\n<p data-start=\"334\" data-end=\"674\">L\u2019activitat ha esdevingut un aut\u00e8ntic <strong data-start=\"372\" data-end=\"388\">viatge sonor<\/strong>, on, a partir de la hist\u00f2ria d\u2019una nena, els infants han explorat sons, emocions i sensacions amb instruments com l\u2019acordi\u00f3, el saxo i diferents joguines sonores. El fet de viure l\u2019espectacle des de l\u2019escenari mateix ha afavorit una experi\u00e8ncia immersiva, propera i molt significativa.<\/p>\n<p data-start=\"676\" data-end=\"1053\">Des d\u2019una mirada educativa, aquest tipus de propostes permeten desenvolupar <strong data-start=\"752\" data-end=\"849\">l\u2019escolta activa, l\u2019expressi\u00f3 corporal i emocional, la curiositat i la sensibilitat art\u00edstica<\/strong>, aspectes essencials en aquestes primeres etapes. A m\u00e9s, connecten amb el treball que es realitza a l\u2019aula, donant continu\u00eftat a l\u2019exploraci\u00f3 del so, el ritme i el llenguatge musical de manera vivencial.<\/p>\n<p data-start=\"1055\" data-end=\"1313\" data-is-last-node=\"\" data-is-only-node=\"\">Amb aquesta sortida, el QuinArt reafirma el seu objectiu de <strong data-start=\"1115\" data-end=\"1158\">posar l\u2019art al centre de l\u2019aprenentatge<\/strong>, oferint experi\u00e8ncies reals en <strong>espais culturals<\/strong> que enriqueixen el desenvolupament global dels infants i fomenten el gust per la m\u00fasica des de ben petits.<\/p>\n\n\t\t<style type=\"text\/css\">\n\t\t\t#gallery-1 {\n\t\t\t\tmargin: auto;\n\t\t\t}\n\t\t\t#gallery-1 .gallery-item {\n\t\t\t\tfloat: left;\n\t\t\t\tmargin-top: 10px;\n\t\t\t\ttext-align: center;\n\t\t\t\twidth: 25%;\n\t\t\t}\n\t\t\t#gallery-1 img {\n\t\t\t\tborder: 2px solid #cfcfcf;\n\t\t\t}\n\t\t\t#gallery-1 .gallery-caption {\n\t\t\t\tmargin-left: 0;\n\t\t\t}\n\t\t\t\/* see gallery_shortcode() in wp-includes\/media.php *\/\n\t\t<\/style>\n\t\t<div id='gallery-1' class='gallery galleryid-29531 gallery-columns-4 gallery-size-medium'><dl class='gallery-item'>\n\t\t\t<dt class='gallery-icon landscape'>\n\t\t\t\t<a href='https:\/\/agora.xtec.cat\/ceipenricfarreny\/general\/quinart-sortida-a-lauditori-musica-imaginacio-i-aprenentatge-a-educacio-infantil\/attachment\/image-22-dabr-del-2026-14_42_50copy\/'><img loading=\"lazy\" decoding=\"async\" width=\"300\" height=\"225\" src=\"https:\/\/agora.xtec.cat\/ceipenricfarreny\/wp-content\/uploads\/usu137\/2026\/04\/Image-22-dabr.-del-2026-14_42_50copy-300x225.png\" class=\"attachment-medium size-medium\" alt=\"\" srcset=\"https:\/\/agora.xtec.cat\/ceipenricfarreny\/wp-content\/uploads\/usu137\/2026\/04\/Image-22-dabr.-del-2026-14_42_50copy-300x225.png 300w, https:\/\/agora.xtec.cat\/ceipenricfarreny\/wp-content\/uploads\/usu137\/2026\/04\/Image-22-dabr.-del-2026-14_42_50copy-200x150.png 200w, https:\/\/agora.xtec.cat\/ceipenricfarreny\/wp-content\/uploads\/usu137\/2026\/04\/Image-22-dabr.-del-2026-14_42_50copy.png 700w\" sizes=\"auto, (max-width: 300px) 100vw, 300px\" \/><\/a>\n\t\t\t<\/dt><\/dl><dl class='gallery-item'>\n\t\t\t<dt class='gallery-icon landscape'>\n\t\t\t\t<a href='https:\/\/agora.xtec.cat\/ceipenricfarreny\/general\/quinart-sortida-a-lauditori-musica-imaginacio-i-aprenentatge-a-educacio-infantil\/attachment\/whatsapp-image-2026-04-22-at-10-46-29-1\/'><img loading=\"lazy\" decoding=\"async\" width=\"300\" height=\"169\" src=\"https:\/\/agora.xtec.cat\/ceipenricfarreny\/wp-content\/uploads\/usu137\/2026\/04\/WhatsApp-Image-2026-04-22-at-10.46.29-1-300x169.jpeg\" class=\"attachment-medium size-medium\" alt=\"\" srcset=\"https:\/\/agora.xtec.cat\/ceipenricfarreny\/wp-content\/uploads\/usu137\/2026\/04\/WhatsApp-Image-2026-04-22-at-10.46.29-1-300x169.jpeg 300w, https:\/\/agora.xtec.cat\/ceipenricfarreny\/wp-content\/uploads\/usu137\/2026\/04\/WhatsApp-Image-2026-04-22-at-10.46.29-1-1024x577.jpeg 1024w, https:\/\/agora.xtec.cat\/ceipenricfarreny\/wp-content\/uploads\/usu137\/2026\/04\/WhatsApp-Image-2026-04-22-at-10.46.29-1-768x432.jpeg 768w, https:\/\/agora.xtec.cat\/ceipenricfarreny\/wp-content\/uploads\/usu137\/2026\/04\/WhatsApp-Image-2026-04-22-at-10.46.29-1-1536x865.jpeg 1536w, https:\/\/agora.xtec.cat\/ceipenricfarreny\/wp-content\/uploads\/usu137\/2026\/04\/WhatsApp-Image-2026-04-22-at-10.46.29-1.jpeg 1600w\" sizes=\"auto, (max-width: 300px) 100vw, 300px\" \/><\/a>\n\t\t\t<\/dt><\/dl><dl class='gallery-item'>\n\t\t\t<dt class='gallery-icon landscape'>\n\t\t\t\t<a href='https:\/\/agora.xtec.cat\/ceipenricfarreny\/general\/quinart-sortida-a-lauditori-musica-imaginacio-i-aprenentatge-a-educacio-infantil\/attachment\/whatsapp-image-2026-04-22-at-10-46-28-4\/'><img loading=\"lazy\" decoding=\"async\" width=\"300\" height=\"221\" src=\"https:\/\/agora.xtec.cat\/ceipenricfarreny\/wp-content\/uploads\/usu137\/2026\/04\/WhatsApp-Image-2026-04-22-at-10.46.28-4-300x221.jpeg\" class=\"attachment-medium size-medium\" alt=\"\" srcset=\"https:\/\/agora.xtec.cat\/ceipenricfarreny\/wp-content\/uploads\/usu137\/2026\/04\/WhatsApp-Image-2026-04-22-at-10.46.28-4-300x221.jpeg 300w, https:\/\/agora.xtec.cat\/ceipenricfarreny\/wp-content\/uploads\/usu137\/2026\/04\/WhatsApp-Image-2026-04-22-at-10.46.28-4-1024x753.jpeg 1024w, https:\/\/agora.xtec.cat\/ceipenricfarreny\/wp-content\/uploads\/usu137\/2026\/04\/WhatsApp-Image-2026-04-22-at-10.46.28-4-768x564.jpeg 768w, https:\/\/agora.xtec.cat\/ceipenricfarreny\/wp-content\/uploads\/usu137\/2026\/04\/WhatsApp-Image-2026-04-22-at-10.46.28-4-1536x1129.jpeg 1536w, https:\/\/agora.xtec.cat\/ceipenricfarreny\/wp-content\/uploads\/usu137\/2026\/04\/WhatsApp-Image-2026-04-22-at-10.46.28-4.jpeg 1600w\" sizes=\"auto, (max-width: 300px) 100vw, 300px\" \/><\/a>\n\t\t\t<\/dt><\/dl><dl class='gallery-item'>\n\t\t\t<dt class='gallery-icon landscape'>\n\t\t\t\t<a href='https:\/\/agora.xtec.cat\/ceipenricfarreny\/general\/quinart-sortida-a-lauditori-musica-imaginacio-i-aprenentatge-a-educacio-infantil\/attachment\/whatsapp-image-2026-04-22-at-10-46-28-1\/'><img loading=\"lazy\" decoding=\"async\" width=\"300\" height=\"171\" src=\"https:\/\/agora.xtec.cat\/ceipenricfarreny\/wp-content\/uploads\/usu137\/2026\/04\/WhatsApp-Image-2026-04-22-at-10.46.28-1-300x171.jpeg\" class=\"attachment-medium size-medium\" alt=\"\" srcset=\"https:\/\/agora.xtec.cat\/ceipenricfarreny\/wp-content\/uploads\/usu137\/2026\/04\/WhatsApp-Image-2026-04-22-at-10.46.28-1-300x171.jpeg 300w, https:\/\/agora.xtec.cat\/ceipenricfarreny\/wp-content\/uploads\/usu137\/2026\/04\/WhatsApp-Image-2026-04-22-at-10.46.28-1-1024x585.jpeg 1024w, https:\/\/agora.xtec.cat\/ceipenricfarreny\/wp-content\/uploads\/usu137\/2026\/04\/WhatsApp-Image-2026-04-22-at-10.46.28-1-768x439.jpeg 768w, https:\/\/agora.xtec.cat\/ceipenricfarreny\/wp-content\/uploads\/usu137\/2026\/04\/WhatsApp-Image-2026-04-22-at-10.46.28-1.jpeg 1389w\" sizes=\"auto, (max-width: 300px) 100vw, 300px\" \/><\/a>\n\t\t\t<\/dt><\/dl><br style=\"clear: both\" \/>\n\t\t<\/div>\n\n","protected":false},"excerpt":{"rendered":"<p>Educaci\u00f3 Infantil ha realitzat una sortida a l\u2019Auditori de Lleida per gaudir de l\u2019espectacle \u201cJuguem?\u201d&hellip;  <a href=\"https:\/\/agora.xtec.cat\/ceipenricfarreny\/general\/quinart-sortida-a-lauditori-musica-imaginacio-i-aprenentatge-a-educacio-infantil\/\" title=\"Read QuinArt &#8211; Sortida a l\u2019Auditori: m\u00fasica, imaginaci\u00f3 i aprenentatge a Educaci\u00f3 Infantil\">Llegeix m\u00e9s\u00bb<\/a><\/p>\n","protected":false},"author":3,"featured_media":29545,"comment_status":"open","ping_status":"open","sticky":false,"template":"","format":"standard","meta":{"_bbp_topic_count":0,"_bbp_reply_count":0,"_bbp_total_topic_count":0,"_bbp_total_reply_count":0,"_bbp_voice_count":0,"_bbp_anonymous_reply_count":0,"_bbp_topic_count_hidden":0,"_bbp_reply_count_hidden":0,"_bbp_forum_subforum_count":0,"footnotes":""},"categories":[50,1,182,3,9,2,4,51,161,49],"tags":[],"class_list":["post-29531","post","type-post","status-publish","format-standard","has-post-thumbnail","hentry","category-celebracions","category-general","category-i3-i3","category-i4","category-i5","category-infantil","category-portada","category-projectes","category-quin-art","category-sortides"],"post_mailing_queue_ids":[],"_links":{"self":[{"href":"https:\/\/agora.xtec.cat\/ceipenricfarreny\/wp-json\/wp\/v2\/posts\/29531","targetHints":{"allow":["GET"]}}],"collection":[{"href":"https:\/\/agora.xtec.cat\/ceipenricfarreny\/wp-json\/wp\/v2\/posts"}],"about":[{"href":"https:\/\/agora.xtec.cat\/ceipenricfarreny\/wp-json\/wp\/v2\/types\/post"}],"author":[{"embeddable":true,"href":"https:\/\/agora.xtec.cat\/ceipenricfarreny\/wp-json\/wp\/v2\/users\/3"}],"replies":[{"embeddable":true,"href":"https:\/\/agora.xtec.cat\/ceipenricfarreny\/wp-json\/wp\/v2\/comments?post=29531"}],"version-history":[{"count":6,"href":"https:\/\/agora.xtec.cat\/ceipenricfarreny\/wp-json\/wp\/v2\/posts\/29531\/revisions"}],"predecessor-version":[{"id":29549,"href":"https:\/\/agora.xtec.cat\/ceipenricfarreny\/wp-json\/wp\/v2\/posts\/29531\/revisions\/29549"}],"wp:featuredmedia":[{"embeddable":true,"href":"https:\/\/agora.xtec.cat\/ceipenricfarreny\/wp-json\/wp\/v2\/media\/29545"}],"wp:attachment":[{"href":"https:\/\/agora.xtec.cat\/ceipenricfarreny\/wp-json\/wp\/v2\/media?parent=29531"}],"wp:term":[{"taxonomy":"category","embeddable":true,"href":"https:\/\/agora.xtec.cat\/ceipenricfarreny\/wp-json\/wp\/v2\/categories?post=29531"},{"taxonomy":"post_tag","embeddable":true,"href":"https:\/\/agora.xtec.cat\/ceipenricfarreny\/wp-json\/wp\/v2\/tags?post=29531"}],"curies":[{"name":"wp","href":"https:\/\/api.w.org\/{rel}","templated":true}]}}