{"id":29518,"date":"2026-04-21T22:44:34","date_gmt":"2026-04-21T20:44:34","guid":{"rendered":"https:\/\/agora.xtec.cat\/ceipenricfarreny\/?p=29518"},"modified":"2026-04-21T22:44:34","modified_gmt":"2026-04-21T20:44:34","slug":"quinart-26-continua-amb-una-experiencia-coral-a-lorfeo-lleidata","status":"publish","type":"post","link":"https:\/\/agora.xtec.cat\/ceipenricfarreny\/general\/quinart-26-continua-amb-una-experiencia-coral-a-lorfeo-lleidata\/","title":{"rendered":"QuinArt &#8217;26 continua amb una experi\u00e8ncia coral a l\u2019Orfe\u00f3 Lleidat\u00e0"},"content":{"rendered":"<p data-start=\"70\" data-end=\"391\">En el marc de la setmana del <strong data-start=\"99\" data-end=\"110\">QuinArt<\/strong>, avui dimarts 21 d\u2019abril l\u2019alumnat de Cicle Inicial i Cicle Mitj\u00e0 ha viscut una experi\u00e8ncia musical molt enriquidora a l\u2019Orfe\u00f3 Lleidat\u00e0, participant en un <strong data-start=\"266\" data-end=\"290\">taller de cant coral<\/strong> centrat en la figura de <strong data-start=\"315\" data-end=\"332\">Llu\u00eds Virgili<\/strong>, reconegut director de cor vinculat a la ciutat de Lleida.<\/p>\n<p data-start=\"393\" data-end=\"788\">Durant el taller, els infants han pogut endinsar-se en el m\u00f3n del cant coral treballant <strong data-start=\"481\" data-end=\"517\">peces a c\u00e0non a dues i tres veus<\/strong>, una pr\u00e0ctica que requereix escolta activa, coordinaci\u00f3 i consci\u00e8ncia de grup. A m\u00e9s, han incorporat el <strong data-start=\"622\" data-end=\"646\">llenguatge de signes<\/strong> en una de les interpretacions, fet que ha ampliat la seva manera d\u2019expressar la m\u00fasica i ha afavorit una mirada m\u00e9s inclusiva i comunicativa.<\/p>\n<p data-start=\"790\" data-end=\"1107\">L\u2019activitat ha estat especialment significativa perqu\u00e8 partia d\u2019un <strong data-start=\"857\" data-end=\"903\">treball previ realitzat a l\u2019aula de m\u00fasica<\/strong>, cosa que ha perm\u00e8s a l\u2019alumnat participar-hi amb seguretat i implicaci\u00f3 des del primer moment. Aquesta continu\u00eftat entre l\u2019escola i l\u2019espai cultural ha facilitat un aprenentatge m\u00e9s profund i vivencial.\u00a0Des d\u2019una mirada educativa, el <strong>cant coral<\/strong> esdev\u00e9 una eina molt potent per al desenvolupament integral de l\u2019alumnat. No nom\u00e9s es treballa la <strong>compet\u00e8ncia musical<\/strong> \u2014afinaci\u00f3, ritme, mem\u00f2ria auditiva\u2014 sin\u00f3 tamb\u00e9 <strong>habilitats socials<\/strong> com la cooperaci\u00f3, el respecte pels altres i el sentiment de pertinen\u00e7a a un grup. Cantar en conjunt implica escoltar-se, ajustar-se i construir una pe\u00e7a comuna, fet que connecta directament amb valors educatius essencials.<\/p>\n<p data-start=\"1560\" data-end=\"1920\">A m\u00e9s, apropar l\u2019alumnat a figures rellevants del patrimoni musical local, com Llu\u00eds Virgili, contribueix a <strong data-start=\"1668\" data-end=\"1708\">con\u00e8ixer i valorar la cultura pr\u00f2pia<\/strong>, refor\u00e7ant el vincle amb el territori. Fer-ho en un espai com l\u2019Orfe\u00f3 Lleidat\u00e0, de la m\u00e0 de professionals, dona encara m\u00e9s sentit a l\u2019experi\u00e8ncia i posa en valor la import\u00e0ncia de viure l\u2019art en contextos reals.<\/p>\n<p data-start=\"1922\" data-end=\"2134\" data-is-last-node=\"\" data-is-only-node=\"\">Amb propostes com aquesta, el <strong>QuinArt<\/strong>\u00a0continua consolidant-se com un projecte que integra <strong data-start=\"2012\" data-end=\"2041\">art, educaci\u00f3 i comunitat<\/strong>, oferint a l\u2019alumnat oportunitats per cr\u00e9ixer a trav\u00e9s de la m\u00fasica, la viv\u00e8ncia i l\u2019emoci\u00f3.<\/p>\n<p data-start=\"1922\" data-end=\"2134\" data-is-last-node=\"\" data-is-only-node=\"\">Us deixem un petit recull de l&#8217;experi\u00e8ncia.<\/p>\n\n\t\t<style type=\"text\/css\">\n\t\t\t#gallery-1 {\n\t\t\t\tmargin: auto;\n\t\t\t}\n\t\t\t#gallery-1 .gallery-item {\n\t\t\t\tfloat: left;\n\t\t\t\tmargin-top: 10px;\n\t\t\t\ttext-align: center;\n\t\t\t\twidth: 33%;\n\t\t\t}\n\t\t\t#gallery-1 img {\n\t\t\t\tborder: 2px solid #cfcfcf;\n\t\t\t}\n\t\t\t#gallery-1 .gallery-caption {\n\t\t\t\tmargin-left: 0;\n\t\t\t}\n\t\t\t\/* see gallery_shortcode() in wp-includes\/media.php *\/\n\t\t<\/style>\n\t\t<div id='gallery-1' class='gallery galleryid-29518 gallery-columns-3 gallery-size-medium'><dl class='gallery-item'>\n\t\t\t<dt class='gallery-icon landscape'>\n\t\t\t\t<a href='https:\/\/agora.xtec.cat\/ceipenricfarreny\/general\/quinart-26-continua-amb-una-experiencia-coral-a-lorfeo-lleidata\/attachment\/whatsapp-image-2026-04-21-at-13-14-46\/'><img loading=\"lazy\" decoding=\"async\" width=\"300\" height=\"226\" src=\"https:\/\/agora.xtec.cat\/ceipenricfarreny\/wp-content\/uploads\/usu137\/2026\/04\/WhatsApp-Image-2026-04-21-at-13.14.46-300x226.jpeg\" class=\"attachment-medium size-medium\" alt=\"\" srcset=\"https:\/\/agora.xtec.cat\/ceipenricfarreny\/wp-content\/uploads\/usu137\/2026\/04\/WhatsApp-Image-2026-04-21-at-13.14.46-300x226.jpeg 300w, https:\/\/agora.xtec.cat\/ceipenricfarreny\/wp-content\/uploads\/usu137\/2026\/04\/WhatsApp-Image-2026-04-21-at-13.14.46-1024x771.jpeg 1024w, https:\/\/agora.xtec.cat\/ceipenricfarreny\/wp-content\/uploads\/usu137\/2026\/04\/WhatsApp-Image-2026-04-21-at-13.14.46-768x578.jpeg 768w, https:\/\/agora.xtec.cat\/ceipenricfarreny\/wp-content\/uploads\/usu137\/2026\/04\/WhatsApp-Image-2026-04-21-at-13.14.46-1536x1156.jpeg 1536w, https:\/\/agora.xtec.cat\/ceipenricfarreny\/wp-content\/uploads\/usu137\/2026\/04\/WhatsApp-Image-2026-04-21-at-13.14.46-200x150.jpeg 200w, https:\/\/agora.xtec.cat\/ceipenricfarreny\/wp-content\/uploads\/usu137\/2026\/04\/WhatsApp-Image-2026-04-21-at-13.14.46.jpeg 1600w\" sizes=\"auto, (max-width: 300px) 100vw, 300px\" \/><\/a>\n\t\t\t<\/dt><\/dl><dl class='gallery-item'>\n\t\t\t<dt class='gallery-icon landscape'>\n\t\t\t\t<a href='https:\/\/agora.xtec.cat\/ceipenricfarreny\/general\/quinart-26-continua-amb-una-experiencia-coral-a-lorfeo-lleidata\/attachment\/whatsapp-image-2026-04-21-at-13-14-44\/'><img loading=\"lazy\" decoding=\"async\" width=\"300\" height=\"225\" src=\"https:\/\/agora.xtec.cat\/ceipenricfarreny\/wp-content\/uploads\/usu137\/2026\/04\/WhatsApp-Image-2026-04-21-at-13.14.44-300x225.jpeg\" class=\"attachment-medium size-medium\" alt=\"\" srcset=\"https:\/\/agora.xtec.cat\/ceipenricfarreny\/wp-content\/uploads\/usu137\/2026\/04\/WhatsApp-Image-2026-04-21-at-13.14.44-300x225.jpeg 300w, https:\/\/agora.xtec.cat\/ceipenricfarreny\/wp-content\/uploads\/usu137\/2026\/04\/WhatsApp-Image-2026-04-21-at-13.14.44-1024x768.jpeg 1024w, https:\/\/agora.xtec.cat\/ceipenricfarreny\/wp-content\/uploads\/usu137\/2026\/04\/WhatsApp-Image-2026-04-21-at-13.14.44-768x576.jpeg 768w, https:\/\/agora.xtec.cat\/ceipenricfarreny\/wp-content\/uploads\/usu137\/2026\/04\/WhatsApp-Image-2026-04-21-at-13.14.44-1536x1152.jpeg 1536w, https:\/\/agora.xtec.cat\/ceipenricfarreny\/wp-content\/uploads\/usu137\/2026\/04\/WhatsApp-Image-2026-04-21-at-13.14.44-200x150.jpeg 200w, https:\/\/agora.xtec.cat\/ceipenricfarreny\/wp-content\/uploads\/usu137\/2026\/04\/WhatsApp-Image-2026-04-21-at-13.14.44.jpeg 1600w\" sizes=\"auto, (max-width: 300px) 100vw, 300px\" \/><\/a>\n\t\t\t<\/dt><\/dl><dl class='gallery-item'>\n\t\t\t<dt class='gallery-icon landscape'>\n\t\t\t\t<a href='https:\/\/agora.xtec.cat\/ceipenricfarreny\/general\/quinart-26-continua-amb-una-experiencia-coral-a-lorfeo-lleidata\/attachment\/whatsapp-image-2026-04-21-at-13-14-42\/'><img loading=\"lazy\" decoding=\"async\" width=\"300\" height=\"225\" src=\"https:\/\/agora.xtec.cat\/ceipenricfarreny\/wp-content\/uploads\/usu137\/2026\/04\/WhatsApp-Image-2026-04-21-at-13.14.42-300x225.jpeg\" class=\"attachment-medium size-medium\" alt=\"\" srcset=\"https:\/\/agora.xtec.cat\/ceipenricfarreny\/wp-content\/uploads\/usu137\/2026\/04\/WhatsApp-Image-2026-04-21-at-13.14.42-300x225.jpeg 300w, https:\/\/agora.xtec.cat\/ceipenricfarreny\/wp-content\/uploads\/usu137\/2026\/04\/WhatsApp-Image-2026-04-21-at-13.14.42-1024x768.jpeg 1024w, https:\/\/agora.xtec.cat\/ceipenricfarreny\/wp-content\/uploads\/usu137\/2026\/04\/WhatsApp-Image-2026-04-21-at-13.14.42-768x576.jpeg 768w, https:\/\/agora.xtec.cat\/ceipenricfarreny\/wp-content\/uploads\/usu137\/2026\/04\/WhatsApp-Image-2026-04-21-at-13.14.42-1536x1152.jpeg 1536w, https:\/\/agora.xtec.cat\/ceipenricfarreny\/wp-content\/uploads\/usu137\/2026\/04\/WhatsApp-Image-2026-04-21-at-13.14.42-200x150.jpeg 200w, https:\/\/agora.xtec.cat\/ceipenricfarreny\/wp-content\/uploads\/usu137\/2026\/04\/WhatsApp-Image-2026-04-21-at-13.14.42.jpeg 1600w\" sizes=\"auto, (max-width: 300px) 100vw, 300px\" \/><\/a>\n\t\t\t<\/dt><\/dl><br style=\"clear: both\" \/><dl class='gallery-item'>\n\t\t\t<dt class='gallery-icon landscape'>\n\t\t\t\t<a href='https:\/\/agora.xtec.cat\/ceipenricfarreny\/general\/quinart-26-continua-amb-una-experiencia-coral-a-lorfeo-lleidata\/attachment\/whatsapp-image-2026-04-21-at-13-14-51\/'><img loading=\"lazy\" decoding=\"async\" width=\"300\" height=\"169\" src=\"https:\/\/agora.xtec.cat\/ceipenricfarreny\/wp-content\/uploads\/usu137\/2026\/04\/WhatsApp-Image-2026-04-21-at-13.14.51-300x169.jpeg\" class=\"attachment-medium size-medium\" alt=\"\" srcset=\"https:\/\/agora.xtec.cat\/ceipenricfarreny\/wp-content\/uploads\/usu137\/2026\/04\/WhatsApp-Image-2026-04-21-at-13.14.51-300x169.jpeg 300w, https:\/\/agora.xtec.cat\/ceipenricfarreny\/wp-content\/uploads\/usu137\/2026\/04\/WhatsApp-Image-2026-04-21-at-13.14.51-1024x576.jpeg 1024w, https:\/\/agora.xtec.cat\/ceipenricfarreny\/wp-content\/uploads\/usu137\/2026\/04\/WhatsApp-Image-2026-04-21-at-13.14.51-768x432.jpeg 768w, https:\/\/agora.xtec.cat\/ceipenricfarreny\/wp-content\/uploads\/usu137\/2026\/04\/WhatsApp-Image-2026-04-21-at-13.14.51-1536x864.jpeg 1536w, https:\/\/agora.xtec.cat\/ceipenricfarreny\/wp-content\/uploads\/usu137\/2026\/04\/WhatsApp-Image-2026-04-21-at-13.14.51.jpeg 1600w\" sizes=\"auto, (max-width: 300px) 100vw, 300px\" \/><\/a>\n\t\t\t<\/dt><\/dl><dl class='gallery-item'>\n\t\t\t<dt class='gallery-icon landscape'>\n\t\t\t\t<a href='https:\/\/agora.xtec.cat\/ceipenricfarreny\/general\/quinart-26-continua-amb-una-experiencia-coral-a-lorfeo-lleidata\/attachment\/whatsapp-image-2026-04-21-at-13-14-48-1\/'><img loading=\"lazy\" decoding=\"async\" width=\"300\" height=\"226\" src=\"https:\/\/agora.xtec.cat\/ceipenricfarreny\/wp-content\/uploads\/usu137\/2026\/04\/WhatsApp-Image-2026-04-21-at-13.14.48-1-300x226.jpeg\" class=\"attachment-medium size-medium\" alt=\"\" srcset=\"https:\/\/agora.xtec.cat\/ceipenricfarreny\/wp-content\/uploads\/usu137\/2026\/04\/WhatsApp-Image-2026-04-21-at-13.14.48-1-300x226.jpeg 300w, https:\/\/agora.xtec.cat\/ceipenricfarreny\/wp-content\/uploads\/usu137\/2026\/04\/WhatsApp-Image-2026-04-21-at-13.14.48-1-1024x771.jpeg 1024w, https:\/\/agora.xtec.cat\/ceipenricfarreny\/wp-content\/uploads\/usu137\/2026\/04\/WhatsApp-Image-2026-04-21-at-13.14.48-1-768x578.jpeg 768w, https:\/\/agora.xtec.cat\/ceipenricfarreny\/wp-content\/uploads\/usu137\/2026\/04\/WhatsApp-Image-2026-04-21-at-13.14.48-1-1536x1156.jpeg 1536w, https:\/\/agora.xtec.cat\/ceipenricfarreny\/wp-content\/uploads\/usu137\/2026\/04\/WhatsApp-Image-2026-04-21-at-13.14.48-1-200x150.jpeg 200w, https:\/\/agora.xtec.cat\/ceipenricfarreny\/wp-content\/uploads\/usu137\/2026\/04\/WhatsApp-Image-2026-04-21-at-13.14.48-1.jpeg 1600w\" sizes=\"auto, (max-width: 300px) 100vw, 300px\" \/><\/a>\n\t\t\t<\/dt><\/dl><dl class='gallery-item'>\n\t\t\t<dt class='gallery-icon landscape'>\n\t\t\t\t<a href='https:\/\/agora.xtec.cat\/ceipenricfarreny\/general\/quinart-26-continua-amb-una-experiencia-coral-a-lorfeo-lleidata\/attachment\/whatsapp-image-2026-04-21-at-13-14-48\/'><img loading=\"lazy\" decoding=\"async\" width=\"300\" height=\"226\" src=\"https:\/\/agora.xtec.cat\/ceipenricfarreny\/wp-content\/uploads\/usu137\/2026\/04\/WhatsApp-Image-2026-04-21-at-13.14.48-300x226.jpeg\" class=\"attachment-medium size-medium\" alt=\"\" srcset=\"https:\/\/agora.xtec.cat\/ceipenricfarreny\/wp-content\/uploads\/usu137\/2026\/04\/WhatsApp-Image-2026-04-21-at-13.14.48-300x226.jpeg 300w, https:\/\/agora.xtec.cat\/ceipenricfarreny\/wp-content\/uploads\/usu137\/2026\/04\/WhatsApp-Image-2026-04-21-at-13.14.48-1024x771.jpeg 1024w, https:\/\/agora.xtec.cat\/ceipenricfarreny\/wp-content\/uploads\/usu137\/2026\/04\/WhatsApp-Image-2026-04-21-at-13.14.48-768x578.jpeg 768w, https:\/\/agora.xtec.cat\/ceipenricfarreny\/wp-content\/uploads\/usu137\/2026\/04\/WhatsApp-Image-2026-04-21-at-13.14.48-1536x1156.jpeg 1536w, https:\/\/agora.xtec.cat\/ceipenricfarreny\/wp-content\/uploads\/usu137\/2026\/04\/WhatsApp-Image-2026-04-21-at-13.14.48-200x150.jpeg 200w, https:\/\/agora.xtec.cat\/ceipenricfarreny\/wp-content\/uploads\/usu137\/2026\/04\/WhatsApp-Image-2026-04-21-at-13.14.48.jpeg 1600w\" sizes=\"auto, (max-width: 300px) 100vw, 300px\" \/><\/a>\n\t\t\t<\/dt><\/dl><br style=\"clear: both\" \/><dl class='gallery-item'>\n\t\t\t<dt class='gallery-icon landscape'>\n\t\t\t\t<a href='https:\/\/agora.xtec.cat\/ceipenricfarreny\/general\/quinart-26-continua-amb-una-experiencia-coral-a-lorfeo-lleidata\/attachment\/whatsapp-image-2026-04-21-at-13-14-47-1\/'><img loading=\"lazy\" decoding=\"async\" width=\"300\" height=\"225\" src=\"https:\/\/agora.xtec.cat\/ceipenricfarreny\/wp-content\/uploads\/usu137\/2026\/04\/WhatsApp-Image-2026-04-21-at-13.14.47-1-300x225.jpeg\" class=\"attachment-medium size-medium\" alt=\"\" srcset=\"https:\/\/agora.xtec.cat\/ceipenricfarreny\/wp-content\/uploads\/usu137\/2026\/04\/WhatsApp-Image-2026-04-21-at-13.14.47-1-300x225.jpeg 300w, https:\/\/agora.xtec.cat\/ceipenricfarreny\/wp-content\/uploads\/usu137\/2026\/04\/WhatsApp-Image-2026-04-21-at-13.14.47-1-1024x768.jpeg 1024w, https:\/\/agora.xtec.cat\/ceipenricfarreny\/wp-content\/uploads\/usu137\/2026\/04\/WhatsApp-Image-2026-04-21-at-13.14.47-1-768x576.jpeg 768w, https:\/\/agora.xtec.cat\/ceipenricfarreny\/wp-content\/uploads\/usu137\/2026\/04\/WhatsApp-Image-2026-04-21-at-13.14.47-1-1536x1152.jpeg 1536w, https:\/\/agora.xtec.cat\/ceipenricfarreny\/wp-content\/uploads\/usu137\/2026\/04\/WhatsApp-Image-2026-04-21-at-13.14.47-1-200x150.jpeg 200w, https:\/\/agora.xtec.cat\/ceipenricfarreny\/wp-content\/uploads\/usu137\/2026\/04\/WhatsApp-Image-2026-04-21-at-13.14.47-1.jpeg 1600w\" sizes=\"auto, (max-width: 300px) 100vw, 300px\" \/><\/a>\n\t\t\t<\/dt><\/dl><dl class='gallery-item'>\n\t\t\t<dt class='gallery-icon landscape'>\n\t\t\t\t<a href='https:\/\/agora.xtec.cat\/ceipenricfarreny\/general\/quinart-26-continua-amb-una-experiencia-coral-a-lorfeo-lleidata\/attachment\/whatsapp-image-2026-04-21-at-13-14-47\/'><img loading=\"lazy\" decoding=\"async\" width=\"300\" height=\"225\" src=\"https:\/\/agora.xtec.cat\/ceipenricfarreny\/wp-content\/uploads\/usu137\/2026\/04\/WhatsApp-Image-2026-04-21-at-13.14.47-300x225.jpeg\" class=\"attachment-medium size-medium\" alt=\"\" srcset=\"https:\/\/agora.xtec.cat\/ceipenricfarreny\/wp-content\/uploads\/usu137\/2026\/04\/WhatsApp-Image-2026-04-21-at-13.14.47-300x225.jpeg 300w, https:\/\/agora.xtec.cat\/ceipenricfarreny\/wp-content\/uploads\/usu137\/2026\/04\/WhatsApp-Image-2026-04-21-at-13.14.47-1024x768.jpeg 1024w, https:\/\/agora.xtec.cat\/ceipenricfarreny\/wp-content\/uploads\/usu137\/2026\/04\/WhatsApp-Image-2026-04-21-at-13.14.47-768x576.jpeg 768w, https:\/\/agora.xtec.cat\/ceipenricfarreny\/wp-content\/uploads\/usu137\/2026\/04\/WhatsApp-Image-2026-04-21-at-13.14.47-1536x1152.jpeg 1536w, https:\/\/agora.xtec.cat\/ceipenricfarreny\/wp-content\/uploads\/usu137\/2026\/04\/WhatsApp-Image-2026-04-21-at-13.14.47-200x150.jpeg 200w, https:\/\/agora.xtec.cat\/ceipenricfarreny\/wp-content\/uploads\/usu137\/2026\/04\/WhatsApp-Image-2026-04-21-at-13.14.47.jpeg 1600w\" sizes=\"auto, (max-width: 300px) 100vw, 300px\" \/><\/a>\n\t\t\t<\/dt><\/dl><dl class='gallery-item'>\n\t\t\t<dt class='gallery-icon landscape'>\n\t\t\t\t<a href='https:\/\/agora.xtec.cat\/ceipenricfarreny\/general\/quinart-26-continua-amb-una-experiencia-coral-a-lorfeo-lleidata\/attachment\/whatsapp-image-2026-04-21-at-13-14-46-1\/'><img loading=\"lazy\" decoding=\"async\" width=\"300\" height=\"169\" src=\"https:\/\/agora.xtec.cat\/ceipenricfarreny\/wp-content\/uploads\/usu137\/2026\/04\/WhatsApp-Image-2026-04-21-at-13.14.46-1-300x169.jpeg\" class=\"attachment-medium size-medium\" alt=\"\" srcset=\"https:\/\/agora.xtec.cat\/ceipenricfarreny\/wp-content\/uploads\/usu137\/2026\/04\/WhatsApp-Image-2026-04-21-at-13.14.46-1-300x169.jpeg 300w, https:\/\/agora.xtec.cat\/ceipenricfarreny\/wp-content\/uploads\/usu137\/2026\/04\/WhatsApp-Image-2026-04-21-at-13.14.46-1-1024x576.jpeg 1024w, https:\/\/agora.xtec.cat\/ceipenricfarreny\/wp-content\/uploads\/usu137\/2026\/04\/WhatsApp-Image-2026-04-21-at-13.14.46-1-768x432.jpeg 768w, https:\/\/agora.xtec.cat\/ceipenricfarreny\/wp-content\/uploads\/usu137\/2026\/04\/WhatsApp-Image-2026-04-21-at-13.14.46-1-1536x864.jpeg 1536w, https:\/\/agora.xtec.cat\/ceipenricfarreny\/wp-content\/uploads\/usu137\/2026\/04\/WhatsApp-Image-2026-04-21-at-13.14.46-1.jpeg 1600w\" sizes=\"auto, (max-width: 300px) 100vw, 300px\" \/><\/a>\n\t\t\t<\/dt><\/dl><br style=\"clear: both\" \/>\n\t\t<\/div>\n\n<div style=\"width: 1024px;\" class=\"wp-video\"><!--[if lt IE 9]><script>document.createElement('video');<\/script><![endif]-->\n<video class=\"wp-video-shortcode\" id=\"video-29518-1\" width=\"1024\" height=\"576\" preload=\"metadata\" controls=\"controls\"><source type=\"video\/mp4\" src=\"https:\/\/agora.xtec.cat\/ceipenricfarreny\/wp-content\/uploads\/usu137\/2026\/04\/WhatsApp-Video-2026-04-21-at-13.16.01.mp4?_=1\" \/><a href=\"https:\/\/agora.xtec.cat\/ceipenricfarreny\/wp-content\/uploads\/usu137\/2026\/04\/WhatsApp-Video-2026-04-21-at-13.16.01.mp4\">https:\/\/agora.xtec.cat\/ceipenricfarreny\/wp-content\/uploads\/usu137\/2026\/04\/WhatsApp-Video-2026-04-21-at-13.16.01.mp4<\/a><\/video><\/div>\n","protected":false},"excerpt":{"rendered":"<p>Cicle Inicial i Cicle Mitj\u00e0 ha viscut una experi\u00e8ncia musical molt enriquidora a l\u2019Orfe\u00f3 Lleidat\u00e0&hellip;  <a href=\"https:\/\/agora.xtec.cat\/ceipenricfarreny\/general\/quinart-26-continua-amb-una-experiencia-coral-a-lorfeo-lleidata\/\" title=\"Read QuinArt &#8217;26 continua amb una experi\u00e8ncia coral a l\u2019Orfe\u00f3 Lleidat\u00e0\">Llegeix m\u00e9s\u00bb<\/a><\/p>\n","protected":false},"author":1,"featured_media":29527,"comment_status":"open","ping_status":"open","sticky":false,"template":"","format":"standard","meta":{"_bbp_topic_count":0,"_bbp_reply_count":0,"_bbp_total_topic_count":0,"_bbp_total_reply_count":0,"_bbp_voice_count":0,"_bbp_anonymous_reply_count":0,"_bbp_topic_count_hidden":0,"_bbp_reply_count_hidden":0,"_bbp_forum_subforum_count":0,"footnotes":""},"categories":[50,46,47,1,4,5,51,161,49],"tags":[],"class_list":["post-29518","post","type-post","status-publish","format-standard","has-post-thumbnail","hentry","category-celebracions","category-cicle-inicial","category-cicle-mitja","category-general","category-portada","category-primaria","category-projectes","category-quin-art","category-sortides"],"post_mailing_queue_ids":[],"_links":{"self":[{"href":"https:\/\/agora.xtec.cat\/ceipenricfarreny\/wp-json\/wp\/v2\/posts\/29518","targetHints":{"allow":["GET"]}}],"collection":[{"href":"https:\/\/agora.xtec.cat\/ceipenricfarreny\/wp-json\/wp\/v2\/posts"}],"about":[{"href":"https:\/\/agora.xtec.cat\/ceipenricfarreny\/wp-json\/wp\/v2\/types\/post"}],"author":[{"embeddable":true,"href":"https:\/\/agora.xtec.cat\/ceipenricfarreny\/wp-json\/wp\/v2\/users\/1"}],"replies":[{"embeddable":true,"href":"https:\/\/agora.xtec.cat\/ceipenricfarreny\/wp-json\/wp\/v2\/comments?post=29518"}],"version-history":[{"count":2,"href":"https:\/\/agora.xtec.cat\/ceipenricfarreny\/wp-json\/wp\/v2\/posts\/29518\/revisions"}],"predecessor-version":[{"id":29530,"href":"https:\/\/agora.xtec.cat\/ceipenricfarreny\/wp-json\/wp\/v2\/posts\/29518\/revisions\/29530"}],"wp:featuredmedia":[{"embeddable":true,"href":"https:\/\/agora.xtec.cat\/ceipenricfarreny\/wp-json\/wp\/v2\/media\/29527"}],"wp:attachment":[{"href":"https:\/\/agora.xtec.cat\/ceipenricfarreny\/wp-json\/wp\/v2\/media?parent=29518"}],"wp:term":[{"taxonomy":"category","embeddable":true,"href":"https:\/\/agora.xtec.cat\/ceipenricfarreny\/wp-json\/wp\/v2\/categories?post=29518"},{"taxonomy":"post_tag","embeddable":true,"href":"https:\/\/agora.xtec.cat\/ceipenricfarreny\/wp-json\/wp\/v2\/tags?post=29518"}],"curies":[{"name":"wp","href":"https:\/\/api.w.org\/{rel}","templated":true}]}}