{"id":29488,"date":"2026-04-20T23:01:25","date_gmt":"2026-04-20T21:01:25","guid":{"rendered":"https:\/\/agora.xtec.cat\/ceipenricfarreny\/?p=29488"},"modified":"2026-04-20T23:03:11","modified_gmt":"2026-04-20T21:03:11","slug":"nova-edicio-del-quinart-26-amb-antoni-tolmos-i-teatre-festuc","status":"publish","type":"post","link":"https:\/\/agora.xtec.cat\/ceipenricfarreny\/general\/nova-edicio-del-quinart-26-amb-antoni-tolmos-i-teatre-festuc\/","title":{"rendered":"Nova edici\u00f3 del QuinArt &#8217;26 amb Antoni Tolmos i Teatre Festuc!"},"content":{"rendered":"<p>Avui hem iniciat una nova edici\u00f3 del projecte <strong>QuinART<\/strong>, enguany inspirat en la <strong>Festa Major de Lleida<\/strong>, una celebraci\u00f3 arrelada al territori que combina cultura, tradici\u00f3 i expressi\u00f3 art\u00edstica en m\u00faltiples formes. Aquest punt de partida ens permet connectar l\u2019alumnat amb el seu entorn m\u00e9s proper, tot valorant les manifestacions culturals pr\u00f2pies i entenent-les com a font d\u2019aprenentatge, identitat i cohesi\u00f3 social.<\/p>\n<p>El projecte <strong>QuinART<\/strong>, com a eix transversal del centre, aposta per integrar l\u2019art \u2014m\u00fasica, teatre, expressi\u00f3 corporal i pl\u00e0stica\u2014 dins del dia a dia de l\u2019escola. Aquesta mirada respon a la necessitat d\u2019oferir experi\u00e8ncies educatives globals, on l\u2019alumnat no nom\u00e9s adquireixi coneixements, sin\u00f3 que tamb\u00e9 desenvolupi la creativitat, la sensibilitat est\u00e8tica, l\u2019esperit cr\u00edtic i la capacitat d\u2019expressar-se en diferents llenguatges.<\/p>\n<p>Per iniciar aquesta setmana tan especial, l\u2019alumnat de prim\u00e0ria ha tingut l\u2019oportunitat de con\u00e8ixer de prop el m\u00fasic lleidat\u00e0 <strong>Antoni Tolmos<\/strong>, una figura destacada del panorama musical del territori. A trav\u00e9s d\u2019una entrevista preparada pels mateixos alumnes, han pogut descobrir la seva traject\u00f2ria, la seva passi\u00f3 per la m\u00fasica i el seu proc\u00e9s creatiu. La trobada ha culminat amb un moment m\u00e0gic: primer amb una improvisaci\u00f3 al piano i, tot seguit, amb la interpretaci\u00f3 de la seva <span style=\"color: #008080;\"><strong>can\u00e7\u00f3 <em>El teu nom<\/em><\/strong><\/span>, que tot l\u2019alumnat ha pogut cantar conjuntament amb ell. Una experi\u00e8ncia compartida que posa en valor la <strong>m\u00fasica com a llenguatge universal i eina d\u2019expressi\u00f3 emocional<\/strong>. Com a record, ens ha obsequiat amb el seu llibre &#8220;<em>Quan dubtes de tu. Autoestima per a artistes&#8221;,<\/em> tant en catal\u00e0 com en castell\u00e0 i, tamb\u00e9, el seu CD &#8220;<em>A 4 mans&#8221;<\/em>, un gest que refor\u00e7a el vincle entre escola i creadors locals.<\/p>\n\n\t\t<style type=\"text\/css\">\n\t\t\t#gallery-1 {\n\t\t\t\tmargin: auto;\n\t\t\t}\n\t\t\t#gallery-1 .gallery-item {\n\t\t\t\tfloat: left;\n\t\t\t\tmargin-top: 10px;\n\t\t\t\ttext-align: center;\n\t\t\t\twidth: 25%;\n\t\t\t}\n\t\t\t#gallery-1 img {\n\t\t\t\tborder: 2px solid #cfcfcf;\n\t\t\t}\n\t\t\t#gallery-1 .gallery-caption {\n\t\t\t\tmargin-left: 0;\n\t\t\t}\n\t\t\t\/* see gallery_shortcode() in wp-includes\/media.php *\/\n\t\t<\/style>\n\t\t<div id='gallery-1' class='gallery galleryid-29488 gallery-columns-4 gallery-size-medium'><dl class='gallery-item'>\n\t\t\t<dt class='gallery-icon landscape'>\n\t\t\t\t<a href='https:\/\/agora.xtec.cat\/ceipenricfarreny\/general\/nova-edicio-del-quinart-26-amb-antoni-tolmos-i-teatre-festuc\/attachment\/tolmos-1\/'><img loading=\"lazy\" decoding=\"async\" width=\"300\" height=\"226\" src=\"https:\/\/agora.xtec.cat\/ceipenricfarreny\/wp-content\/uploads\/usu137\/2026\/04\/Tolmos-1-300x226.jpeg\" class=\"attachment-medium size-medium\" alt=\"\" srcset=\"https:\/\/agora.xtec.cat\/ceipenricfarreny\/wp-content\/uploads\/usu137\/2026\/04\/Tolmos-1-300x226.jpeg 300w, https:\/\/agora.xtec.cat\/ceipenricfarreny\/wp-content\/uploads\/usu137\/2026\/04\/Tolmos-1-1024x771.jpeg 1024w, https:\/\/agora.xtec.cat\/ceipenricfarreny\/wp-content\/uploads\/usu137\/2026\/04\/Tolmos-1-768x578.jpeg 768w, https:\/\/agora.xtec.cat\/ceipenricfarreny\/wp-content\/uploads\/usu137\/2026\/04\/Tolmos-1-1536x1156.jpeg 1536w, https:\/\/agora.xtec.cat\/ceipenricfarreny\/wp-content\/uploads\/usu137\/2026\/04\/Tolmos-1-200x150.jpeg 200w, https:\/\/agora.xtec.cat\/ceipenricfarreny\/wp-content\/uploads\/usu137\/2026\/04\/Tolmos-1.jpeg 1600w\" sizes=\"auto, (max-width: 300px) 100vw, 300px\" \/><\/a>\n\t\t\t<\/dt><\/dl><dl class='gallery-item'>\n\t\t\t<dt class='gallery-icon landscape'>\n\t\t\t\t<a href='https:\/\/agora.xtec.cat\/ceipenricfarreny\/general\/nova-edicio-del-quinart-26-amb-antoni-tolmos-i-teatre-festuc\/attachment\/tolmos-2\/'><img loading=\"lazy\" decoding=\"async\" width=\"300\" height=\"226\" src=\"https:\/\/agora.xtec.cat\/ceipenricfarreny\/wp-content\/uploads\/usu137\/2026\/04\/Tolmos-2-300x226.jpeg\" class=\"attachment-medium size-medium\" alt=\"\" srcset=\"https:\/\/agora.xtec.cat\/ceipenricfarreny\/wp-content\/uploads\/usu137\/2026\/04\/Tolmos-2-300x226.jpeg 300w, https:\/\/agora.xtec.cat\/ceipenricfarreny\/wp-content\/uploads\/usu137\/2026\/04\/Tolmos-2-1024x771.jpeg 1024w, https:\/\/agora.xtec.cat\/ceipenricfarreny\/wp-content\/uploads\/usu137\/2026\/04\/Tolmos-2-768x578.jpeg 768w, https:\/\/agora.xtec.cat\/ceipenricfarreny\/wp-content\/uploads\/usu137\/2026\/04\/Tolmos-2-1536x1156.jpeg 1536w, https:\/\/agora.xtec.cat\/ceipenricfarreny\/wp-content\/uploads\/usu137\/2026\/04\/Tolmos-2-200x150.jpeg 200w, https:\/\/agora.xtec.cat\/ceipenricfarreny\/wp-content\/uploads\/usu137\/2026\/04\/Tolmos-2.jpeg 1600w\" sizes=\"auto, (max-width: 300px) 100vw, 300px\" \/><\/a>\n\t\t\t<\/dt><\/dl><dl class='gallery-item'>\n\t\t\t<dt class='gallery-icon landscape'>\n\t\t\t\t<a href='https:\/\/agora.xtec.cat\/ceipenricfarreny\/general\/nova-edicio-del-quinart-26-amb-antoni-tolmos-i-teatre-festuc\/attachment\/tolmos-3\/'><img loading=\"lazy\" decoding=\"async\" width=\"300\" height=\"226\" src=\"https:\/\/agora.xtec.cat\/ceipenricfarreny\/wp-content\/uploads\/usu137\/2026\/04\/Tolmos-3-300x226.jpeg\" class=\"attachment-medium size-medium\" alt=\"\" srcset=\"https:\/\/agora.xtec.cat\/ceipenricfarreny\/wp-content\/uploads\/usu137\/2026\/04\/Tolmos-3-300x226.jpeg 300w, https:\/\/agora.xtec.cat\/ceipenricfarreny\/wp-content\/uploads\/usu137\/2026\/04\/Tolmos-3-1024x771.jpeg 1024w, https:\/\/agora.xtec.cat\/ceipenricfarreny\/wp-content\/uploads\/usu137\/2026\/04\/Tolmos-3-768x578.jpeg 768w, https:\/\/agora.xtec.cat\/ceipenricfarreny\/wp-content\/uploads\/usu137\/2026\/04\/Tolmos-3-1536x1156.jpeg 1536w, https:\/\/agora.xtec.cat\/ceipenricfarreny\/wp-content\/uploads\/usu137\/2026\/04\/Tolmos-3-200x150.jpeg 200w, https:\/\/agora.xtec.cat\/ceipenricfarreny\/wp-content\/uploads\/usu137\/2026\/04\/Tolmos-3.jpeg 1600w\" sizes=\"auto, (max-width: 300px) 100vw, 300px\" \/><\/a>\n\t\t\t<\/dt><\/dl><dl class='gallery-item'>\n\t\t\t<dt class='gallery-icon landscape'>\n\t\t\t\t<a href='https:\/\/agora.xtec.cat\/ceipenricfarreny\/general\/nova-edicio-del-quinart-26-amb-antoni-tolmos-i-teatre-festuc\/attachment\/tolmos-piano\/'><img loading=\"lazy\" decoding=\"async\" width=\"300\" height=\"226\" src=\"https:\/\/agora.xtec.cat\/ceipenricfarreny\/wp-content\/uploads\/usu137\/2026\/04\/Tolmos-piano-300x226.jpeg\" class=\"attachment-medium size-medium\" alt=\"\" srcset=\"https:\/\/agora.xtec.cat\/ceipenricfarreny\/wp-content\/uploads\/usu137\/2026\/04\/Tolmos-piano-300x226.jpeg 300w, https:\/\/agora.xtec.cat\/ceipenricfarreny\/wp-content\/uploads\/usu137\/2026\/04\/Tolmos-piano-1024x771.jpeg 1024w, https:\/\/agora.xtec.cat\/ceipenricfarreny\/wp-content\/uploads\/usu137\/2026\/04\/Tolmos-piano-768x578.jpeg 768w, https:\/\/agora.xtec.cat\/ceipenricfarreny\/wp-content\/uploads\/usu137\/2026\/04\/Tolmos-piano-1536x1156.jpeg 1536w, https:\/\/agora.xtec.cat\/ceipenricfarreny\/wp-content\/uploads\/usu137\/2026\/04\/Tolmos-piano-200x150.jpeg 200w, https:\/\/agora.xtec.cat\/ceipenricfarreny\/wp-content\/uploads\/usu137\/2026\/04\/Tolmos-piano.jpeg 1600w\" sizes=\"auto, (max-width: 300px) 100vw, 300px\" \/><\/a>\n\t\t\t<\/dt><\/dl><br style=\"clear: both\" \/>\n\t\t<\/div>\n\n<div style=\"width: 478px;\" class=\"wp-video\"><!--[if lt IE 9]><script>document.createElement('video');<\/script><![endif]-->\n<video class=\"wp-video-shortcode\" id=\"video-29488-1\" width=\"478\" height=\"850\" preload=\"metadata\" controls=\"controls\"><source type=\"video\/mp4\" src=\"https:\/\/agora.xtec.cat\/ceipenricfarreny\/wp-content\/uploads\/usu137\/2026\/04\/Tolmos-canco.mp4?_=1\" \/><a href=\"https:\/\/agora.xtec.cat\/ceipenricfarreny\/wp-content\/uploads\/usu137\/2026\/04\/Tolmos-canco.mp4\">https:\/\/agora.xtec.cat\/ceipenricfarreny\/wp-content\/uploads\/usu137\/2026\/04\/Tolmos-canco.mp4<\/a><\/video><\/div>\n<p>&nbsp;<\/p>\n<p>A la tarda, l\u2019<strong>art esc\u00e8nic<\/strong> ha pres protagonisme amb la representaci\u00f3 de <strong>\u201cLa nena de la jungla: Jo, Tarz\u00e1n\u201d<\/strong> de la <strong>companyia Festuc<\/strong> <strong>Teatre<\/strong> de Corbins. Es tracta d\u2019una obra reconeguda amb diversos premis, entre ells a <em>millor espectacle per a p\u00fablic infantil, juvenil o familiar<\/em> i <em>millor producci\u00f3<\/em>. L\u2019obra ha captivat l\u2019alumnat des del primer moment, combinant <strong>humor, emoci\u00f3 i un llenguatge proper<\/strong> que ha facilitat la connexi\u00f3 amb la hist\u00f2ria. M\u00e9s enll\u00e0 de l\u2019entreteniment, la proposta ha obert espais de reflexi\u00f3 sobre la diversitat, la identitat i el respecte, convidant-nos a pensar que les difer\u00e8ncies ens enriqueixen i que no ens fan ni millors ni pitjors, sin\u00f3 \u00fanics.<\/p>\n\n\t\t<style type=\"text\/css\">\n\t\t\t#gallery-2 {\n\t\t\t\tmargin: auto;\n\t\t\t}\n\t\t\t#gallery-2 .gallery-item {\n\t\t\t\tfloat: left;\n\t\t\t\tmargin-top: 10px;\n\t\t\t\ttext-align: center;\n\t\t\t\twidth: 25%;\n\t\t\t}\n\t\t\t#gallery-2 img {\n\t\t\t\tborder: 2px solid #cfcfcf;\n\t\t\t}\n\t\t\t#gallery-2 .gallery-caption {\n\t\t\t\tmargin-left: 0;\n\t\t\t}\n\t\t\t\/* see gallery_shortcode() in wp-includes\/media.php *\/\n\t\t<\/style>\n\t\t<div id='gallery-2' class='gallery galleryid-29488 gallery-columns-4 gallery-size-medium'><dl class='gallery-item'>\n\t\t\t<dt class='gallery-icon portrait'>\n\t\t\t\t<a href='https:\/\/agora.xtec.cat\/ceipenricfarreny\/general\/nova-edicio-del-quinart-26-amb-antoni-tolmos-i-teatre-festuc\/attachment\/la-nena-de-la-jungla\/'><img loading=\"lazy\" decoding=\"async\" width=\"225\" height=\"300\" src=\"https:\/\/agora.xtec.cat\/ceipenricfarreny\/wp-content\/uploads\/usu137\/2026\/04\/La-nena-de-la-jungla-225x300.jpeg\" class=\"attachment-medium size-medium\" alt=\"\" srcset=\"https:\/\/agora.xtec.cat\/ceipenricfarreny\/wp-content\/uploads\/usu137\/2026\/04\/La-nena-de-la-jungla-225x300.jpeg 225w, https:\/\/agora.xtec.cat\/ceipenricfarreny\/wp-content\/uploads\/usu137\/2026\/04\/La-nena-de-la-jungla-768x1024.jpeg 768w, https:\/\/agora.xtec.cat\/ceipenricfarreny\/wp-content\/uploads\/usu137\/2026\/04\/La-nena-de-la-jungla-1152x1536.jpeg 1152w, https:\/\/agora.xtec.cat\/ceipenricfarreny\/wp-content\/uploads\/usu137\/2026\/04\/La-nena-de-la-jungla.jpeg 1536w\" sizes=\"auto, (max-width: 225px) 100vw, 225px\" \/><\/a>\n\t\t\t<\/dt><\/dl><dl class='gallery-item'>\n\t\t\t<dt class='gallery-icon portrait'>\n\t\t\t\t<a href='https:\/\/agora.xtec.cat\/ceipenricfarreny\/general\/nova-edicio-del-quinart-26-amb-antoni-tolmos-i-teatre-festuc\/attachment\/la-nena-de-la-jungla-10\/'><img loading=\"lazy\" decoding=\"async\" width=\"225\" height=\"300\" src=\"https:\/\/agora.xtec.cat\/ceipenricfarreny\/wp-content\/uploads\/usu137\/2026\/04\/La-nena-de-la-jungla-10-225x300.jpeg\" class=\"attachment-medium size-medium\" alt=\"\" srcset=\"https:\/\/agora.xtec.cat\/ceipenricfarreny\/wp-content\/uploads\/usu137\/2026\/04\/La-nena-de-la-jungla-10-225x300.jpeg 225w, https:\/\/agora.xtec.cat\/ceipenricfarreny\/wp-content\/uploads\/usu137\/2026\/04\/La-nena-de-la-jungla-10-768x1024.jpeg 768w, https:\/\/agora.xtec.cat\/ceipenricfarreny\/wp-content\/uploads\/usu137\/2026\/04\/La-nena-de-la-jungla-10-1152x1536.jpeg 1152w, https:\/\/agora.xtec.cat\/ceipenricfarreny\/wp-content\/uploads\/usu137\/2026\/04\/La-nena-de-la-jungla-10.jpeg 1200w\" sizes=\"auto, (max-width: 225px) 100vw, 225px\" \/><\/a>\n\t\t\t<\/dt><\/dl><dl class='gallery-item'>\n\t\t\t<dt class='gallery-icon portrait'>\n\t\t\t\t<a href='https:\/\/agora.xtec.cat\/ceipenricfarreny\/general\/nova-edicio-del-quinart-26-amb-antoni-tolmos-i-teatre-festuc\/attachment\/la-nena-de-la-jungla-09\/'><img loading=\"lazy\" decoding=\"async\" width=\"225\" height=\"300\" src=\"https:\/\/agora.xtec.cat\/ceipenricfarreny\/wp-content\/uploads\/usu137\/2026\/04\/La-nena-de-la-jungla-09-225x300.jpeg\" class=\"attachment-medium size-medium\" alt=\"\" srcset=\"https:\/\/agora.xtec.cat\/ceipenricfarreny\/wp-content\/uploads\/usu137\/2026\/04\/La-nena-de-la-jungla-09-225x300.jpeg 225w, https:\/\/agora.xtec.cat\/ceipenricfarreny\/wp-content\/uploads\/usu137\/2026\/04\/La-nena-de-la-jungla-09-768x1024.jpeg 768w, https:\/\/agora.xtec.cat\/ceipenricfarreny\/wp-content\/uploads\/usu137\/2026\/04\/La-nena-de-la-jungla-09-1152x1536.jpeg 1152w, https:\/\/agora.xtec.cat\/ceipenricfarreny\/wp-content\/uploads\/usu137\/2026\/04\/La-nena-de-la-jungla-09.jpeg 1536w\" sizes=\"auto, (max-width: 225px) 100vw, 225px\" \/><\/a>\n\t\t\t<\/dt><\/dl><dl class='gallery-item'>\n\t\t\t<dt class='gallery-icon portrait'>\n\t\t\t\t<a href='https:\/\/agora.xtec.cat\/ceipenricfarreny\/general\/nova-edicio-del-quinart-26-amb-antoni-tolmos-i-teatre-festuc\/attachment\/la-nena-de-la-jungla-13\/'><img loading=\"lazy\" decoding=\"async\" width=\"225\" height=\"300\" src=\"https:\/\/agora.xtec.cat\/ceipenricfarreny\/wp-content\/uploads\/usu137\/2026\/04\/La-nena-de-la-jungla-13-225x300.jpeg\" class=\"attachment-medium size-medium\" alt=\"\" srcset=\"https:\/\/agora.xtec.cat\/ceipenricfarreny\/wp-content\/uploads\/usu137\/2026\/04\/La-nena-de-la-jungla-13-225x300.jpeg 225w, https:\/\/agora.xtec.cat\/ceipenricfarreny\/wp-content\/uploads\/usu137\/2026\/04\/La-nena-de-la-jungla-13-768x1024.jpeg 768w, https:\/\/agora.xtec.cat\/ceipenricfarreny\/wp-content\/uploads\/usu137\/2026\/04\/La-nena-de-la-jungla-13-1152x1536.jpeg 1152w, https:\/\/agora.xtec.cat\/ceipenricfarreny\/wp-content\/uploads\/usu137\/2026\/04\/La-nena-de-la-jungla-13.jpeg 1200w\" sizes=\"auto, (max-width: 225px) 100vw, 225px\" \/><\/a>\n\t\t\t<\/dt><\/dl><br style=\"clear: both\" \/><dl class='gallery-item'>\n\t\t\t<dt class='gallery-icon landscape'>\n\t\t\t\t<a href='https:\/\/agora.xtec.cat\/ceipenricfarreny\/general\/nova-edicio-del-quinart-26-amb-antoni-tolmos-i-teatre-festuc\/attachment\/la-nena-de-la-jungla-05\/'><img loading=\"lazy\" decoding=\"async\" width=\"300\" height=\"225\" src=\"https:\/\/agora.xtec.cat\/ceipenricfarreny\/wp-content\/uploads\/usu137\/2026\/04\/La-nena-de-la-jungla-05-300x225.jpeg\" class=\"attachment-medium size-medium\" alt=\"\" srcset=\"https:\/\/agora.xtec.cat\/ceipenricfarreny\/wp-content\/uploads\/usu137\/2026\/04\/La-nena-de-la-jungla-05-300x225.jpeg 300w, https:\/\/agora.xtec.cat\/ceipenricfarreny\/wp-content\/uploads\/usu137\/2026\/04\/La-nena-de-la-jungla-05-1024x768.jpeg 1024w, https:\/\/agora.xtec.cat\/ceipenricfarreny\/wp-content\/uploads\/usu137\/2026\/04\/La-nena-de-la-jungla-05-768x576.jpeg 768w, https:\/\/agora.xtec.cat\/ceipenricfarreny\/wp-content\/uploads\/usu137\/2026\/04\/La-nena-de-la-jungla-05-1536x1152.jpeg 1536w, https:\/\/agora.xtec.cat\/ceipenricfarreny\/wp-content\/uploads\/usu137\/2026\/04\/La-nena-de-la-jungla-05-200x150.jpeg 200w, https:\/\/agora.xtec.cat\/ceipenricfarreny\/wp-content\/uploads\/usu137\/2026\/04\/La-nena-de-la-jungla-05.jpeg 2048w\" sizes=\"auto, (max-width: 300px) 100vw, 300px\" \/><\/a>\n\t\t\t<\/dt><\/dl><dl class='gallery-item'>\n\t\t\t<dt class='gallery-icon landscape'>\n\t\t\t\t<a href='https:\/\/agora.xtec.cat\/ceipenricfarreny\/general\/nova-edicio-del-quinart-26-amb-antoni-tolmos-i-teatre-festuc\/attachment\/la-nena-de-la-jungla-04\/'><img loading=\"lazy\" decoding=\"async\" width=\"300\" height=\"225\" src=\"https:\/\/agora.xtec.cat\/ceipenricfarreny\/wp-content\/uploads\/usu137\/2026\/04\/La-nena-de-la-jungla-04-300x225.jpeg\" class=\"attachment-medium size-medium\" alt=\"\" srcset=\"https:\/\/agora.xtec.cat\/ceipenricfarreny\/wp-content\/uploads\/usu137\/2026\/04\/La-nena-de-la-jungla-04-300x225.jpeg 300w, https:\/\/agora.xtec.cat\/ceipenricfarreny\/wp-content\/uploads\/usu137\/2026\/04\/La-nena-de-la-jungla-04-1024x768.jpeg 1024w, https:\/\/agora.xtec.cat\/ceipenricfarreny\/wp-content\/uploads\/usu137\/2026\/04\/La-nena-de-la-jungla-04-768x576.jpeg 768w, https:\/\/agora.xtec.cat\/ceipenricfarreny\/wp-content\/uploads\/usu137\/2026\/04\/La-nena-de-la-jungla-04-1536x1152.jpeg 1536w, https:\/\/agora.xtec.cat\/ceipenricfarreny\/wp-content\/uploads\/usu137\/2026\/04\/La-nena-de-la-jungla-04-200x150.jpeg 200w, https:\/\/agora.xtec.cat\/ceipenricfarreny\/wp-content\/uploads\/usu137\/2026\/04\/La-nena-de-la-jungla-04.jpeg 2048w\" sizes=\"auto, (max-width: 300px) 100vw, 300px\" \/><\/a>\n\t\t\t<\/dt><\/dl><dl class='gallery-item'>\n\t\t\t<dt class='gallery-icon landscape'>\n\t\t\t\t<a href='https:\/\/agora.xtec.cat\/ceipenricfarreny\/general\/nova-edicio-del-quinart-26-amb-antoni-tolmos-i-teatre-festuc\/attachment\/la-nena-de-la-jungla-06\/'><img loading=\"lazy\" decoding=\"async\" width=\"300\" height=\"225\" src=\"https:\/\/agora.xtec.cat\/ceipenricfarreny\/wp-content\/uploads\/usu137\/2026\/04\/La-nena-de-la-jungla-06-300x225.jpeg\" class=\"attachment-medium size-medium\" alt=\"\" srcset=\"https:\/\/agora.xtec.cat\/ceipenricfarreny\/wp-content\/uploads\/usu137\/2026\/04\/La-nena-de-la-jungla-06-300x225.jpeg 300w, https:\/\/agora.xtec.cat\/ceipenricfarreny\/wp-content\/uploads\/usu137\/2026\/04\/La-nena-de-la-jungla-06-1024x768.jpeg 1024w, https:\/\/agora.xtec.cat\/ceipenricfarreny\/wp-content\/uploads\/usu137\/2026\/04\/La-nena-de-la-jungla-06-768x576.jpeg 768w, https:\/\/agora.xtec.cat\/ceipenricfarreny\/wp-content\/uploads\/usu137\/2026\/04\/La-nena-de-la-jungla-06-1536x1152.jpeg 1536w, https:\/\/agora.xtec.cat\/ceipenricfarreny\/wp-content\/uploads\/usu137\/2026\/04\/La-nena-de-la-jungla-06-200x150.jpeg 200w, https:\/\/agora.xtec.cat\/ceipenricfarreny\/wp-content\/uploads\/usu137\/2026\/04\/La-nena-de-la-jungla-06.jpeg 2048w\" sizes=\"auto, (max-width: 300px) 100vw, 300px\" \/><\/a>\n\t\t\t<\/dt><\/dl><dl class='gallery-item'>\n\t\t\t<dt class='gallery-icon landscape'>\n\t\t\t\t<a href='https:\/\/agora.xtec.cat\/ceipenricfarreny\/general\/nova-edicio-del-quinart-26-amb-antoni-tolmos-i-teatre-festuc\/attachment\/la-nena-de-la-jungla-07\/'><img loading=\"lazy\" decoding=\"async\" width=\"300\" height=\"225\" src=\"https:\/\/agora.xtec.cat\/ceipenricfarreny\/wp-content\/uploads\/usu137\/2026\/04\/La-nena-de-la-jungla-07-300x225.jpeg\" class=\"attachment-medium size-medium\" alt=\"\" srcset=\"https:\/\/agora.xtec.cat\/ceipenricfarreny\/wp-content\/uploads\/usu137\/2026\/04\/La-nena-de-la-jungla-07-300x225.jpeg 300w, https:\/\/agora.xtec.cat\/ceipenricfarreny\/wp-content\/uploads\/usu137\/2026\/04\/La-nena-de-la-jungla-07-1024x768.jpeg 1024w, https:\/\/agora.xtec.cat\/ceipenricfarreny\/wp-content\/uploads\/usu137\/2026\/04\/La-nena-de-la-jungla-07-768x576.jpeg 768w, https:\/\/agora.xtec.cat\/ceipenricfarreny\/wp-content\/uploads\/usu137\/2026\/04\/La-nena-de-la-jungla-07-1536x1152.jpeg 1536w, https:\/\/agora.xtec.cat\/ceipenricfarreny\/wp-content\/uploads\/usu137\/2026\/04\/La-nena-de-la-jungla-07-200x150.jpeg 200w, https:\/\/agora.xtec.cat\/ceipenricfarreny\/wp-content\/uploads\/usu137\/2026\/04\/La-nena-de-la-jungla-07.jpeg 2048w\" sizes=\"auto, (max-width: 300px) 100vw, 300px\" \/><\/a>\n\t\t\t<\/dt><\/dl><br style=\"clear: both\" \/><dl class='gallery-item'>\n\t\t\t<dt class='gallery-icon landscape'>\n\t\t\t\t<a href='https:\/\/agora.xtec.cat\/ceipenricfarreny\/general\/nova-edicio-del-quinart-26-amb-antoni-tolmos-i-teatre-festuc\/attachment\/la-nena-de-la-jungla-14\/'><img loading=\"lazy\" decoding=\"async\" width=\"300\" height=\"225\" src=\"https:\/\/agora.xtec.cat\/ceipenricfarreny\/wp-content\/uploads\/usu137\/2026\/04\/La-nena-de-la-jungla-14-300x225.jpeg\" class=\"attachment-medium size-medium\" alt=\"\" srcset=\"https:\/\/agora.xtec.cat\/ceipenricfarreny\/wp-content\/uploads\/usu137\/2026\/04\/La-nena-de-la-jungla-14-300x225.jpeg 300w, https:\/\/agora.xtec.cat\/ceipenricfarreny\/wp-content\/uploads\/usu137\/2026\/04\/La-nena-de-la-jungla-14-1024x768.jpeg 1024w, https:\/\/agora.xtec.cat\/ceipenricfarreny\/wp-content\/uploads\/usu137\/2026\/04\/La-nena-de-la-jungla-14-768x576.jpeg 768w, https:\/\/agora.xtec.cat\/ceipenricfarreny\/wp-content\/uploads\/usu137\/2026\/04\/La-nena-de-la-jungla-14-1536x1152.jpeg 1536w, https:\/\/agora.xtec.cat\/ceipenricfarreny\/wp-content\/uploads\/usu137\/2026\/04\/La-nena-de-la-jungla-14-200x150.jpeg 200w, https:\/\/agora.xtec.cat\/ceipenricfarreny\/wp-content\/uploads\/usu137\/2026\/04\/La-nena-de-la-jungla-14.jpeg 1600w\" sizes=\"auto, (max-width: 300px) 100vw, 300px\" \/><\/a>\n\t\t\t<\/dt><\/dl><dl class='gallery-item'>\n\t\t\t<dt class='gallery-icon landscape'>\n\t\t\t\t<a href='https:\/\/agora.xtec.cat\/ceipenricfarreny\/general\/nova-edicio-del-quinart-26-amb-antoni-tolmos-i-teatre-festuc\/attachment\/la-nena-de-la-jungla-08\/'><img loading=\"lazy\" decoding=\"async\" width=\"300\" height=\"225\" src=\"https:\/\/agora.xtec.cat\/ceipenricfarreny\/wp-content\/uploads\/usu137\/2026\/04\/La-nena-de-la-jungla-08-300x225.jpeg\" class=\"attachment-medium size-medium\" alt=\"\" srcset=\"https:\/\/agora.xtec.cat\/ceipenricfarreny\/wp-content\/uploads\/usu137\/2026\/04\/La-nena-de-la-jungla-08-300x225.jpeg 300w, https:\/\/agora.xtec.cat\/ceipenricfarreny\/wp-content\/uploads\/usu137\/2026\/04\/La-nena-de-la-jungla-08-1024x768.jpeg 1024w, https:\/\/agora.xtec.cat\/ceipenricfarreny\/wp-content\/uploads\/usu137\/2026\/04\/La-nena-de-la-jungla-08-768x576.jpeg 768w, https:\/\/agora.xtec.cat\/ceipenricfarreny\/wp-content\/uploads\/usu137\/2026\/04\/La-nena-de-la-jungla-08-1536x1152.jpeg 1536w, https:\/\/agora.xtec.cat\/ceipenricfarreny\/wp-content\/uploads\/usu137\/2026\/04\/La-nena-de-la-jungla-08-200x150.jpeg 200w, https:\/\/agora.xtec.cat\/ceipenricfarreny\/wp-content\/uploads\/usu137\/2026\/04\/La-nena-de-la-jungla-08.jpeg 2048w\" sizes=\"auto, (max-width: 300px) 100vw, 300px\" \/><\/a>\n\t\t\t<\/dt><\/dl><dl class='gallery-item'>\n\t\t\t<dt class='gallery-icon landscape'>\n\t\t\t\t<a href='https:\/\/agora.xtec.cat\/ceipenricfarreny\/general\/nova-edicio-del-quinart-26-amb-antoni-tolmos-i-teatre-festuc\/attachment\/la-nena-de-la-jungla-11\/'><img loading=\"lazy\" decoding=\"async\" width=\"300\" height=\"225\" src=\"https:\/\/agora.xtec.cat\/ceipenricfarreny\/wp-content\/uploads\/usu137\/2026\/04\/La-nena-de-la-jungla-11-300x225.jpeg\" class=\"attachment-medium size-medium\" alt=\"\" srcset=\"https:\/\/agora.xtec.cat\/ceipenricfarreny\/wp-content\/uploads\/usu137\/2026\/04\/La-nena-de-la-jungla-11-300x225.jpeg 300w, https:\/\/agora.xtec.cat\/ceipenricfarreny\/wp-content\/uploads\/usu137\/2026\/04\/La-nena-de-la-jungla-11-1024x768.jpeg 1024w, https:\/\/agora.xtec.cat\/ceipenricfarreny\/wp-content\/uploads\/usu137\/2026\/04\/La-nena-de-la-jungla-11-768x576.jpeg 768w, https:\/\/agora.xtec.cat\/ceipenricfarreny\/wp-content\/uploads\/usu137\/2026\/04\/La-nena-de-la-jungla-11-1536x1152.jpeg 1536w, https:\/\/agora.xtec.cat\/ceipenricfarreny\/wp-content\/uploads\/usu137\/2026\/04\/La-nena-de-la-jungla-11-200x150.jpeg 200w, https:\/\/agora.xtec.cat\/ceipenricfarreny\/wp-content\/uploads\/usu137\/2026\/04\/La-nena-de-la-jungla-11.jpeg 1600w\" sizes=\"auto, (max-width: 300px) 100vw, 300px\" \/><\/a>\n\t\t\t<\/dt><\/dl><dl class='gallery-item'>\n\t\t\t<dt class='gallery-icon landscape'>\n\t\t\t\t<a href='https:\/\/agora.xtec.cat\/ceipenricfarreny\/general\/nova-edicio-del-quinart-26-amb-antoni-tolmos-i-teatre-festuc\/attachment\/la-nena-de-la-jungla-12\/'><img loading=\"lazy\" decoding=\"async\" width=\"300\" height=\"225\" src=\"https:\/\/agora.xtec.cat\/ceipenricfarreny\/wp-content\/uploads\/usu137\/2026\/04\/La-nena-de-la-jungla-12-300x225.jpeg\" class=\"attachment-medium size-medium\" alt=\"\" srcset=\"https:\/\/agora.xtec.cat\/ceipenricfarreny\/wp-content\/uploads\/usu137\/2026\/04\/La-nena-de-la-jungla-12-300x225.jpeg 300w, https:\/\/agora.xtec.cat\/ceipenricfarreny\/wp-content\/uploads\/usu137\/2026\/04\/La-nena-de-la-jungla-12-1024x768.jpeg 1024w, https:\/\/agora.xtec.cat\/ceipenricfarreny\/wp-content\/uploads\/usu137\/2026\/04\/La-nena-de-la-jungla-12-768x576.jpeg 768w, https:\/\/agora.xtec.cat\/ceipenricfarreny\/wp-content\/uploads\/usu137\/2026\/04\/La-nena-de-la-jungla-12-1536x1152.jpeg 1536w, https:\/\/agora.xtec.cat\/ceipenricfarreny\/wp-content\/uploads\/usu137\/2026\/04\/La-nena-de-la-jungla-12-200x150.jpeg 200w, https:\/\/agora.xtec.cat\/ceipenricfarreny\/wp-content\/uploads\/usu137\/2026\/04\/La-nena-de-la-jungla-12.jpeg 1600w\" sizes=\"auto, (max-width: 300px) 100vw, 300px\" \/><\/a>\n\t\t\t<\/dt><\/dl><br style=\"clear: both\" \/>\n\t\t<\/div>\n\n<p>La participaci\u00f3 en aquest tipus d\u2019<span style=\"color: #008080;\"><strong>experi\u00e8ncies art\u00edstiques<\/strong><\/span> dins l\u2019\u00e0mbit educatiu \u00e9s fonamental. Permet treballar <strong>compet\u00e8ncies comunicatives, culturals i socials<\/strong> d\u2019una manera vivencial i significativa, afavorint l\u2019aprenentatge a trav\u00e9s de l\u2019emoci\u00f3 i la participaci\u00f3 activa. A m\u00e9s, apropar l\u2019alumnat a artistes i professionals del territori refor\u00e7a el sentiment de pertinen\u00e7a i dona valor a la cultura local.<\/p>\n<p>Amb aquest inici, el <span style=\"color: #008080;\"><strong>QuinArt<\/strong><\/span>\u00a0torna a demostrar que l\u2019<strong>escola<\/strong> pot ser un <strong>espai on l\u2019art es viu, es comparteix i esdev\u00e9 motor d\u2019aprenentatge<\/strong>. Una manera d\u2019educar que va m\u00e9s enll\u00e0 de l\u2019aula i que deixa empremta.<\/p>\n<p>Continuarem informant!<\/p>\n","protected":false},"excerpt":{"rendered":"<p>QuinART dona el tret de sortida amb la Festa Major de Lleida&hellip;  <a href=\"https:\/\/agora.xtec.cat\/ceipenricfarreny\/general\/nova-edicio-del-quinart-26-amb-antoni-tolmos-i-teatre-festuc\/\" title=\"Read Nova edici\u00f3 del QuinArt &#8217;26 amb Antoni Tolmos i Teatre Festuc!\">Llegeix m\u00e9s\u00bb<\/a><\/p>\n","protected":false},"author":1,"featured_media":29511,"comment_status":"open","ping_status":"open","sticky":false,"template":"","format":"standard","meta":{"_bbp_topic_count":0,"_bbp_reply_count":0,"_bbp_total_topic_count":0,"_bbp_total_reply_count":0,"_bbp_voice_count":0,"_bbp_anonymous_reply_count":0,"_bbp_topic_count_hidden":0,"_bbp_reply_count_hidden":0,"_bbp_forum_subforum_count":0,"footnotes":""},"categories":[176,50,189,46,47,48,1,2,4,51,161],"tags":[],"class_list":["post-29488","post","type-post","status-publish","format-standard","has-post-thumbnail","hentry","category-bibliotech","category-celebracions","category-cete","category-cicle-inicial","category-cicle-mitja","category-cicle-superior","category-general","category-infantil","category-portada","category-projectes","category-quin-art"],"post_mailing_queue_ids":[],"_links":{"self":[{"href":"https:\/\/agora.xtec.cat\/ceipenricfarreny\/wp-json\/wp\/v2\/posts\/29488","targetHints":{"allow":["GET"]}}],"collection":[{"href":"https:\/\/agora.xtec.cat\/ceipenricfarreny\/wp-json\/wp\/v2\/posts"}],"about":[{"href":"https:\/\/agora.xtec.cat\/ceipenricfarreny\/wp-json\/wp\/v2\/types\/post"}],"author":[{"embeddable":true,"href":"https:\/\/agora.xtec.cat\/ceipenricfarreny\/wp-json\/wp\/v2\/users\/1"}],"replies":[{"embeddable":true,"href":"https:\/\/agora.xtec.cat\/ceipenricfarreny\/wp-json\/wp\/v2\/comments?post=29488"}],"version-history":[{"count":6,"href":"https:\/\/agora.xtec.cat\/ceipenricfarreny\/wp-json\/wp\/v2\/posts\/29488\/revisions"}],"predecessor-version":[{"id":29517,"href":"https:\/\/agora.xtec.cat\/ceipenricfarreny\/wp-json\/wp\/v2\/posts\/29488\/revisions\/29517"}],"wp:featuredmedia":[{"embeddable":true,"href":"https:\/\/agora.xtec.cat\/ceipenricfarreny\/wp-json\/wp\/v2\/media\/29511"}],"wp:attachment":[{"href":"https:\/\/agora.xtec.cat\/ceipenricfarreny\/wp-json\/wp\/v2\/media?parent=29488"}],"wp:term":[{"taxonomy":"category","embeddable":true,"href":"https:\/\/agora.xtec.cat\/ceipenricfarreny\/wp-json\/wp\/v2\/categories?post=29488"},{"taxonomy":"post_tag","embeddable":true,"href":"https:\/\/agora.xtec.cat\/ceipenricfarreny\/wp-json\/wp\/v2\/tags?post=29488"}],"curies":[{"name":"wp","href":"https:\/\/api.w.org\/{rel}","templated":true}]}}