{"id":25673,"date":"2024-03-21T13:37:10","date_gmt":"2024-03-21T12:37:10","guid":{"rendered":"https:\/\/agora.xtec.cat\/ceipenricfarreny\/?p=25673"},"modified":"2024-03-23T07:49:17","modified_gmt":"2024-03-23T06:49:17","slug":"premi-fosquet-a-la-biblioteca","status":"publish","type":"post","link":"https:\/\/agora.xtec.cat\/ceipenricfarreny\/general\/premi-fosquet-a-la-biblioteca\/","title":{"rendered":"Premi FOSQUET a la biblioteca"},"content":{"rendered":"<p>Avui, dia mundial de la poesia, la classe de 2n hem celebrat el <strong>Premi FOSQUET, el millor llibre de l&#8217;Enric Farreny.<\/strong><\/p>\n<p>Ha estat un projecte llarg i engrescador, derivat de la formaci\u00f3 BIBLIOTECH de la Fundaci\u00f3 Bofill i del projecte CETE+ d&#8217;internacionalitzaci\u00f3 de la biblioteca, que avui ha finalitzat amb una gran celebraci\u00f3.<\/p>\n<p>Primer de tot vam acordar com <strong>organitzar el premi,<\/strong> qu\u00e8 era necessari, a qui convidar\u00edem, com ho far\u00edem,&#8230; i aix\u00ed vam establir les bases de participaci\u00f3. Despr\u00e9s vam decidir premiar aquells contes que m\u00e9s ens havien agradat i per aix\u00f2 vam sel\u00b7leccionar-ne 6, un per a cada equip: &#8220;Et menjad\u00e9!&#8221;, &#8220;El lloro verd&#8221;, &#8220;El cocodril a qui no li agradava l&#8217;aigua&#8221;, &#8220;Una mica m\u00e9s&#8221;, &#8220;D&#8217;aqu\u00ed no passa ning\u00fa&#8221; i &#8220;Massa ovelles per comptar&#8221;.<a href=\"https:\/\/agora.xtec.cat\/ceipenricfarreny\/wp-content\/uploads\/usu137\/2024\/03\/premi-fosquet_enregistrament-5.jpeg\"><img loading=\"lazy\" decoding=\"async\" class=\"aligncenter size-medium wp-image-25674\" src=\"https:\/\/agora.xtec.cat\/ceipenricfarreny\/wp-content\/uploads\/usu137\/2024\/03\/premi-fosquet_enregistrament-5-300x226.jpeg\" alt=\"\" width=\"300\" height=\"226\" srcset=\"https:\/\/agora.xtec.cat\/ceipenricfarreny\/wp-content\/uploads\/usu137\/2024\/03\/premi-fosquet_enregistrament-5-300x226.jpeg 300w, https:\/\/agora.xtec.cat\/ceipenricfarreny\/wp-content\/uploads\/usu137\/2024\/03\/premi-fosquet_enregistrament-5-1024x771.jpeg 1024w, https:\/\/agora.xtec.cat\/ceipenricfarreny\/wp-content\/uploads\/usu137\/2024\/03\/premi-fosquet_enregistrament-5-768x578.jpeg 768w, https:\/\/agora.xtec.cat\/ceipenricfarreny\/wp-content\/uploads\/usu137\/2024\/03\/premi-fosquet_enregistrament-5-1536x1157.jpeg 1536w, https:\/\/agora.xtec.cat\/ceipenricfarreny\/wp-content\/uploads\/usu137\/2024\/03\/premi-fosquet_enregistrament-5-200x150.jpeg 200w, https:\/\/agora.xtec.cat\/ceipenricfarreny\/wp-content\/uploads\/usu137\/2024\/03\/premi-fosquet_enregistrament-5.jpeg 2040w\" sizes=\"auto, (max-width: 300px) 100vw, 300px\" \/><\/a><\/p>\n<p>A partir d&#8217;aqu\u00ed cada equip vam fer un <strong>an\u00e0lisi literari<\/strong> del\u00a0 llibre per elaborar un gui\u00f3 que ens va servir per <strong>enregistrar<\/strong> un v\u00eddeo per promocionar el conte el dia del certamen. Aquest enregistrament s&#8217;ha fet en <strong>diferents lleng\u00fces<\/strong> i hem participat tots i totes.<\/p>\n\n\t\t<style type=\"text\/css\">\n\t\t\t#gallery-1 {\n\t\t\t\tmargin: auto;\n\t\t\t}\n\t\t\t#gallery-1 .gallery-item {\n\t\t\t\tfloat: left;\n\t\t\t\tmargin-top: 10px;\n\t\t\t\ttext-align: center;\n\t\t\t\twidth: 25%;\n\t\t\t}\n\t\t\t#gallery-1 img {\n\t\t\t\tborder: 2px solid #cfcfcf;\n\t\t\t}\n\t\t\t#gallery-1 .gallery-caption {\n\t\t\t\tmargin-left: 0;\n\t\t\t}\n\t\t\t\/* see gallery_shortcode() in wp-includes\/media.php *\/\n\t\t<\/style>\n\t\t<div id='gallery-1' class='gallery galleryid-25673 gallery-columns-4 gallery-size-medium'><dl class='gallery-item'>\n\t\t\t<dt class='gallery-icon landscape'>\n\t\t\t\t<a href='https:\/\/agora.xtec.cat\/ceipenricfarreny\/general\/premi-fosquet-a-la-biblioteca\/attachment\/whatsapp-image-2024-03-04-at-19-03-55-1\/'><img loading=\"lazy\" decoding=\"async\" width=\"300\" height=\"226\" src=\"https:\/\/agora.xtec.cat\/ceipenricfarreny\/wp-content\/uploads\/usu137\/2024\/03\/WhatsApp-Image-2024-03-04-at-19.03.55-1-1-300x226.jpeg\" class=\"attachment-medium size-medium\" alt=\"\" srcset=\"https:\/\/agora.xtec.cat\/ceipenricfarreny\/wp-content\/uploads\/usu137\/2024\/03\/WhatsApp-Image-2024-03-04-at-19.03.55-1-1-300x226.jpeg 300w, https:\/\/agora.xtec.cat\/ceipenricfarreny\/wp-content\/uploads\/usu137\/2024\/03\/WhatsApp-Image-2024-03-04-at-19.03.55-1-1-1024x771.jpeg 1024w, https:\/\/agora.xtec.cat\/ceipenricfarreny\/wp-content\/uploads\/usu137\/2024\/03\/WhatsApp-Image-2024-03-04-at-19.03.55-1-1-768x578.jpeg 768w, https:\/\/agora.xtec.cat\/ceipenricfarreny\/wp-content\/uploads\/usu137\/2024\/03\/WhatsApp-Image-2024-03-04-at-19.03.55-1-1-1536x1157.jpeg 1536w, https:\/\/agora.xtec.cat\/ceipenricfarreny\/wp-content\/uploads\/usu137\/2024\/03\/WhatsApp-Image-2024-03-04-at-19.03.55-1-1-200x150.jpeg 200w, https:\/\/agora.xtec.cat\/ceipenricfarreny\/wp-content\/uploads\/usu137\/2024\/03\/WhatsApp-Image-2024-03-04-at-19.03.55-1-1.jpeg 2040w\" sizes=\"auto, (max-width: 300px) 100vw, 300px\" \/><\/a>\n\t\t\t<\/dt><\/dl><dl class='gallery-item'>\n\t\t\t<dt class='gallery-icon landscape'>\n\t\t\t\t<a href='https:\/\/agora.xtec.cat\/ceipenricfarreny\/general\/premi-fosquet-a-la-biblioteca\/attachment\/whatsapp-image-2024-03-04-at-19-03-57\/'><img loading=\"lazy\" decoding=\"async\" width=\"300\" height=\"226\" src=\"https:\/\/agora.xtec.cat\/ceipenricfarreny\/wp-content\/uploads\/usu137\/2024\/03\/WhatsApp-Image-2024-03-04-at-19.03.57-e1711022937566-300x226.jpeg\" class=\"attachment-medium size-medium\" alt=\"\" srcset=\"https:\/\/agora.xtec.cat\/ceipenricfarreny\/wp-content\/uploads\/usu137\/2024\/03\/WhatsApp-Image-2024-03-04-at-19.03.57-e1711022937566-300x226.jpeg 300w, https:\/\/agora.xtec.cat\/ceipenricfarreny\/wp-content\/uploads\/usu137\/2024\/03\/WhatsApp-Image-2024-03-04-at-19.03.57-e1711022937566-1024x771.jpeg 1024w, https:\/\/agora.xtec.cat\/ceipenricfarreny\/wp-content\/uploads\/usu137\/2024\/03\/WhatsApp-Image-2024-03-04-at-19.03.57-e1711022937566-768x578.jpeg 768w, https:\/\/agora.xtec.cat\/ceipenricfarreny\/wp-content\/uploads\/usu137\/2024\/03\/WhatsApp-Image-2024-03-04-at-19.03.57-e1711022937566-1536x1157.jpeg 1536w, https:\/\/agora.xtec.cat\/ceipenricfarreny\/wp-content\/uploads\/usu137\/2024\/03\/WhatsApp-Image-2024-03-04-at-19.03.57-e1711022937566-200x150.jpeg 200w, https:\/\/agora.xtec.cat\/ceipenricfarreny\/wp-content\/uploads\/usu137\/2024\/03\/WhatsApp-Image-2024-03-04-at-19.03.57-e1711022937566.jpeg 2040w\" sizes=\"auto, (max-width: 300px) 100vw, 300px\" \/><\/a>\n\t\t\t<\/dt><\/dl><dl class='gallery-item'>\n\t\t\t<dt class='gallery-icon landscape'>\n\t\t\t\t<a href='https:\/\/agora.xtec.cat\/ceipenricfarreny\/general\/premi-fosquet-a-la-biblioteca\/attachment\/whatsapp-image-2024-03-04-at-19-03-55-2\/'><img loading=\"lazy\" decoding=\"async\" width=\"300\" height=\"226\" src=\"https:\/\/agora.xtec.cat\/ceipenricfarreny\/wp-content\/uploads\/usu137\/2024\/03\/WhatsApp-Image-2024-03-04-at-19.03.55-1-300x226.jpeg\" class=\"attachment-medium size-medium\" alt=\"\" srcset=\"https:\/\/agora.xtec.cat\/ceipenricfarreny\/wp-content\/uploads\/usu137\/2024\/03\/WhatsApp-Image-2024-03-04-at-19.03.55-1-300x226.jpeg 300w, https:\/\/agora.xtec.cat\/ceipenricfarreny\/wp-content\/uploads\/usu137\/2024\/03\/WhatsApp-Image-2024-03-04-at-19.03.55-1-1024x771.jpeg 1024w, https:\/\/agora.xtec.cat\/ceipenricfarreny\/wp-content\/uploads\/usu137\/2024\/03\/WhatsApp-Image-2024-03-04-at-19.03.55-1-768x578.jpeg 768w, https:\/\/agora.xtec.cat\/ceipenricfarreny\/wp-content\/uploads\/usu137\/2024\/03\/WhatsApp-Image-2024-03-04-at-19.03.55-1-1536x1157.jpeg 1536w, https:\/\/agora.xtec.cat\/ceipenricfarreny\/wp-content\/uploads\/usu137\/2024\/03\/WhatsApp-Image-2024-03-04-at-19.03.55-1-200x150.jpeg 200w, https:\/\/agora.xtec.cat\/ceipenricfarreny\/wp-content\/uploads\/usu137\/2024\/03\/WhatsApp-Image-2024-03-04-at-19.03.55-1.jpeg 2040w\" sizes=\"auto, (max-width: 300px) 100vw, 300px\" \/><\/a>\n\t\t\t<\/dt><\/dl><dl class='gallery-item'>\n\t\t\t<dt class='gallery-icon landscape'>\n\t\t\t\t<a href='https:\/\/agora.xtec.cat\/ceipenricfarreny\/general\/premi-fosquet-a-la-biblioteca\/attachment\/whatsapp-image-2024-03-04-at-19-03-56\/'><img loading=\"lazy\" decoding=\"async\" width=\"300\" height=\"226\" src=\"https:\/\/agora.xtec.cat\/ceipenricfarreny\/wp-content\/uploads\/usu137\/2024\/03\/WhatsApp-Image-2024-03-04-at-19.03.56-300x226.jpeg\" class=\"attachment-medium size-medium\" alt=\"\" srcset=\"https:\/\/agora.xtec.cat\/ceipenricfarreny\/wp-content\/uploads\/usu137\/2024\/03\/WhatsApp-Image-2024-03-04-at-19.03.56-300x226.jpeg 300w, https:\/\/agora.xtec.cat\/ceipenricfarreny\/wp-content\/uploads\/usu137\/2024\/03\/WhatsApp-Image-2024-03-04-at-19.03.56-1024x771.jpeg 1024w, https:\/\/agora.xtec.cat\/ceipenricfarreny\/wp-content\/uploads\/usu137\/2024\/03\/WhatsApp-Image-2024-03-04-at-19.03.56-768x578.jpeg 768w, https:\/\/agora.xtec.cat\/ceipenricfarreny\/wp-content\/uploads\/usu137\/2024\/03\/WhatsApp-Image-2024-03-04-at-19.03.56-1536x1157.jpeg 1536w, https:\/\/agora.xtec.cat\/ceipenricfarreny\/wp-content\/uploads\/usu137\/2024\/03\/WhatsApp-Image-2024-03-04-at-19.03.56-200x150.jpeg 200w, https:\/\/agora.xtec.cat\/ceipenricfarreny\/wp-content\/uploads\/usu137\/2024\/03\/WhatsApp-Image-2024-03-04-at-19.03.56.jpeg 2040w\" sizes=\"auto, (max-width: 300px) 100vw, 300px\" \/><\/a>\n\t\t\t<\/dt><\/dl><br style=\"clear: both\" \/><dl class='gallery-item'>\n\t\t\t<dt class='gallery-icon landscape'>\n\t\t\t\t<a href='https:\/\/agora.xtec.cat\/ceipenricfarreny\/general\/premi-fosquet-a-la-biblioteca\/attachment\/whatsapp-image-2024-03-04-at-19-03-56-1\/'><img loading=\"lazy\" decoding=\"async\" width=\"300\" height=\"226\" src=\"https:\/\/agora.xtec.cat\/ceipenricfarreny\/wp-content\/uploads\/usu137\/2024\/03\/WhatsApp-Image-2024-03-04-at-19.03.56-1-300x226.jpeg\" class=\"attachment-medium size-medium\" alt=\"\" srcset=\"https:\/\/agora.xtec.cat\/ceipenricfarreny\/wp-content\/uploads\/usu137\/2024\/03\/WhatsApp-Image-2024-03-04-at-19.03.56-1-300x226.jpeg 300w, https:\/\/agora.xtec.cat\/ceipenricfarreny\/wp-content\/uploads\/usu137\/2024\/03\/WhatsApp-Image-2024-03-04-at-19.03.56-1-1024x771.jpeg 1024w, https:\/\/agora.xtec.cat\/ceipenricfarreny\/wp-content\/uploads\/usu137\/2024\/03\/WhatsApp-Image-2024-03-04-at-19.03.56-1-768x578.jpeg 768w, https:\/\/agora.xtec.cat\/ceipenricfarreny\/wp-content\/uploads\/usu137\/2024\/03\/WhatsApp-Image-2024-03-04-at-19.03.56-1-1536x1157.jpeg 1536w, https:\/\/agora.xtec.cat\/ceipenricfarreny\/wp-content\/uploads\/usu137\/2024\/03\/WhatsApp-Image-2024-03-04-at-19.03.56-1-200x150.jpeg 200w, https:\/\/agora.xtec.cat\/ceipenricfarreny\/wp-content\/uploads\/usu137\/2024\/03\/WhatsApp-Image-2024-03-04-at-19.03.56-1.jpeg 2040w\" sizes=\"auto, (max-width: 300px) 100vw, 300px\" \/><\/a>\n\t\t\t<\/dt><\/dl><dl class='gallery-item'>\n\t\t\t<dt class='gallery-icon landscape'>\n\t\t\t\t<a href='https:\/\/agora.xtec.cat\/ceipenricfarreny\/general\/premi-fosquet-a-la-biblioteca\/attachment\/whatsapp-image-2024-03-04-at-19-03-56-2\/'><img loading=\"lazy\" decoding=\"async\" width=\"300\" height=\"226\" src=\"https:\/\/agora.xtec.cat\/ceipenricfarreny\/wp-content\/uploads\/usu137\/2024\/03\/WhatsApp-Image-2024-03-04-at-19.03.56-2-300x226.jpeg\" class=\"attachment-medium size-medium\" alt=\"\" srcset=\"https:\/\/agora.xtec.cat\/ceipenricfarreny\/wp-content\/uploads\/usu137\/2024\/03\/WhatsApp-Image-2024-03-04-at-19.03.56-2-300x226.jpeg 300w, https:\/\/agora.xtec.cat\/ceipenricfarreny\/wp-content\/uploads\/usu137\/2024\/03\/WhatsApp-Image-2024-03-04-at-19.03.56-2-1024x771.jpeg 1024w, https:\/\/agora.xtec.cat\/ceipenricfarreny\/wp-content\/uploads\/usu137\/2024\/03\/WhatsApp-Image-2024-03-04-at-19.03.56-2-768x578.jpeg 768w, https:\/\/agora.xtec.cat\/ceipenricfarreny\/wp-content\/uploads\/usu137\/2024\/03\/WhatsApp-Image-2024-03-04-at-19.03.56-2-1536x1157.jpeg 1536w, https:\/\/agora.xtec.cat\/ceipenricfarreny\/wp-content\/uploads\/usu137\/2024\/03\/WhatsApp-Image-2024-03-04-at-19.03.56-2-200x150.jpeg 200w, https:\/\/agora.xtec.cat\/ceipenricfarreny\/wp-content\/uploads\/usu137\/2024\/03\/WhatsApp-Image-2024-03-04-at-19.03.56-2.jpeg 2040w\" sizes=\"auto, (max-width: 300px) 100vw, 300px\" \/><\/a>\n\t\t\t<\/dt><\/dl><dl class='gallery-item'>\n\t\t\t<dt class='gallery-icon landscape'>\n\t\t\t\t<a href='https:\/\/agora.xtec.cat\/ceipenricfarreny\/general\/premi-fosquet-a-la-biblioteca\/attachment\/whatsapp-image-2024-03-04-at-19-03-58-1\/'><img loading=\"lazy\" decoding=\"async\" width=\"300\" height=\"226\" src=\"https:\/\/agora.xtec.cat\/ceipenricfarreny\/wp-content\/uploads\/usu137\/2024\/03\/WhatsApp-Image-2024-03-04-at-19.03.58-1-300x226.jpeg\" class=\"attachment-medium size-medium\" alt=\"\" srcset=\"https:\/\/agora.xtec.cat\/ceipenricfarreny\/wp-content\/uploads\/usu137\/2024\/03\/WhatsApp-Image-2024-03-04-at-19.03.58-1-300x226.jpeg 300w, https:\/\/agora.xtec.cat\/ceipenricfarreny\/wp-content\/uploads\/usu137\/2024\/03\/WhatsApp-Image-2024-03-04-at-19.03.58-1-1024x771.jpeg 1024w, https:\/\/agora.xtec.cat\/ceipenricfarreny\/wp-content\/uploads\/usu137\/2024\/03\/WhatsApp-Image-2024-03-04-at-19.03.58-1-768x578.jpeg 768w, https:\/\/agora.xtec.cat\/ceipenricfarreny\/wp-content\/uploads\/usu137\/2024\/03\/WhatsApp-Image-2024-03-04-at-19.03.58-1-1536x1157.jpeg 1536w, https:\/\/agora.xtec.cat\/ceipenricfarreny\/wp-content\/uploads\/usu137\/2024\/03\/WhatsApp-Image-2024-03-04-at-19.03.58-1-200x150.jpeg 200w, https:\/\/agora.xtec.cat\/ceipenricfarreny\/wp-content\/uploads\/usu137\/2024\/03\/WhatsApp-Image-2024-03-04-at-19.03.58-1.jpeg 2040w\" sizes=\"auto, (max-width: 300px) 100vw, 300px\" \/><\/a>\n\t\t\t<\/dt><\/dl><dl class='gallery-item'>\n\t\t\t<dt class='gallery-icon landscape'>\n\t\t\t\t<a href='https:\/\/agora.xtec.cat\/ceipenricfarreny\/general\/premi-fosquet-a-la-biblioteca\/attachment\/massa-ovelles\/'><img loading=\"lazy\" decoding=\"async\" width=\"300\" height=\"226\" src=\"https:\/\/agora.xtec.cat\/ceipenricfarreny\/wp-content\/uploads\/usu137\/2024\/03\/massa-ovelles-300x226.jpeg\" class=\"attachment-medium size-medium\" alt=\"\" srcset=\"https:\/\/agora.xtec.cat\/ceipenricfarreny\/wp-content\/uploads\/usu137\/2024\/03\/massa-ovelles-300x226.jpeg 300w, https:\/\/agora.xtec.cat\/ceipenricfarreny\/wp-content\/uploads\/usu137\/2024\/03\/massa-ovelles-1024x771.jpeg 1024w, https:\/\/agora.xtec.cat\/ceipenricfarreny\/wp-content\/uploads\/usu137\/2024\/03\/massa-ovelles-768x578.jpeg 768w, https:\/\/agora.xtec.cat\/ceipenricfarreny\/wp-content\/uploads\/usu137\/2024\/03\/massa-ovelles-1536x1157.jpeg 1536w, https:\/\/agora.xtec.cat\/ceipenricfarreny\/wp-content\/uploads\/usu137\/2024\/03\/massa-ovelles-200x150.jpeg 200w, https:\/\/agora.xtec.cat\/ceipenricfarreny\/wp-content\/uploads\/usu137\/2024\/03\/massa-ovelles.jpeg 2040w\" sizes=\"auto, (max-width: 300px) 100vw, 300px\" \/><\/a>\n\t\t\t<\/dt><\/dl><br style=\"clear: both\" \/>\n\t\t<\/div>\n\n\n\t\t<style type=\"text\/css\">\n\t\t\t#gallery-2 {\n\t\t\t\tmargin: auto;\n\t\t\t}\n\t\t\t#gallery-2 .gallery-item {\n\t\t\t\tfloat: left;\n\t\t\t\tmargin-top: 10px;\n\t\t\t\ttext-align: center;\n\t\t\t\twidth: 33%;\n\t\t\t}\n\t\t\t#gallery-2 img {\n\t\t\t\tborder: 2px solid #cfcfcf;\n\t\t\t}\n\t\t\t#gallery-2 .gallery-caption {\n\t\t\t\tmargin-left: 0;\n\t\t\t}\n\t\t\t\/* see gallery_shortcode() in wp-includes\/media.php *\/\n\t\t<\/style>\n\t\t<div id='gallery-2' class='gallery galleryid-25673 gallery-columns-3 gallery-size-medium'><dl class='gallery-item'>\n\t\t\t<dt class='gallery-icon landscape'>\n\t\t\t\t<a href='https:\/\/agora.xtec.cat\/ceipenricfarreny\/general\/premi-fosquet-a-la-biblioteca\/attachment\/premi-fosquet_enregistrament-13\/'><img loading=\"lazy\" decoding=\"async\" width=\"300\" height=\"226\" src=\"https:\/\/agora.xtec.cat\/ceipenricfarreny\/wp-content\/uploads\/usu137\/2024\/03\/premi-fosquet_enregistrament-13-300x226.jpeg\" class=\"attachment-medium size-medium\" alt=\"\" srcset=\"https:\/\/agora.xtec.cat\/ceipenricfarreny\/wp-content\/uploads\/usu137\/2024\/03\/premi-fosquet_enregistrament-13-300x226.jpeg 300w, https:\/\/agora.xtec.cat\/ceipenricfarreny\/wp-content\/uploads\/usu137\/2024\/03\/premi-fosquet_enregistrament-13-1024x771.jpeg 1024w, https:\/\/agora.xtec.cat\/ceipenricfarreny\/wp-content\/uploads\/usu137\/2024\/03\/premi-fosquet_enregistrament-13-768x578.jpeg 768w, https:\/\/agora.xtec.cat\/ceipenricfarreny\/wp-content\/uploads\/usu137\/2024\/03\/premi-fosquet_enregistrament-13-1536x1157.jpeg 1536w, https:\/\/agora.xtec.cat\/ceipenricfarreny\/wp-content\/uploads\/usu137\/2024\/03\/premi-fosquet_enregistrament-13-200x150.jpeg 200w, https:\/\/agora.xtec.cat\/ceipenricfarreny\/wp-content\/uploads\/usu137\/2024\/03\/premi-fosquet_enregistrament-13.jpeg 2040w\" sizes=\"auto, (max-width: 300px) 100vw, 300px\" \/><\/a>\n\t\t\t<\/dt><\/dl><dl class='gallery-item'>\n\t\t\t<dt class='gallery-icon landscape'>\n\t\t\t\t<a href='https:\/\/agora.xtec.cat\/ceipenricfarreny\/general\/premi-fosquet-a-la-biblioteca\/attachment\/premi-fosquet_enregistrament-2\/'><img loading=\"lazy\" decoding=\"async\" width=\"300\" height=\"226\" src=\"https:\/\/agora.xtec.cat\/ceipenricfarreny\/wp-content\/uploads\/usu137\/2024\/03\/premi-fosquet_enregistrament-2-300x226.jpeg\" class=\"attachment-medium size-medium\" alt=\"\" srcset=\"https:\/\/agora.xtec.cat\/ceipenricfarreny\/wp-content\/uploads\/usu137\/2024\/03\/premi-fosquet_enregistrament-2-300x226.jpeg 300w, https:\/\/agora.xtec.cat\/ceipenricfarreny\/wp-content\/uploads\/usu137\/2024\/03\/premi-fosquet_enregistrament-2-1024x771.jpeg 1024w, https:\/\/agora.xtec.cat\/ceipenricfarreny\/wp-content\/uploads\/usu137\/2024\/03\/premi-fosquet_enregistrament-2-768x578.jpeg 768w, https:\/\/agora.xtec.cat\/ceipenricfarreny\/wp-content\/uploads\/usu137\/2024\/03\/premi-fosquet_enregistrament-2-1536x1157.jpeg 1536w, https:\/\/agora.xtec.cat\/ceipenricfarreny\/wp-content\/uploads\/usu137\/2024\/03\/premi-fosquet_enregistrament-2-200x150.jpeg 200w, https:\/\/agora.xtec.cat\/ceipenricfarreny\/wp-content\/uploads\/usu137\/2024\/03\/premi-fosquet_enregistrament-2.jpeg 2040w\" sizes=\"auto, (max-width: 300px) 100vw, 300px\" \/><\/a>\n\t\t\t<\/dt><\/dl><dl class='gallery-item'>\n\t\t\t<dt class='gallery-icon landscape'>\n\t\t\t\t<a href='https:\/\/agora.xtec.cat\/ceipenricfarreny\/general\/premi-fosquet-a-la-biblioteca\/attachment\/premi-fosquet_enregistrament-3\/'><img loading=\"lazy\" decoding=\"async\" width=\"300\" height=\"226\" src=\"https:\/\/agora.xtec.cat\/ceipenricfarreny\/wp-content\/uploads\/usu137\/2024\/03\/premi-fosquet_enregistrament-3-300x226.jpeg\" class=\"attachment-medium size-medium\" alt=\"\" srcset=\"https:\/\/agora.xtec.cat\/ceipenricfarreny\/wp-content\/uploads\/usu137\/2024\/03\/premi-fosquet_enregistrament-3-300x226.jpeg 300w, https:\/\/agora.xtec.cat\/ceipenricfarreny\/wp-content\/uploads\/usu137\/2024\/03\/premi-fosquet_enregistrament-3-1024x771.jpeg 1024w, https:\/\/agora.xtec.cat\/ceipenricfarreny\/wp-content\/uploads\/usu137\/2024\/03\/premi-fosquet_enregistrament-3-768x578.jpeg 768w, https:\/\/agora.xtec.cat\/ceipenricfarreny\/wp-content\/uploads\/usu137\/2024\/03\/premi-fosquet_enregistrament-3-1536x1157.jpeg 1536w, https:\/\/agora.xtec.cat\/ceipenricfarreny\/wp-content\/uploads\/usu137\/2024\/03\/premi-fosquet_enregistrament-3-200x150.jpeg 200w, https:\/\/agora.xtec.cat\/ceipenricfarreny\/wp-content\/uploads\/usu137\/2024\/03\/premi-fosquet_enregistrament-3.jpeg 2040w\" sizes=\"auto, (max-width: 300px) 100vw, 300px\" \/><\/a>\n\t\t\t<\/dt><\/dl><br style=\"clear: both\" \/>\n\t\t<\/div>\n\n<p>Per celebrar el premi vam decidir fer unes <strong>invitacions<\/strong> per lliurar als nostres padrins de lectura, a mestres, aprenents i auxiliars de conversa.<\/p>\n<p><a href=\"https:\/\/agora.xtec.cat\/ceipenricfarreny\/wp-content\/uploads\/usu137\/2024\/03\/invitacions.jpg\"><img loading=\"lazy\" decoding=\"async\" class=\"aligncenter wp-image-25690 size-medium\" src=\"https:\/\/agora.xtec.cat\/ceipenricfarreny\/wp-content\/uploads\/usu137\/2024\/03\/invitacions-212x300.jpg\" alt=\"\" width=\"212\" height=\"300\" srcset=\"https:\/\/agora.xtec.cat\/ceipenricfarreny\/wp-content\/uploads\/usu137\/2024\/03\/invitacions-212x300.jpg 212w, https:\/\/agora.xtec.cat\/ceipenricfarreny\/wp-content\/uploads\/usu137\/2024\/03\/invitacions-724x1024.jpg 724w, https:\/\/agora.xtec.cat\/ceipenricfarreny\/wp-content\/uploads\/usu137\/2024\/03\/invitacions-768x1086.jpg 768w, https:\/\/agora.xtec.cat\/ceipenricfarreny\/wp-content\/uploads\/usu137\/2024\/03\/invitacions-1086x1536.jpg 1086w, https:\/\/agora.xtec.cat\/ceipenricfarreny\/wp-content\/uploads\/usu137\/2024\/03\/invitacions.jpg 1414w\" sizes=\"auto, (max-width: 212px) 100vw, 212px\" \/><\/a><\/p>\n<p>I avui finalment hem celebrat el <strong>PREMI FOSQUET<\/strong> a la nostra BIBLIOTECA, ens hem posat guapos i guapes i hem rebut els nostres convidats. Hem vist els v\u00eddeos de cada equip, hem comentat els contes i hem fet votacions.<\/p>\n<p>El <strong>premi a la millor portada<\/strong> ha estat per al conte: <strong>El lloro verd<\/strong>.<\/p>\n<p>El <strong>premi a la millor hist\u00f2ria<\/strong> ha estat per als contes:<strong> Massa ovelles per comptar i El lloro verd<\/strong>.<\/p>\n<p>El <strong>premi a les millors il\u00b7lustracions<\/strong> ha estat per al conte: <strong>Massa ovelles per comptar<\/strong>.<\/p>\n<p>Hem fet <strong>difusi\u00f3<\/strong> dels contes engrescant a la resta d&#8217;alumnat a llegir i hem gaudit de la celebraci\u00f3 a la biblioteca.<\/p>\n<p>&nbsp;<\/p>\n\n\t\t<style type=\"text\/css\">\n\t\t\t#gallery-3 {\n\t\t\t\tmargin: auto;\n\t\t\t}\n\t\t\t#gallery-3 .gallery-item {\n\t\t\t\tfloat: left;\n\t\t\t\tmargin-top: 10px;\n\t\t\t\ttext-align: center;\n\t\t\t\twidth: 50%;\n\t\t\t}\n\t\t\t#gallery-3 img {\n\t\t\t\tborder: 2px solid #cfcfcf;\n\t\t\t}\n\t\t\t#gallery-3 .gallery-caption {\n\t\t\t\tmargin-left: 0;\n\t\t\t}\n\t\t\t\/* see gallery_shortcode() in wp-includes\/media.php *\/\n\t\t<\/style>\n\t\t<div id='gallery-3' class='gallery galleryid-25673 gallery-columns-2 gallery-size-large'><dl class='gallery-item'>\n\t\t\t<dt class='gallery-icon landscape'>\n\t\t\t\t<a href='https:\/\/agora.xtec.cat\/ceipenricfarreny\/general\/premi-fosquet-a-la-biblioteca\/attachment\/premi-fosquet-3\/'><img loading=\"lazy\" decoding=\"async\" width=\"1024\" height=\"771\" src=\"https:\/\/agora.xtec.cat\/ceipenricfarreny\/wp-content\/uploads\/usu137\/2024\/03\/premi-fosquet-3-1024x771.jpeg\" class=\"attachment-large size-large\" alt=\"\" srcset=\"https:\/\/agora.xtec.cat\/ceipenricfarreny\/wp-content\/uploads\/usu137\/2024\/03\/premi-fosquet-3-1024x771.jpeg 1024w, https:\/\/agora.xtec.cat\/ceipenricfarreny\/wp-content\/uploads\/usu137\/2024\/03\/premi-fosquet-3-300x226.jpeg 300w, https:\/\/agora.xtec.cat\/ceipenricfarreny\/wp-content\/uploads\/usu137\/2024\/03\/premi-fosquet-3-768x578.jpeg 768w, https:\/\/agora.xtec.cat\/ceipenricfarreny\/wp-content\/uploads\/usu137\/2024\/03\/premi-fosquet-3-1536x1156.jpeg 1536w, https:\/\/agora.xtec.cat\/ceipenricfarreny\/wp-content\/uploads\/usu137\/2024\/03\/premi-fosquet-3-200x150.jpeg 200w, https:\/\/agora.xtec.cat\/ceipenricfarreny\/wp-content\/uploads\/usu137\/2024\/03\/premi-fosquet-3.jpeg 1600w\" sizes=\"auto, (max-width: 1024px) 100vw, 1024px\" \/><\/a>\n\t\t\t<\/dt><\/dl><dl class='gallery-item'>\n\t\t\t<dt class='gallery-icon landscape'>\n\t\t\t\t<a href='https:\/\/agora.xtec.cat\/ceipenricfarreny\/general\/premi-fosquet-a-la-biblioteca\/attachment\/premi-fosquet\/'><img loading=\"lazy\" decoding=\"async\" width=\"1024\" height=\"768\" src=\"https:\/\/agora.xtec.cat\/ceipenricfarreny\/wp-content\/uploads\/usu137\/2024\/03\/premi-fosquet-1024x768.jpeg\" class=\"attachment-large size-large\" alt=\"\" srcset=\"https:\/\/agora.xtec.cat\/ceipenricfarreny\/wp-content\/uploads\/usu137\/2024\/03\/premi-fosquet-1024x768.jpeg 1024w, https:\/\/agora.xtec.cat\/ceipenricfarreny\/wp-content\/uploads\/usu137\/2024\/03\/premi-fosquet-300x225.jpeg 300w, https:\/\/agora.xtec.cat\/ceipenricfarreny\/wp-content\/uploads\/usu137\/2024\/03\/premi-fosquet-768x576.jpeg 768w, https:\/\/agora.xtec.cat\/ceipenricfarreny\/wp-content\/uploads\/usu137\/2024\/03\/premi-fosquet-1536x1152.jpeg 1536w, https:\/\/agora.xtec.cat\/ceipenricfarreny\/wp-content\/uploads\/usu137\/2024\/03\/premi-fosquet-200x150.jpeg 200w, https:\/\/agora.xtec.cat\/ceipenricfarreny\/wp-content\/uploads\/usu137\/2024\/03\/premi-fosquet.jpeg 1600w\" sizes=\"auto, (max-width: 1024px) 100vw, 1024px\" \/><\/a>\n\t\t\t<\/dt><\/dl><br style=\"clear: both\" \/>\n\t\t<\/div>\n\n<p><a href=\"https:\/\/agora.xtec.cat\/ceipenricfarreny\/wp-content\/uploads\/usu137\/2024\/03\/premi-fosquet-1.jpeg\"><img loading=\"lazy\" decoding=\"async\" class=\"aligncenter wp-image-25691 size-large\" src=\"https:\/\/agora.xtec.cat\/ceipenricfarreny\/wp-content\/uploads\/usu137\/2024\/03\/premi-fosquet-1-1024x771.jpeg\" alt=\"\" width=\"1024\" height=\"771\" srcset=\"https:\/\/agora.xtec.cat\/ceipenricfarreny\/wp-content\/uploads\/usu137\/2024\/03\/premi-fosquet-1-1024x771.jpeg 1024w, https:\/\/agora.xtec.cat\/ceipenricfarreny\/wp-content\/uploads\/usu137\/2024\/03\/premi-fosquet-1-300x226.jpeg 300w, https:\/\/agora.xtec.cat\/ceipenricfarreny\/wp-content\/uploads\/usu137\/2024\/03\/premi-fosquet-1-768x578.jpeg 768w, https:\/\/agora.xtec.cat\/ceipenricfarreny\/wp-content\/uploads\/usu137\/2024\/03\/premi-fosquet-1-1536x1156.jpeg 1536w, https:\/\/agora.xtec.cat\/ceipenricfarreny\/wp-content\/uploads\/usu137\/2024\/03\/premi-fosquet-1-200x150.jpeg 200w, https:\/\/agora.xtec.cat\/ceipenricfarreny\/wp-content\/uploads\/usu137\/2024\/03\/premi-fosquet-1.jpeg 1600w\" sizes=\"auto, (max-width: 1024px) 100vw, 1024px\" \/><\/a><\/p>\n<p>Gr\u00e0cies classe dels MAMUTS!<\/p>\n<p>&nbsp;<\/p>\n","protected":false},"excerpt":{"rendered":"<p>Celebrem el PREMI FOSQUET&hellip;  <a href=\"https:\/\/agora.xtec.cat\/ceipenricfarreny\/general\/premi-fosquet-a-la-biblioteca\/\" title=\"Read Premi FOSQUET a la biblioteca\">Llegeix m\u00e9s\u00bb<\/a><\/p>\n","protected":false},"author":3,"featured_media":25695,"comment_status":"open","ping_status":"closed","sticky":false,"template":"","format":"standard","meta":{"_bbp_topic_count":0,"_bbp_reply_count":0,"_bbp_total_topic_count":0,"_bbp_total_reply_count":0,"_bbp_voice_count":0,"_bbp_anonymous_reply_count":0,"_bbp_topic_count_hidden":0,"_bbp_reply_count_hidden":0,"_bbp_forum_subforum_count":0,"footnotes":""},"categories":[176,101,46,1,4],"tags":[],"class_list":["post-25673","post","type-post","status-publish","format-standard","has-post-thumbnail","hentry","category-bibliotech","category-biblioteca-2","category-cicle-inicial","category-general","category-portada"],"post_mailing_queue_ids":[],"_links":{"self":[{"href":"https:\/\/agora.xtec.cat\/ceipenricfarreny\/wp-json\/wp\/v2\/posts\/25673","targetHints":{"allow":["GET"]}}],"collection":[{"href":"https:\/\/agora.xtec.cat\/ceipenricfarreny\/wp-json\/wp\/v2\/posts"}],"about":[{"href":"https:\/\/agora.xtec.cat\/ceipenricfarreny\/wp-json\/wp\/v2\/types\/post"}],"author":[{"embeddable":true,"href":"https:\/\/agora.xtec.cat\/ceipenricfarreny\/wp-json\/wp\/v2\/users\/3"}],"replies":[{"embeddable":true,"href":"https:\/\/agora.xtec.cat\/ceipenricfarreny\/wp-json\/wp\/v2\/comments?post=25673"}],"version-history":[{"count":5,"href":"https:\/\/agora.xtec.cat\/ceipenricfarreny\/wp-json\/wp\/v2\/posts\/25673\/revisions"}],"predecessor-version":[{"id":25705,"href":"https:\/\/agora.xtec.cat\/ceipenricfarreny\/wp-json\/wp\/v2\/posts\/25673\/revisions\/25705"}],"wp:featuredmedia":[{"embeddable":true,"href":"https:\/\/agora.xtec.cat\/ceipenricfarreny\/wp-json\/wp\/v2\/media\/25695"}],"wp:attachment":[{"href":"https:\/\/agora.xtec.cat\/ceipenricfarreny\/wp-json\/wp\/v2\/media?parent=25673"}],"wp:term":[{"taxonomy":"category","embeddable":true,"href":"https:\/\/agora.xtec.cat\/ceipenricfarreny\/wp-json\/wp\/v2\/categories?post=25673"},{"taxonomy":"post_tag","embeddable":true,"href":"https:\/\/agora.xtec.cat\/ceipenricfarreny\/wp-json\/wp\/v2\/tags?post=25673"}],"curies":[{"name":"wp","href":"https:\/\/api.w.org\/{rel}","templated":true}]}}