{"id":23839,"date":"2023-04-29T11:57:58","date_gmt":"2023-04-29T09:57:58","guid":{"rendered":"https:\/\/agora.xtec.cat\/ceipenricfarreny\/?p=23839"},"modified":"2023-04-29T11:57:58","modified_gmt":"2023-04-29T09:57:58","slug":"presentacio-del-llibre-fem-lescola-plurilingue","status":"publish","type":"post","link":"https:\/\/agora.xtec.cat\/ceipenricfarreny\/general\/presentacio-del-llibre-fem-lescola-plurilingue\/","title":{"rendered":"PRESENTACI\u00d3 DEL LLIBRE  &#8220;FEM L&#8217;ESCOLA PLURILING\u00dcE&#8221;"},"content":{"rendered":"<p style=\"text-align: center;\">Dimarts 25 d&#8217;abril l&#8217;escola va participar en la presentaci\u00f3 del llibre <strong>&#8220;Fem l&#8217;escola pluriling\u00fce&#8221;<\/strong> de la col\u00b7lecci\u00f3 Quaderns d&#8217;educaci\u00f3 de l&#8217;editorial Horsori i tamb\u00e9 va presentar el projecte ling\u00fc\u00edstic Meridio. Un llibre de refer\u00e8ncia per la did\u00e0ctica integrada de les lleng\u00fces i el pluriling\u00fcisme.<\/p>\n<p>A m\u00e9s l&#8217;equip directiu va visitar l&#8217;escola Espai 3, centre tamb\u00e9 de refer\u00e8ncia en el tractament de les lleng\u00fces a infantil i prim\u00e0ria.<\/p>\n<p>Moltes gr\u00e0cies Societat Catalana de Pedagogia per comptar amb nosaltres i promoure la transformaci\u00f3 educativa a les escoles.<a href=\"https:\/\/agora.xtec.cat\/ceipenricfarreny\/wp-content\/uploads\/usu137\/2023\/04\/WhatsApp-Image-2023-04-28-at-08.37.15.jpeg\"><img loading=\"lazy\" decoding=\"async\" class=\"size-large wp-image-23842 aligncenter\" src=\"https:\/\/agora.xtec.cat\/ceipenricfarreny\/wp-content\/uploads\/usu137\/2023\/04\/WhatsApp-Image-2023-04-28-at-08.37.15-1024x576.jpeg\" alt=\"\" width=\"1024\" height=\"576\" srcset=\"https:\/\/agora.xtec.cat\/ceipenricfarreny\/wp-content\/uploads\/usu137\/2023\/04\/WhatsApp-Image-2023-04-28-at-08.37.15-1024x576.jpeg 1024w, https:\/\/agora.xtec.cat\/ceipenricfarreny\/wp-content\/uploads\/usu137\/2023\/04\/WhatsApp-Image-2023-04-28-at-08.37.15-300x169.jpeg 300w, https:\/\/agora.xtec.cat\/ceipenricfarreny\/wp-content\/uploads\/usu137\/2023\/04\/WhatsApp-Image-2023-04-28-at-08.37.15-768x432.jpeg 768w, https:\/\/agora.xtec.cat\/ceipenricfarreny\/wp-content\/uploads\/usu137\/2023\/04\/WhatsApp-Image-2023-04-28-at-08.37.15-1536x864.jpeg 1536w, https:\/\/agora.xtec.cat\/ceipenricfarreny\/wp-content\/uploads\/usu137\/2023\/04\/WhatsApp-Image-2023-04-28-at-08.37.15.jpeg 1600w\" sizes=\"auto, (max-width: 1024px) 100vw, 1024px\" \/><\/a><\/p>\n<p>&nbsp;<\/p>\n","protected":false},"excerpt":{"rendered":"<p>Fem l escola Plurilingue&hellip;  <a href=\"https:\/\/agora.xtec.cat\/ceipenricfarreny\/general\/presentacio-del-llibre-fem-lescola-plurilingue\/\" title=\"Read PRESENTACI\u00d3 DEL LLIBRE  &#8220;FEM L&#8217;ESCOLA PLURILING\u00dcE&#8221;\">Llegeix m\u00e9s\u00bb<\/a><\/p>\n","protected":false},"author":3,"featured_media":23840,"comment_status":"open","ping_status":"closed","sticky":false,"template":"","format":"standard","meta":{"_bbp_topic_count":0,"_bbp_reply_count":0,"_bbp_total_topic_count":0,"_bbp_total_reply_count":0,"_bbp_voice_count":0,"_bbp_anonymous_reply_count":0,"_bbp_topic_count_hidden":0,"_bbp_reply_count_hidden":0,"_bbp_forum_subforum_count":0,"footnotes":""},"categories":[1,116,4,51],"tags":[],"class_list":["post-23839","post","type-post","status-publish","format-standard","has-post-thumbnail","hentry","category-general","category-pluril-intercompr","category-portada","category-projectes"],"post_mailing_queue_ids":[],"_links":{"self":[{"href":"https:\/\/agora.xtec.cat\/ceipenricfarreny\/wp-json\/wp\/v2\/posts\/23839","targetHints":{"allow":["GET"]}}],"collection":[{"href":"https:\/\/agora.xtec.cat\/ceipenricfarreny\/wp-json\/wp\/v2\/posts"}],"about":[{"href":"https:\/\/agora.xtec.cat\/ceipenricfarreny\/wp-json\/wp\/v2\/types\/post"}],"author":[{"embeddable":true,"href":"https:\/\/agora.xtec.cat\/ceipenricfarreny\/wp-json\/wp\/v2\/users\/3"}],"replies":[{"embeddable":true,"href":"https:\/\/agora.xtec.cat\/ceipenricfarreny\/wp-json\/wp\/v2\/comments?post=23839"}],"version-history":[{"count":2,"href":"https:\/\/agora.xtec.cat\/ceipenricfarreny\/wp-json\/wp\/v2\/posts\/23839\/revisions"}],"predecessor-version":[{"id":23847,"href":"https:\/\/agora.xtec.cat\/ceipenricfarreny\/wp-json\/wp\/v2\/posts\/23839\/revisions\/23847"}],"wp:featuredmedia":[{"embeddable":true,"href":"https:\/\/agora.xtec.cat\/ceipenricfarreny\/wp-json\/wp\/v2\/media\/23840"}],"wp:attachment":[{"href":"https:\/\/agora.xtec.cat\/ceipenricfarreny\/wp-json\/wp\/v2\/media?parent=23839"}],"wp:term":[{"taxonomy":"category","embeddable":true,"href":"https:\/\/agora.xtec.cat\/ceipenricfarreny\/wp-json\/wp\/v2\/categories?post=23839"},{"taxonomy":"post_tag","embeddable":true,"href":"https:\/\/agora.xtec.cat\/ceipenricfarreny\/wp-json\/wp\/v2\/tags?post=23839"}],"curies":[{"name":"wp","href":"https:\/\/api.w.org\/{rel}","templated":true}]}}