{"id":22072,"date":"2022-04-24T11:51:58","date_gmt":"2022-04-24T09:51:58","guid":{"rendered":"https:\/\/agora.xtec.cat\/ceipenricfarreny\/?p=22072"},"modified":"2022-04-24T11:57:03","modified_gmt":"2022-04-24T09:57:03","slug":"celebracio-de-sant-jordi-a-educacio-infantil","status":"publish","type":"post","link":"https:\/\/agora.xtec.cat\/ceipenricfarreny\/infantil\/celebracio-de-sant-jordi-a-educacio-infantil\/","title":{"rendered":"CELEBRACI\u00d3 DE SANT JORDI A EDUCACI\u00d3 INFANTIL"},"content":{"rendered":"<p>Aquest divendres els infants d&#8217;Educaci\u00f3 Infantil hem celebrat Sant Jordi a l&#8217;escola ballant boniques can\u00e7ons i danses al pati!<\/p>\n<p>Ens ho hem passat molt b\u00e9!<\/p>\n\n","protected":false},"excerpt":{"rendered":"<p>Celebrem Sant Jordi a l&#8217;escola!&hellip;  <a href=\"https:\/\/agora.xtec.cat\/ceipenricfarreny\/infantil\/celebracio-de-sant-jordi-a-educacio-infantil\/\" title=\"Read CELEBRACI\u00d3 DE SANT JORDI A EDUCACI\u00d3 INFANTIL\">Llegeix m\u00e9s\u00bb<\/a><\/p>\n","protected":false},"author":3,"featured_media":22087,"comment_status":"open","ping_status":"closed","sticky":false,"template":"","format":"standard","meta":{"_bbp_topic_count":0,"_bbp_reply_count":0,"_bbp_total_topic_count":0,"_bbp_total_reply_count":0,"_bbp_voice_count":0,"_bbp_anonymous_reply_count":0,"_bbp_topic_count_hidden":0,"_bbp_reply_count_hidden":0,"_bbp_forum_subforum_count":0,"footnotes":""},"categories":[3,9,2,8,4],"tags":[],"class_list":["post-22072","post","type-post","status-publish","format-standard","has-post-thumbnail","hentry","category-i4","category-i5","category-infantil","category-p4","category-portada"],"post_mailing_queue_ids":[],"_links":{"self":[{"href":"https:\/\/agora.xtec.cat\/ceipenricfarreny\/wp-json\/wp\/v2\/posts\/22072","targetHints":{"allow":["GET"]}}],"collection":[{"href":"https:\/\/agora.xtec.cat\/ceipenricfarreny\/wp-json\/wp\/v2\/posts"}],"about":[{"href":"https:\/\/agora.xtec.cat\/ceipenricfarreny\/wp-json\/wp\/v2\/types\/post"}],"author":[{"embeddable":true,"href":"https:\/\/agora.xtec.cat\/ceipenricfarreny\/wp-json\/wp\/v2\/users\/3"}],"replies":[{"embeddable":true,"href":"https:\/\/agora.xtec.cat\/ceipenricfarreny\/wp-json\/wp\/v2\/comments?post=22072"}],"version-history":[{"count":3,"href":"https:\/\/agora.xtec.cat\/ceipenricfarreny\/wp-json\/wp\/v2\/posts\/22072\/revisions"}],"predecessor-version":[{"id":22093,"href":"https:\/\/agora.xtec.cat\/ceipenricfarreny\/wp-json\/wp\/v2\/posts\/22072\/revisions\/22093"}],"wp:featuredmedia":[{"embeddable":true,"href":"https:\/\/agora.xtec.cat\/ceipenricfarreny\/wp-json\/wp\/v2\/media\/22087"}],"wp:attachment":[{"href":"https:\/\/agora.xtec.cat\/ceipenricfarreny\/wp-json\/wp\/v2\/media?parent=22072"}],"wp:term":[{"taxonomy":"category","embeddable":true,"href":"https:\/\/agora.xtec.cat\/ceipenricfarreny\/wp-json\/wp\/v2\/categories?post=22072"},{"taxonomy":"post_tag","embeddable":true,"href":"https:\/\/agora.xtec.cat\/ceipenricfarreny\/wp-json\/wp\/v2\/tags?post=22072"}],"curies":[{"name":"wp","href":"https:\/\/api.w.org\/{rel}","templated":true}]}}