{"id":14767,"date":"2026-04-27T07:26:13","date_gmt":"2026-04-27T05:26:13","guid":{"rendered":"https:\/\/agora.xtec.cat\/ceipelviracuyas\/?p=14767"},"modified":"2026-04-27T07:26:50","modified_gmt":"2026-04-27T05:26:50","slug":"p6-sortida-museu-dhistoria-de-catalunya","status":"publish","type":"post","link":"https:\/\/agora.xtec.cat\/ceipelviracuyas\/general\/p6-sortida-museu-dhistoria-de-catalunya\/","title":{"rendered":"P6 SORTIDA MUSEU D&#8217;HIST\u00d2RIA DE CATALUNYA"},"content":{"rendered":"<p>Bon dia, fam\u00edlies!<\/p>\n<p>Prepareu les crispetes perqu\u00e8\u2026 ja tenim nou v\u00eddeo!  Aquesta vegada us portem un petit tastet de la nostra aventura al Museu d\u2019Hist\u00f2ria de Catalunya, on els vostres fills i filles es van convertir en aut\u00e8ntics viatgers del temps.<\/p>\n<p>Amb el taller \u201cDel s\u00edlex al xip\u201d, vam fer un salt espectacular des de la prehist\u00f2ria fins a l\u2019era digital. A m\u00e9s de passar-ho d\u2019all\u00f2 m\u00e9s b\u00e9, aquesta experi\u00e8ncia ens ha ajudat a treballar els dos \u00faltims temes de medi social que ens queden pendents del curs.<\/p>\n<p>Ja sabeu, esperem que us agradi, un fort aplaudiment.<\/p>\n<p>Sara i Josep LLu\u00eds<\/p>\n<p><iframe loading=\"lazy\" title=\"MUSEU D&#039;HISTO\u0300RIA DE CATALUNYA\" width=\"500\" height=\"281\" src=\"https:\/\/www.youtube.com\/embed\/S6aqkio77-M?feature=oembed\" frameborder=\"0\" allow=\"accelerometer; autoplay; clipboard-write; encrypted-media; gyroscope; picture-in-picture; web-share\" referrerpolicy=\"strict-origin-when-cross-origin\" allowfullscreen><\/iframe><\/p>\n","protected":false},"excerpt":{"rendered":"<p>Bon dia, fam\u00edlies!<br \/>\nPrepareu les crispetes perqu\u00e8\u2026 ja tenim nou v\u00eddeo!  Aquesta vegada us portem un petit tastet de la nostra aventura al Museu d\u2019Hist\u00f2ria de Catalunya, on els vostres fills i filles es van convertir en aut\u00e8ntics viatgers del temps.<br \/>\nAmb el taller \u201cDel s\u00edlex&hellip;  <a href=\"https:\/\/agora.xtec.cat\/ceipelviracuyas\/general\/p6-sortida-museu-dhistoria-de-catalunya\/\" title=\"Read P6 SORTIDA MUSEU D&#8217;HIST\u00d2RIA DE CATALUNYA\">Llegeix m\u00e9s\u00bb<\/a><\/p>\n","protected":false},"author":24,"featured_media":14769,"comment_status":"open","ping_status":"open","sticky":false,"template":"","format":"standard","meta":{"_bbp_topic_count":0,"_bbp_reply_count":0,"_bbp_total_topic_count":0,"_bbp_total_reply_count":0,"_bbp_voice_count":0,"_bbp_anonymous_reply_count":0,"_bbp_topic_count_hidden":0,"_bbp_reply_count_hidden":0,"_bbp_forum_subforum_count":0,"footnotes":""},"categories":[7,1,493,15,4,5],"tags":[],"class_list":["post-14767","post","type-post","status-publish","format-standard","has-post-thumbnail","hentry","category-afa","category-general","category-lescola","category-p6","category-portada","category-primaria"],"post_mailing_queue_ids":[],"_links":{"self":[{"href":"https:\/\/agora.xtec.cat\/ceipelviracuyas\/wp-json\/wp\/v2\/posts\/14767","targetHints":{"allow":["GET"]}}],"collection":[{"href":"https:\/\/agora.xtec.cat\/ceipelviracuyas\/wp-json\/wp\/v2\/posts"}],"about":[{"href":"https:\/\/agora.xtec.cat\/ceipelviracuyas\/wp-json\/wp\/v2\/types\/post"}],"author":[{"embeddable":true,"href":"https:\/\/agora.xtec.cat\/ceipelviracuyas\/wp-json\/wp\/v2\/users\/24"}],"replies":[{"embeddable":true,"href":"https:\/\/agora.xtec.cat\/ceipelviracuyas\/wp-json\/wp\/v2\/comments?post=14767"}],"version-history":[{"count":2,"href":"https:\/\/agora.xtec.cat\/ceipelviracuyas\/wp-json\/wp\/v2\/posts\/14767\/revisions"}],"predecessor-version":[{"id":14770,"href":"https:\/\/agora.xtec.cat\/ceipelviracuyas\/wp-json\/wp\/v2\/posts\/14767\/revisions\/14770"}],"wp:featuredmedia":[{"embeddable":true,"href":"https:\/\/agora.xtec.cat\/ceipelviracuyas\/wp-json\/wp\/v2\/media\/14769"}],"wp:attachment":[{"href":"https:\/\/agora.xtec.cat\/ceipelviracuyas\/wp-json\/wp\/v2\/media?parent=14767"}],"wp:term":[{"taxonomy":"category","embeddable":true,"href":"https:\/\/agora.xtec.cat\/ceipelviracuyas\/wp-json\/wp\/v2\/categories?post=14767"},{"taxonomy":"post_tag","embeddable":true,"href":"https:\/\/agora.xtec.cat\/ceipelviracuyas\/wp-json\/wp\/v2\/tags?post=14767"}],"curies":[{"name":"wp","href":"https:\/\/api.w.org\/{rel}","templated":true}]}}