{"id":14703,"date":"2026-03-11T15:33:00","date_gmt":"2026-03-11T14:33:00","guid":{"rendered":"https:\/\/agora.xtec.cat\/ceipelviracuyas\/?p=14703"},"modified":"2026-03-11T15:36:28","modified_gmt":"2026-03-11T14:36:28","slug":"invitacio-reviu","status":"publish","type":"post","link":"https:\/\/agora.xtec.cat\/ceipelviracuyas\/general\/invitacio-reviu\/","title":{"rendered":"Invitaci\u00f3 reviu"},"content":{"rendered":"<p class=\"isSelectedEnd\">Aquest divendres 13 de mar\u00e7 la nostra escola participar\u00e0 en el <strong>Reviu Montcada<\/strong>, una mostra on escoles i instituts del poble presenten projectes per donar a con\u00e8ixer la hist\u00f2ria i les entitats de Montcada.<\/p>\n<p class=\"isSelectedEnd\">Aquest any, els alumnes de <strong>5\u00e8 de prim\u00e0ria<\/strong> explicaran la tasca dels <strong>Castellers de Montcada<\/strong>, una de les associacions m\u00e9s representatives del nostre poble.<\/p>\n<p>Us convidem a venir al <strong>Pavell\u00f3 Miquel Poblet<\/strong> i acompanyar-nos en aquest projecte.<br \/>\nA continuaci\u00f3 us deixem la invitaci\u00f3 al Reviu feta per algunes alumnes de 5\u00e8.<\/p>\n<div style=\"width: 720px;\" class=\"wp-video\"><!--[if lt IE 9]><script>document.createElement('video');<\/script><![endif]-->\n<video class=\"wp-video-shortcode\" id=\"video-14703-1\" width=\"720\" height=\"1280\" preload=\"metadata\" controls=\"controls\"><source type=\"video\/mp4\" src=\"https:\/\/agora.xtec.cat\/ceipelviracuyas\/wp-content\/uploads\/usu801\/2026\/03\/Invitacio-Reviu.mp4?_=1\" \/><a href=\"https:\/\/agora.xtec.cat\/ceipelviracuyas\/wp-content\/uploads\/usu801\/2026\/03\/Invitacio-Reviu.mp4\">https:\/\/agora.xtec.cat\/ceipelviracuyas\/wp-content\/uploads\/usu801\/2026\/03\/Invitacio-Reviu.mp4<\/a><\/video><\/div>\n","protected":false},"excerpt":{"rendered":"<p>Aquest divendres 13 de mar\u00e7 la nostra escola participar\u00e0 en el Reviu Montcada, una mostra on escoles i instituts del poble presenten projectes per donar a con\u00e8ixer la hist\u00f2ria i les entitats de Montcada.<br \/>\nAquest any, els alumnes de 5\u00e8 de prim\u00e0ria explicaran la tasca dels&hellip;  <a href=\"https:\/\/agora.xtec.cat\/ceipelviracuyas\/general\/invitacio-reviu\/\" title=\"Read Invitaci\u00f3 reviu\">Llegeix m\u00e9s\u00bb<\/a><\/p>\n","protected":false},"author":41,"featured_media":0,"comment_status":"open","ping_status":"open","sticky":false,"template":"","format":"standard","meta":{"_bbp_topic_count":0,"_bbp_reply_count":0,"_bbp_total_topic_count":0,"_bbp_total_reply_count":0,"_bbp_voice_count":0,"_bbp_anonymous_reply_count":0,"_bbp_topic_count_hidden":0,"_bbp_reply_count_hidden":0,"_bbp_forum_subforum_count":0,"footnotes":""},"categories":[1,14,4,5],"tags":[],"class_list":["post-14703","post","type-post","status-publish","format-standard","hentry","category-general","category-p5","category-portada","category-primaria"],"post_mailing_queue_ids":[],"_links":{"self":[{"href":"https:\/\/agora.xtec.cat\/ceipelviracuyas\/wp-json\/wp\/v2\/posts\/14703","targetHints":{"allow":["GET"]}}],"collection":[{"href":"https:\/\/agora.xtec.cat\/ceipelviracuyas\/wp-json\/wp\/v2\/posts"}],"about":[{"href":"https:\/\/agora.xtec.cat\/ceipelviracuyas\/wp-json\/wp\/v2\/types\/post"}],"author":[{"embeddable":true,"href":"https:\/\/agora.xtec.cat\/ceipelviracuyas\/wp-json\/wp\/v2\/users\/41"}],"replies":[{"embeddable":true,"href":"https:\/\/agora.xtec.cat\/ceipelviracuyas\/wp-json\/wp\/v2\/comments?post=14703"}],"version-history":[{"count":6,"href":"https:\/\/agora.xtec.cat\/ceipelviracuyas\/wp-json\/wp\/v2\/posts\/14703\/revisions"}],"predecessor-version":[{"id":14710,"href":"https:\/\/agora.xtec.cat\/ceipelviracuyas\/wp-json\/wp\/v2\/posts\/14703\/revisions\/14710"}],"wp:attachment":[{"href":"https:\/\/agora.xtec.cat\/ceipelviracuyas\/wp-json\/wp\/v2\/media?parent=14703"}],"wp:term":[{"taxonomy":"category","embeddable":true,"href":"https:\/\/agora.xtec.cat\/ceipelviracuyas\/wp-json\/wp\/v2\/categories?post=14703"},{"taxonomy":"post_tag","embeddable":true,"href":"https:\/\/agora.xtec.cat\/ceipelviracuyas\/wp-json\/wp\/v2\/tags?post=14703"}],"curies":[{"name":"wp","href":"https:\/\/api.w.org\/{rel}","templated":true}]}}