{"id":9533,"date":"2024-10-28T08:16:43","date_gmt":"2024-10-28T07:16:43","guid":{"rendered":"https:\/\/agora.xtec.cat\/ceipelvinyet\/?p=9533"},"modified":"2024-10-26T15:10:23","modified_gmt":"2024-10-26T13:10:23","slug":"tardor-a-la-natura-amb-la-comunitat-de-grans%f0%9f%8d%82","status":"publish","type":"post","link":"https:\/\/agora.xtec.cat\/ceipelvinyet\/portada\/tardor-a-la-natura-amb-la-comunitat-de-grans%f0%9f%8d%82\/","title":{"rendered":"TARDOR A LA NATURA AMB LA COMUNITAT DE GRANS\ud83c\udf42"},"content":{"rendered":"<p>Una sortida que ens ha perm\u00e8s descobrir aspectes \u00fanics les unes de les altres, crear nous vincles i enfortir les relacions que ens fan sentir part d\u2019aquesta comunitat. Ha estat un moment per aprendre, per\u00f2 tamb\u00e9 per cr\u00e9ixer juntes, per compartir somriures i silencis, per donar-nos la m\u00e0 i gaudir de la bellesa senzilla que ens regala la tardor.<\/p>\n<p>Un entorn que ens endinsa en la natura ens apropa, ens fa cr\u00e9ixer com a persones i com a comunitat.<\/p>\n<div style=\"position: relative; width: 100%; height: 0; padding-top: 56.2225%;\n padding-bottom: 0; box-shadow: 0 2px 8px 0 rgba(63,69,81,0.16); margin-top: 1.6em; margin-bottom: 0.9em; overflow: hidden;\n border-radius: 8px; will-change: transform;\"><br \/>\n  <iframe loading=\"lazy\" style=\"position: absolute; width: 100%; height: 100%; top: 0; left: 0; border: none; padding: 0;margin: 0;\"\n    src=\"https:\/\/www.canva.com\/design\/DAGUnHpAUd8\/InJYjHjHMjMVnl63EBG0nQ\/view?embed\" allowfullscreen=\"allowfullscreen\" allow=\"fullscreen\"><br \/>\n  <\/iframe>\n<\/div>\n<p><a href=\"https:&#x2F;&#x2F;www.canva.com&#x2F;design&#x2F;DAGUnHpAUd8&#x2F;InJYjHjHMjMVnl63EBG0nQ&#x2F;view?utm_content=DAGUnHpAUd8&amp;utm_campaign=designshare&amp;utm_medium=embeds&amp;utm_source=link\" target=\"_blank\" rel=\"noopener\">TARDOR A LA NATURA \ud83c\udf42<\/a> <\/p>\n","protected":false},"excerpt":{"rendered":"<p>Una sortida que ens ha perm\u00e8s descobrir aspectes \u00fanics les unes de les altres, crear nous vincles i enfortir les relacions que ens fan sentir part d\u2019aquesta comunitat. Ha estat un moment per aprendre, per\u00f2 tamb\u00e9 per cr\u00e9ixer juntes, per compartir somriures i silencis, per&hellip;  <a href=\"https:\/\/agora.xtec.cat\/ceipelvinyet\/portada\/tardor-a-la-natura-amb-la-comunitat-de-grans%f0%9f%8d%82\/\" title=\"Read TARDOR A LA NATURA AMB LA COMUNITAT DE GRANS\ud83c\udf42\">Llegeix m\u00e9s\u00bb<\/a><\/p>\n","protected":false},"author":54,"featured_media":0,"comment_status":"open","ping_status":"closed","sticky":false,"template":"","format":"standard","meta":{"_bbp_topic_count":0,"_bbp_reply_count":0,"_bbp_total_topic_count":0,"_bbp_total_reply_count":0,"_bbp_voice_count":0,"_bbp_anonymous_reply_count":0,"_bbp_topic_count_hidden":0,"_bbp_reply_count_hidden":0,"_bbp_forum_subforum_count":0,"footnotes":""},"categories":[185,60,95,96,97,98,4],"tags":[],"class_list":["post-9533","post","type-post","status-publish","format-standard","hentry","category-curs-24-25","category-grans","category-grans-a","category-grans-b","category-grans-c","category-grans-d","category-portada"],"post_mailing_queue_ids":[],"_links":{"self":[{"href":"https:\/\/agora.xtec.cat\/ceipelvinyet\/wp-json\/wp\/v2\/posts\/9533","targetHints":{"allow":["GET"]}}],"collection":[{"href":"https:\/\/agora.xtec.cat\/ceipelvinyet\/wp-json\/wp\/v2\/posts"}],"about":[{"href":"https:\/\/agora.xtec.cat\/ceipelvinyet\/wp-json\/wp\/v2\/types\/post"}],"author":[{"embeddable":true,"href":"https:\/\/agora.xtec.cat\/ceipelvinyet\/wp-json\/wp\/v2\/users\/54"}],"replies":[{"embeddable":true,"href":"https:\/\/agora.xtec.cat\/ceipelvinyet\/wp-json\/wp\/v2\/comments?post=9533"}],"version-history":[{"count":6,"href":"https:\/\/agora.xtec.cat\/ceipelvinyet\/wp-json\/wp\/v2\/posts\/9533\/revisions"}],"predecessor-version":[{"id":9543,"href":"https:\/\/agora.xtec.cat\/ceipelvinyet\/wp-json\/wp\/v2\/posts\/9533\/revisions\/9543"}],"wp:attachment":[{"href":"https:\/\/agora.xtec.cat\/ceipelvinyet\/wp-json\/wp\/v2\/media?parent=9533"}],"wp:term":[{"taxonomy":"category","embeddable":true,"href":"https:\/\/agora.xtec.cat\/ceipelvinyet\/wp-json\/wp\/v2\/categories?post=9533"},{"taxonomy":"post_tag","embeddable":true,"href":"https:\/\/agora.xtec.cat\/ceipelvinyet\/wp-json\/wp\/v2\/tags?post=9533"}],"curies":[{"name":"wp","href":"https:\/\/api.w.org\/{rel}","templated":true}]}}