{"id":7226,"date":"2022-06-02T12:08:06","date_gmt":"2022-06-02T10:08:06","guid":{"rendered":"https:\/\/agora.xtec.cat\/ceipelvinyet\/?p=7226"},"modified":"2022-06-02T12:10:05","modified_gmt":"2022-06-02T10:10:05","slug":"estimar-la-biodiversitat","status":"publish","type":"post","link":"https:\/\/agora.xtec.cat\/ceipelvinyet\/general\/estimar-la-biodiversitat\/","title":{"rendered":"Estimar la biodiversitat"},"content":{"rendered":"<p><span style=\"font-weight: 400;\">Estimar el nostre entorn, els nostres boscos i els \u00e9ssers vius, mirar-los amb respecte i tractar-los amb cura. Aquest \u00e9s un dels objectius que com a escola ens marquem dins del nostre projecte educatiu.<\/span><\/p>\n<p><span style=\"font-weight: 400;\">Mirar amb atenci\u00f3 i recon\u00e8ixer les esp\u00e8cies amb les que convivim ens ajuda a ser conscients de la riquesa que ens envolta. I \u00e9s que no nom\u00e9s aix\u00f2, nosaltres SOM NATURA i depenem d&#8217;ella per gaudir d&#8217;una vida digna i en condicions.\u00a0<\/span><\/p>\n<p><span style=\"font-weight: 400;\">Representants de l&#8217;escola, aquest divendres, ens vam reunir en el f\u00f2rum d&#8217;escoles verdes, que es va celebrar al Centre Tecnol\u00f2gic Forestal de Catalunya per compartir experi\u00e8ncies sota el lema de la biodiversitat.\u00a0<\/span><\/p>\n<p><span style=\"font-weight: 400;\">Amb les escoles de la zona vam compartir les nostres inquietuds i les iniciatives que estem fent per cuidar el medi ambient i el clima. Enguany, dins del marc d&#8217;un projecte de Consum Responsable, l&#8217;escola ha comen\u00e7at a elaborar la cola Vinyola, una cola ecol\u00f2gica que permet a totes les comunitats del centre disminuir els residus i elaborar amb les pr\u00f2pies mans un material que s&#8217;utilitza cada dia.<\/span><\/p>\n<p><span style=\"font-weight: 400;\">Ho vivim, ho gaudim i ens responsabilitzem de l\u2019impacte de les nostres accions.<\/span><\/p>\n<p>&nbsp;<\/p>\n\r\n\t<div class=\"slideshow_container slideshow_container_style-light\" style=\"height: 300px; \" data-slideshow-id=\"7228\" data-style-name=\"style-light\" data-style-version=\"2.3.1\" >\r\n\r\n\t\t\t\t\t<div class=\"slideshow_loading_icon\"><\/div>\r\n\t\t\r\n\t\t<div class=\"slideshow_content\" style=\"display: none;\">\r\n\r\n\t\t\t<div class=\"slideshow_view\">\r\n\t\t\t\t<div class=\"slideshow_slide slideshow_slide_image\">\r\n\t\t\t\t\t\t\t\t\t\t\t<img src=\"https:\/\/agora.xtec.cat\/ceipelvinyet\/wp-content\/uploads\/usu1255\/2022\/06\/3.jpg\" alt=\"3\" width=\"2312\" height=\"1304\" \/>\r\n\t\t\t\t\t\t\t\t\t\t<div class=\"slideshow_description_box slideshow_transparent\">\r\n\t\t\t\t\t\t<div class=\"slideshow_title\">3<\/div>\t\t\t\t\t\t\t\t\t\t\t<\/div>\r\n\t\t\t\t<\/div>\r\n\r\n\t\t\t\t\t\t<div style=\"clear: both;\"><\/div><\/div><div class=\"slideshow_view\">\r\n\t\t\t\t<div class=\"slideshow_slide slideshow_slide_image\">\r\n\t\t\t\t\t\t\t\t\t\t\t<img src=\"https:\/\/agora.xtec.cat\/ceipelvinyet\/wp-content\/uploads\/usu1255\/2022\/06\/2.jpg\" alt=\"2\" width=\"1632\" height=\"920\" \/>\r\n\t\t\t\t\t\t\t\t\t\t<div class=\"slideshow_description_box slideshow_transparent\">\r\n\t\t\t\t\t\t<div class=\"slideshow_title\">2<\/div>\t\t\t\t\t\t\t\t\t\t\t<\/div>\r\n\t\t\t\t<\/div>\r\n\r\n\t\t\t\t\t\t<div style=\"clear: both;\"><\/div><\/div><div class=\"slideshow_view\">\r\n\t\t\t\t<div class=\"slideshow_slide slideshow_slide_image\">\r\n\t\t\t\t\t\t\t\t\t\t\t<img src=\"https:\/\/agora.xtec.cat\/ceipelvinyet\/wp-content\/uploads\/usu1255\/2022\/06\/1.jpg\" alt=\"1\" width=\"2312\" height=\"1304\" \/>\r\n\t\t\t\t\t\t\t\t\t\t<div class=\"slideshow_description_box slideshow_transparent\">\r\n\t\t\t\t\t\t<div class=\"slideshow_title\">1<\/div>\t\t\t\t\t\t\t\t\t\t\t<\/div>\r\n\t\t\t\t<\/div>\r\n\r\n\t\t\t\t\t\t<div style=\"clear: both;\"><\/div><\/div>\r\n\t\t<\/div>\r\n\r\n\t\t<div class=\"slideshow_controlPanel slideshow_transparent\" style=\"display: none;\"><ul><li class=\"slideshow_togglePlay\" data-play-text=\"Visualitza\" data-pause-text=\"Pausa\"><\/li><\/ul><\/div>\r\n\r\n\t\t<div class=\"slideshow_button slideshow_previous slideshow_transparent\" role=\"button\" data-previous-text=\"Anterior\" style=\"display: none;\"><\/div>\r\n\t\t<div class=\"slideshow_button slideshow_next slideshow_transparent\" role=\"button\" data-next-text=\"Seg\u00fcent\" style=\"display: none;\"><\/div>\r\n\r\n\t\t<div class=\"slideshow_pagination\" style=\"display: none;\" data-go-to-text=\"V\u00e9s a la diapositiva\"><div class=\"slideshow_pagination_center\"><\/div><\/div>\r\n\r\n\t\t<!-- WordPress Slideshow Version 2.3.1 -->\r\n\r\n\t\t\t<\/div>\r\n\r\n\n","protected":false},"excerpt":{"rendered":"<p>Estimar el nostre entorn, els nostres boscos i els \u00e9ssers vius, mirar-los amb respecte i tractar-los amb cura. Aquest \u00e9s un dels objectius que com a escola ens marquem dins del nostre projecte educatiu.<br \/>\nMirar amb atenci\u00f3 i recon\u00e8ixer les esp\u00e8cies amb les que convivim ens&hellip;  <a href=\"https:\/\/agora.xtec.cat\/ceipelvinyet\/general\/estimar-la-biodiversitat\/\" title=\"Read Estimar la biodiversitat\">Llegeix m\u00e9s\u00bb<\/a><\/p>\n","protected":false},"author":6,"featured_media":7231,"comment_status":"open","ping_status":"closed","sticky":false,"template":"","format":"standard","meta":{"_bbp_topic_count":0,"_bbp_reply_count":0,"_bbp_total_topic_count":0,"_bbp_total_reply_count":0,"_bbp_voice_count":0,"_bbp_anonymous_reply_count":0,"_bbp_topic_count_hidden":0,"_bbp_reply_count_hidden":0,"_bbp_forum_subforum_count":0,"footnotes":""},"categories":[156,1,60,5,2,4,155,143],"tags":[],"class_list":["post-7226","post","type-post","status-publish","format-standard","has-post-thumbnail","hentry","category-curs-21-22","category-general","category-grans","category-mit","category-petits","category-portada","category-projecte","category-valors"],"post_mailing_queue_ids":[],"_links":{"self":[{"href":"https:\/\/agora.xtec.cat\/ceipelvinyet\/wp-json\/wp\/v2\/posts\/7226","targetHints":{"allow":["GET"]}}],"collection":[{"href":"https:\/\/agora.xtec.cat\/ceipelvinyet\/wp-json\/wp\/v2\/posts"}],"about":[{"href":"https:\/\/agora.xtec.cat\/ceipelvinyet\/wp-json\/wp\/v2\/types\/post"}],"author":[{"embeddable":true,"href":"https:\/\/agora.xtec.cat\/ceipelvinyet\/wp-json\/wp\/v2\/users\/6"}],"replies":[{"embeddable":true,"href":"https:\/\/agora.xtec.cat\/ceipelvinyet\/wp-json\/wp\/v2\/comments?post=7226"}],"version-history":[{"count":3,"href":"https:\/\/agora.xtec.cat\/ceipelvinyet\/wp-json\/wp\/v2\/posts\/7226\/revisions"}],"predecessor-version":[{"id":7233,"href":"https:\/\/agora.xtec.cat\/ceipelvinyet\/wp-json\/wp\/v2\/posts\/7226\/revisions\/7233"}],"wp:featuredmedia":[{"embeddable":true,"href":"https:\/\/agora.xtec.cat\/ceipelvinyet\/wp-json\/wp\/v2\/media\/7231"}],"wp:attachment":[{"href":"https:\/\/agora.xtec.cat\/ceipelvinyet\/wp-json\/wp\/v2\/media?parent=7226"}],"wp:term":[{"taxonomy":"category","embeddable":true,"href":"https:\/\/agora.xtec.cat\/ceipelvinyet\/wp-json\/wp\/v2\/categories?post=7226"},{"taxonomy":"post_tag","embeddable":true,"href":"https:\/\/agora.xtec.cat\/ceipelvinyet\/wp-json\/wp\/v2\/tags?post=7226"}],"curies":[{"name":"wp","href":"https:\/\/api.w.org\/{rel}","templated":true}]}}