{"id":5922,"date":"2021-02-16T12:29:21","date_gmt":"2021-02-16T11:29:21","guid":{"rendered":"http:\/\/agora.xtec.cat\/ceipelvinyet\/?p=5922"},"modified":"2021-02-16T12:29:21","modified_gmt":"2021-02-16T11:29:21","slug":"6e-participa-a-les-olimpiades-linguistiques-de-lies","status":"publish","type":"post","link":"https:\/\/agora.xtec.cat\/ceipelvinyet\/portada\/6e-participa-a-les-olimpiades-linguistiques-de-lies\/","title":{"rendered":"6\u00c8 PARTICIPA A LES OLIMP\u00cdADES LING\u00dc\u00cdSTIQUES DE L&#8217;IES"},"content":{"rendered":"<p>Aquest mat\u00ed, els infants de sis\u00e8 del Vinyet, juntament amb l\u2019escola Setelsis, hem fet el tancament de les Olimp\u00edades ling\u00fc\u00edstiques organitzades per l\u2019alumnat de 2n d\u2019ESO de l\u2019Institut Francesc Ribalta.<\/p>\n<p>Hem compartit una experi\u00e8ncia diferent de forma virtual on ens ha faltat el caliu, els retrobaments , el contacte directe i presencial. Tot i aix\u00f2 han estat unes viv\u00e8ncies \u00faniques que ens han perm\u00e8s tenir un primer vincle amb els nostres futurs companys i companyes. Unes jornades divertides que han posat a prova les nostres habilitats ling\u00fc\u00edstiques. Gr\u00e0cies per l\u2019organitzaci\u00f3 i la feina!<a href=\"https:\/\/agora.xtec.cat\/ceipelvinyet\/wp-content\/uploads\/usu1255\/2021\/02\/Untitled-design.jpg\"><img loading=\"lazy\" decoding=\"async\" class=\"size-large wp-image-5929 aligncenter\" src=\"https:\/\/agora.xtec.cat\/ceipelvinyet\/wp-content\/uploads\/usu1255\/2021\/02\/Untitled-design-1024x819.jpg\" alt=\"\" width=\"1024\" height=\"819\" srcset=\"https:\/\/agora.xtec.cat\/ceipelvinyet\/wp-content\/uploads\/usu1255\/2021\/02\/Untitled-design-1024x819.jpg 1024w, https:\/\/agora.xtec.cat\/ceipelvinyet\/wp-content\/uploads\/usu1255\/2021\/02\/Untitled-design-300x240.jpg 300w, https:\/\/agora.xtec.cat\/ceipelvinyet\/wp-content\/uploads\/usu1255\/2021\/02\/Untitled-design-768x614.jpg 768w, https:\/\/agora.xtec.cat\/ceipelvinyet\/wp-content\/uploads\/usu1255\/2021\/02\/Untitled-design.jpg 2000w\" sizes=\"auto, (max-width: 1024px) 100vw, 1024px\" \/><\/a><\/p>\n","protected":false},"excerpt":{"rendered":"<p>Aquest mat\u00ed, els infants de sis\u00e8 del Vinyet, juntament amb l\u2019escola Setelsis, hem fet el tancament de les Olimp\u00edades ling\u00fc\u00edstiques organitzades per l\u2019alumnat de 2n d\u2019ESO de l\u2019Institut Francesc Ribalta.<br \/>\nHem compartit una experi\u00e8ncia diferent de forma virtual on ens ha faltat el caliu, els retrobaments&hellip;  <a href=\"https:\/\/agora.xtec.cat\/ceipelvinyet\/portada\/6e-participa-a-les-olimpiades-linguistiques-de-lies\/\" title=\"Read 6\u00c8 PARTICIPA A LES OLIMP\u00cdADES LING\u00dc\u00cdSTIQUES DE L&#8217;IES\">Llegeix m\u00e9s\u00bb<\/a><\/p>\n","protected":false},"author":1,"featured_media":5923,"comment_status":"open","ping_status":"closed","sticky":false,"template":"","format":"standard","meta":{"_bbp_topic_count":0,"_bbp_reply_count":0,"_bbp_total_topic_count":0,"_bbp_total_reply_count":0,"_bbp_voice_count":0,"_bbp_anonymous_reply_count":0,"_bbp_topic_count_hidden":0,"_bbp_reply_count_hidden":0,"_bbp_forum_subforum_count":0,"footnotes":""},"categories":[146,95,96,97,98,4],"tags":[],"class_list":["post-5922","post","type-post","status-publish","format-standard","has-post-thumbnail","hentry","category-curs-20-21","category-grans-a","category-grans-b","category-grans-c","category-grans-d","category-portada"],"post_mailing_queue_ids":[],"_links":{"self":[{"href":"https:\/\/agora.xtec.cat\/ceipelvinyet\/wp-json\/wp\/v2\/posts\/5922","targetHints":{"allow":["GET"]}}],"collection":[{"href":"https:\/\/agora.xtec.cat\/ceipelvinyet\/wp-json\/wp\/v2\/posts"}],"about":[{"href":"https:\/\/agora.xtec.cat\/ceipelvinyet\/wp-json\/wp\/v2\/types\/post"}],"author":[{"embeddable":true,"href":"https:\/\/agora.xtec.cat\/ceipelvinyet\/wp-json\/wp\/v2\/users\/1"}],"replies":[{"embeddable":true,"href":"https:\/\/agora.xtec.cat\/ceipelvinyet\/wp-json\/wp\/v2\/comments?post=5922"}],"version-history":[{"count":3,"href":"https:\/\/agora.xtec.cat\/ceipelvinyet\/wp-json\/wp\/v2\/posts\/5922\/revisions"}],"predecessor-version":[{"id":5930,"href":"https:\/\/agora.xtec.cat\/ceipelvinyet\/wp-json\/wp\/v2\/posts\/5922\/revisions\/5930"}],"wp:featuredmedia":[{"embeddable":true,"href":"https:\/\/agora.xtec.cat\/ceipelvinyet\/wp-json\/wp\/v2\/media\/5923"}],"wp:attachment":[{"href":"https:\/\/agora.xtec.cat\/ceipelvinyet\/wp-json\/wp\/v2\/media?parent=5922"}],"wp:term":[{"taxonomy":"category","embeddable":true,"href":"https:\/\/agora.xtec.cat\/ceipelvinyet\/wp-json\/wp\/v2\/categories?post=5922"},{"taxonomy":"post_tag","embeddable":true,"href":"https:\/\/agora.xtec.cat\/ceipelvinyet\/wp-json\/wp\/v2\/tags?post=5922"}],"curies":[{"name":"wp","href":"https:\/\/api.w.org\/{rel}","templated":true}]}}