{"id":5382,"date":"2020-06-02T15:35:37","date_gmt":"2020-06-02T13:35:37","guid":{"rendered":"http:\/\/agora.xtec.cat\/ceipelvinyet\/?p=5382"},"modified":"2020-06-02T16:39:46","modified_gmt":"2020-06-02T14:39:46","slug":"les-bruixes-de-latic","status":"publish","type":"post","link":"https:\/\/agora.xtec.cat\/ceipelvinyet\/petits\/les-bruixes-de-latic\/","title":{"rendered":"&#8220;Les Bruixes de l&#8217;\u00e0tic&#8221;"},"content":{"rendered":"<p>L&#8217;Eva Pallar\u00e8s ens envia un altre conte de la col\u00b7lecci\u00f3 dels &#8216;Mitjons desaparionats&#8217;.<\/p>\n<p>El cap\u00edtol 3 de la col\u00b7lecci\u00f3\u00a0\u00abMitjons desaparionats\u00bb\u00a0presenta les Bruixes de l&#8217;\u00c0tic.I s\u00ed, s\u00f3n bruixes, per\u00f2 res no \u00e9s el que sembla&#8230; No tenen arrugues, ni berrugues, ni es dediquen a espantar criatures; al contrari, fan pocions i encanteris deliciosos! Ara viuen al n\u00famero 7 del cul-de-sac de l&#8217;Esbarzer del Pou, per\u00f2 fa set-cents setanta-set anys vivien en un altre lloc&#8230;<\/p>\n<p>Si el voleu escoltar, la Monts Lluss\u00e0 Masd\u00e9u el llegeix a: <a href=\"https:\/\/www.ivoox.com\/51445176\">https:\/\/www.ivoox.com\/51445176<\/a> si el voleu llegir vosaltres ho podeu fer a:<a href=\"https:\/\/confinacontes.blogspot.com\/2020\/05\/mitjons-desaparionats-autora-eva.html\">\u00a0https:\/\/confinacontes.blogspot.com\/2020\/05\/mitjons-desaparionats-autora-eva.html\u00a0<\/a>el blog de Confinacontes de Josep Capdeferro Pla.<\/p>\n<p>Res no \u00e9s el que sembla. I les Bruixes de l&#8217;\u00c0tic en s\u00f3n un clar exemple. Marxen dels seus pobles i es troben al fons d&#8217;una vall, al Mas Soleir\u00f2lia Fulgurant. All\u00e0 s\u00f3n tres i les coneixen com les Bruixes de les Dovelles Socarrades&#8230;Esperem que us agradi!<\/p>\n","protected":false},"excerpt":{"rendered":"<p>L&#8217;Eva Pallar\u00e8s ens envia un altre conte de la col\u00b7lecci\u00f3 dels &#8216;Mitjons desaparionats&#8217;.<br \/>\nEl cap\u00edtol 3 de la col\u00b7lecci\u00f3\u00a0\u00abMitjons desaparionats\u00bb\u00a0presenta les Bruixes de l&#8217;\u00c0tic.I s\u00ed, s\u00f3n bruixes, per\u00f2 res no \u00e9s el que sembla&#8230; No tenen arrugues, ni berrugues, ni es dediquen a espantar criatures; al&hellip;  <a href=\"https:\/\/agora.xtec.cat\/ceipelvinyet\/petits\/les-bruixes-de-latic\/\" title=\"Read &#8220;Les Bruixes de l&#8217;\u00e0tic&#8221;\">Llegeix m\u00e9s\u00bb<\/a><\/p>\n","protected":false},"author":1,"featured_media":0,"comment_status":"open","ping_status":"closed","sticky":false,"template":"","format":"standard","meta":{"_bbp_topic_count":0,"_bbp_reply_count":0,"_bbp_total_topic_count":0,"_bbp_total_reply_count":0,"_bbp_voice_count":0,"_bbp_anonymous_reply_count":0,"_bbp_topic_count_hidden":0,"_bbp_reply_count_hidden":0,"_bbp_forum_subforum_count":0,"footnotes":""},"categories":[140,2,4],"tags":[],"class_list":["post-5382","post","type-post","status-publish","format-standard","hentry","category-curs-19-20","category-petits","category-portada"],"post_mailing_queue_ids":[],"_links":{"self":[{"href":"https:\/\/agora.xtec.cat\/ceipelvinyet\/wp-json\/wp\/v2\/posts\/5382","targetHints":{"allow":["GET"]}}],"collection":[{"href":"https:\/\/agora.xtec.cat\/ceipelvinyet\/wp-json\/wp\/v2\/posts"}],"about":[{"href":"https:\/\/agora.xtec.cat\/ceipelvinyet\/wp-json\/wp\/v2\/types\/post"}],"author":[{"embeddable":true,"href":"https:\/\/agora.xtec.cat\/ceipelvinyet\/wp-json\/wp\/v2\/users\/1"}],"replies":[{"embeddable":true,"href":"https:\/\/agora.xtec.cat\/ceipelvinyet\/wp-json\/wp\/v2\/comments?post=5382"}],"version-history":[{"count":3,"href":"https:\/\/agora.xtec.cat\/ceipelvinyet\/wp-json\/wp\/v2\/posts\/5382\/revisions"}],"predecessor-version":[{"id":5386,"href":"https:\/\/agora.xtec.cat\/ceipelvinyet\/wp-json\/wp\/v2\/posts\/5382\/revisions\/5386"}],"wp:attachment":[{"href":"https:\/\/agora.xtec.cat\/ceipelvinyet\/wp-json\/wp\/v2\/media?parent=5382"}],"wp:term":[{"taxonomy":"category","embeddable":true,"href":"https:\/\/agora.xtec.cat\/ceipelvinyet\/wp-json\/wp\/v2\/categories?post=5382"},{"taxonomy":"post_tag","embeddable":true,"href":"https:\/\/agora.xtec.cat\/ceipelvinyet\/wp-json\/wp\/v2\/tags?post=5382"}],"curies":[{"name":"wp","href":"https:\/\/api.w.org\/{rel}","templated":true}]}}