{"id":5339,"date":"2020-05-21T08:56:29","date_gmt":"2020-05-21T06:56:29","guid":{"rendered":"http:\/\/agora.xtec.cat\/ceipelvinyet\/?p=5339"},"modified":"2020-05-21T08:56:29","modified_gmt":"2020-05-21T06:56:29","slug":"una-superheroina-sense-superpoders","status":"publish","type":"post","link":"https:\/\/agora.xtec.cat\/ceipelvinyet\/petits\/una-superheroina-sense-superpoders\/","title":{"rendered":"&#8220;Una superhero\u00efna sense superpoders&#8221;"},"content":{"rendered":"<p>Aquesta vegada l&#8217;Eva Pallar\u00e8s, la mare de l&#8217;\u00c8ol i l&#8217;Atena ens sorpren amb aquest conte: Una superhero\u00efna sense superpoders.<\/p>\n<p>Us deixem dos enlla\u00e7os per accedir al conte:<\/p>\n<p>Conte per a llegir:\u00a0<a href=\"https:\/\/confinacontes.blogspot.com\/2020\/05\/el-conte-de-la-rateta-autora-eva.html\" target=\"_blank\" rel=\"noopener noreferrer\" data-saferedirecturl=\"https:\/\/www.google.com\/url?q=https:\/\/confinacontes.blogspot.com\/2020\/05\/el-conte-de-la-rateta-autora-eva.html&amp;source=gmail&amp;ust=1590129876815000&amp;usg=AFQjCNFSW7PwFx7LbKd5jCZzT8uPzDWlzg\">https:\/\/confinacontes.blogspot.com\/2020\/05\/el-conte-de-la-rateta-autora-eva.html<\/a><\/p>\n<div>\n<div dir=\"ltr\">\n<div dir=\"ltr\">\n<div dir=\"ltr\">\n<div dir=\"ltr\">\n<div dir=\"ltr\">\n<div dir=\"ltr\">\n<div dir=\"ltr\">\n<div dir=\"ltr\">\n<div dir=\"ltr\">\n<div dir=\"ltr\">\n<div dir=\"ltr\">\n<div>Conte per a escoltar llegit per la Monts Lluss\u00e0:\u00a0<a href=\"https:\/\/www.ivoox.com\/51152427\" target=\"_blank\" rel=\"noopener noreferrer\" data-saferedirecturl=\"https:\/\/www.google.com\/url?q=https:\/\/www.ivoox.com\/51152427&amp;source=gmail&amp;ust=1590129876815000&amp;usg=AFQjCNGYWwzoFUZYaiYuPEtqZa6DiiQ8xg\">https:\/\/www.ivoox.com\/51152427<\/a><\/div>\n<div><\/div>\n<\/div>\n<\/div>\n<\/div>\n<\/div>\n<\/div>\n<\/div>\n<\/div>\n<\/div>\n<\/div>\n<\/div>\n<\/div>\n<\/div>\n<p>No us perdeu la can\u00e7\u00f3 final&#8230; endevineu qui la canta?<\/p>\n","protected":false},"excerpt":{"rendered":"<p>Aquesta vegada l&#8217;Eva Pallar\u00e8s, la mare de l&#8217;\u00c8ol i l&#8217;Atena ens sorpren amb aquest conte: Una superhero\u00efna sense superpoders.<br \/>\nUs deixem dos enlla\u00e7os per accedir al conte:<br \/>\nConte per a llegir:\u00a0<a href=\"https:\/\/confinacontes.blogspot.com\/2020\/05\/el-conte-de-la-rateta-autora-eva.html\" target=\"_blank\" rel=\"noopener noreferrer\" data-saferedirecturl=\"https:\/\/www.google.com\/url?q=https:\/\/confinacontes.blogspot.com\/2020\/05\/el-conte-de-la-rateta-autora-eva.html&amp;source=gmail&amp;ust=1590129876815000&amp;usg=AFQjCNFSW7PwFx7LbKd5jCZzT8uPzDWlzg\">https:\/\/confinacontes.blogspot.com\/2020\/05\/el-conte-de-la-rateta-autora-eva.html<\/a><\/p>\n<p>Conte per a escoltar llegit per la Monts Lluss\u00e0:\u00a0<a href=\"https:\/\/www.ivoox.com\/51152427\" target=\"_blank\" rel=\"noopener&hellip;  <a href=\"https:\/\/agora.xtec.cat\/ceipelvinyet\/petits\/una-superheroina-sense-superpoders\/\" title=\"Read &#8220;Una superhero\u00efna sense superpoders&#8221;\">Llegeix m\u00e9s\u00bb<\/a><\/p>\n","protected":false},"author":1,"featured_media":0,"comment_status":"open","ping_status":"closed","sticky":false,"template":"","format":"standard","meta":{"_bbp_topic_count":0,"_bbp_reply_count":0,"_bbp_total_topic_count":0,"_bbp_total_reply_count":0,"_bbp_voice_count":0,"_bbp_anonymous_reply_count":0,"_bbp_topic_count_hidden":0,"_bbp_reply_count_hidden":0,"_bbp_forum_subforum_count":0,"footnotes":""},"categories":[140,2,3,59,4],"tags":[],"class_list":["post-5339","post","type-post","status-publish","format-standard","hentry","category-curs-19-20","category-petits","category-pa","category-pd","category-portada"],"post_mailing_queue_ids":[],"_links":{"self":[{"href":"https:\/\/agora.xtec.cat\/ceipelvinyet\/wp-json\/wp\/v2\/posts\/5339","targetHints":{"allow":["GET"]}}],"collection":[{"href":"https:\/\/agora.xtec.cat\/ceipelvinyet\/wp-json\/wp\/v2\/posts"}],"about":[{"href":"https:\/\/agora.xtec.cat\/ceipelvinyet\/wp-json\/wp\/v2\/types\/post"}],"author":[{"embeddable":true,"href":"https:\/\/agora.xtec.cat\/ceipelvinyet\/wp-json\/wp\/v2\/users\/1"}],"replies":[{"embeddable":true,"href":"https:\/\/agora.xtec.cat\/ceipelvinyet\/wp-json\/wp\/v2\/comments?post=5339"}],"version-history":[{"count":1,"href":"https:\/\/agora.xtec.cat\/ceipelvinyet\/wp-json\/wp\/v2\/posts\/5339\/revisions"}],"predecessor-version":[{"id":5340,"href":"https:\/\/agora.xtec.cat\/ceipelvinyet\/wp-json\/wp\/v2\/posts\/5339\/revisions\/5340"}],"wp:attachment":[{"href":"https:\/\/agora.xtec.cat\/ceipelvinyet\/wp-json\/wp\/v2\/media?parent=5339"}],"wp:term":[{"taxonomy":"category","embeddable":true,"href":"https:\/\/agora.xtec.cat\/ceipelvinyet\/wp-json\/wp\/v2\/categories?post=5339"},{"taxonomy":"post_tag","embeddable":true,"href":"https:\/\/agora.xtec.cat\/ceipelvinyet\/wp-json\/wp\/v2\/tags?post=5339"}],"curies":[{"name":"wp","href":"https:\/\/api.w.org\/{rel}","templated":true}]}}