{"id":10425,"date":"2026-03-27T11:54:04","date_gmt":"2026-03-27T10:54:04","guid":{"rendered":"https:\/\/agora.xtec.cat\/ceipelvinyet\/?p=10425"},"modified":"2026-04-27T12:00:20","modified_gmt":"2026-04-27T10:00:20","slug":"participem-a-la-jornada-del-dia-de-larbre","status":"publish","type":"post","link":"https:\/\/agora.xtec.cat\/ceipelvinyet\/portada\/participem-a-la-jornada-del-dia-de-larbre\/","title":{"rendered":"Participem a la jornada del DIA DE L&#8217;ARBRE"},"content":{"rendered":"<p><img loading=\"lazy\" decoding=\"async\" class=\"alignnone size-large wp-image-10427\" src=\"https:\/\/agora.xtec.cat\/ceipelvinyet\/wp-content\/uploads\/usu1255\/2026\/04\/1-1-1024x1024.jpg\" alt=\"\" width=\"1024\" height=\"1024\" srcset=\"https:\/\/agora.xtec.cat\/ceipelvinyet\/wp-content\/uploads\/usu1255\/2026\/04\/1-1-1024x1024.jpg 1024w, https:\/\/agora.xtec.cat\/ceipelvinyet\/wp-content\/uploads\/usu1255\/2026\/04\/1-1-300x300.jpg 300w, https:\/\/agora.xtec.cat\/ceipelvinyet\/wp-content\/uploads\/usu1255\/2026\/04\/1-1-150x150.jpg 150w, https:\/\/agora.xtec.cat\/ceipelvinyet\/wp-content\/uploads\/usu1255\/2026\/04\/1-1-768x768.jpg 768w, https:\/\/agora.xtec.cat\/ceipelvinyet\/wp-content\/uploads\/usu1255\/2026\/04\/1-1.jpg 1080w\" sizes=\"auto, (max-width: 1024px) 100vw, 1024px\" \/><\/p>\n<p><img loading=\"lazy\" decoding=\"async\" class=\"alignnone size-large wp-image-10426\" src=\"https:\/\/agora.xtec.cat\/ceipelvinyet\/wp-content\/uploads\/usu1255\/2026\/04\/2-1-1024x1024.jpg\" alt=\"\" width=\"1024\" height=\"1024\" srcset=\"https:\/\/agora.xtec.cat\/ceipelvinyet\/wp-content\/uploads\/usu1255\/2026\/04\/2-1-1024x1024.jpg 1024w, https:\/\/agora.xtec.cat\/ceipelvinyet\/wp-content\/uploads\/usu1255\/2026\/04\/2-1-300x300.jpg 300w, https:\/\/agora.xtec.cat\/ceipelvinyet\/wp-content\/uploads\/usu1255\/2026\/04\/2-1-150x150.jpg 150w, https:\/\/agora.xtec.cat\/ceipelvinyet\/wp-content\/uploads\/usu1255\/2026\/04\/2-1-768x768.jpg 768w, https:\/\/agora.xtec.cat\/ceipelvinyet\/wp-content\/uploads\/usu1255\/2026\/04\/2-1.jpg 1080w\" sizes=\"auto, (max-width: 1024px) 100vw, 1024px\" \/><\/p>\n<p data-pm-slice=\"1 1 []\">Els infants de la comunitat de grans han celebrat el Dia de l\u2019Arbre a la Vall de Lord, en el marc d\u2019una jornada educativa plena d\u2019activitats\u00a0per commemorar el\u00a0<strong>dia Internacional dels Boscos<\/strong>\u00a0amb\u00a0una proposta educativa centrada en la sensibilitzaci\u00f3 ambiental i la prevenci\u00f3 d\u2019incendis forestals.<\/p>\n<p>Al llarg del dia, han participat en diferents propostes amb un clar component formatiu i divulgatiu. La jornada ha comen\u00e7at amb una visita al Parc de Bombers Voluntaris de Sant Lloren\u00e7 de Morunys, on han realitzat un taller centrat en la gesti\u00f3 i la prevenci\u00f3 d\u2019incendis forestals, un aspecte clau per a la protecci\u00f3 del nostre entorn.<\/p>\n<p>Tot seguit, han assistit a una xerrada a c\u00e0rrec dels Agents Rurals, on han pogut con\u00e8ixer aspectes relacionats amb la fauna ,com la pres\u00e8ncia del llop, les comunitats vegetals i les bones pr\u00e0ctiques de comportament en el medi natural, i tamb\u00e9 han fet una plantada d\u2019arbres.<\/p>\n<p>A la tarda, l\u2019alumnat ha visitat les instal\u00b7lacions de l\u2019empresa Knauf, amb l\u2019objectiu d\u2019apropar-se al seu funcionament i activitat productiva. En aquest mateix espai, tamb\u00e9 han participat en una activitat educativa sobre els arbres, dinamitzada per Mont Natura.<\/p>\n<p>Gr\u00e0cies a totes les entitats i professionals que han fet possible aquest dia. Una jornada per aprendre, gaudir i cr\u00e9ixer en contacte amb la natura!<\/p>\n","protected":false},"excerpt":{"rendered":"<p>Els infants de la comunitat de grans han celebrat el Dia de l\u2019Arbre a la Vall de Lord, en el marc d\u2019una jornada educativa plena d\u2019activitats\u00a0per commemorar el\u00a0dia Internacional dels Boscos\u00a0amb\u00a0una proposta educativa centrada en la sensibilitzaci\u00f3 ambiental i la prevenci\u00f3 d\u2019incendis forestals.<br \/>\nAl llarg del&hellip;  <a href=\"https:\/\/agora.xtec.cat\/ceipelvinyet\/portada\/participem-a-la-jornada-del-dia-de-larbre\/\" title=\"Read Participem a la jornada del DIA DE L&#8217;ARBRE\">Llegeix m\u00e9s\u00bb<\/a><\/p>\n","protected":false},"author":1,"featured_media":10427,"comment_status":"open","ping_status":"open","sticky":false,"template":"","format":"standard","meta":{"_bbp_topic_count":0,"_bbp_reply_count":0,"_bbp_total_topic_count":0,"_bbp_total_reply_count":0,"_bbp_voice_count":0,"_bbp_anonymous_reply_count":0,"_bbp_topic_count_hidden":0,"_bbp_reply_count_hidden":0,"_bbp_forum_subforum_count":0,"footnotes":""},"categories":[189,60,95,96,97,98,4],"tags":[],"class_list":["post-10425","post","type-post","status-publish","format-standard","has-post-thumbnail","hentry","category-curs-25-26","category-grans","category-grans-a","category-grans-b","category-grans-c","category-grans-d","category-portada"],"post_mailing_queue_ids":[],"_links":{"self":[{"href":"https:\/\/agora.xtec.cat\/ceipelvinyet\/wp-json\/wp\/v2\/posts\/10425","targetHints":{"allow":["GET"]}}],"collection":[{"href":"https:\/\/agora.xtec.cat\/ceipelvinyet\/wp-json\/wp\/v2\/posts"}],"about":[{"href":"https:\/\/agora.xtec.cat\/ceipelvinyet\/wp-json\/wp\/v2\/types\/post"}],"author":[{"embeddable":true,"href":"https:\/\/agora.xtec.cat\/ceipelvinyet\/wp-json\/wp\/v2\/users\/1"}],"replies":[{"embeddable":true,"href":"https:\/\/agora.xtec.cat\/ceipelvinyet\/wp-json\/wp\/v2\/comments?post=10425"}],"version-history":[{"count":3,"href":"https:\/\/agora.xtec.cat\/ceipelvinyet\/wp-json\/wp\/v2\/posts\/10425\/revisions"}],"predecessor-version":[{"id":10430,"href":"https:\/\/agora.xtec.cat\/ceipelvinyet\/wp-json\/wp\/v2\/posts\/10425\/revisions\/10430"}],"wp:featuredmedia":[{"embeddable":true,"href":"https:\/\/agora.xtec.cat\/ceipelvinyet\/wp-json\/wp\/v2\/media\/10427"}],"wp:attachment":[{"href":"https:\/\/agora.xtec.cat\/ceipelvinyet\/wp-json\/wp\/v2\/media?parent=10425"}],"wp:term":[{"taxonomy":"category","embeddable":true,"href":"https:\/\/agora.xtec.cat\/ceipelvinyet\/wp-json\/wp\/v2\/categories?post=10425"},{"taxonomy":"post_tag","embeddable":true,"href":"https:\/\/agora.xtec.cat\/ceipelvinyet\/wp-json\/wp\/v2\/tags?post=10425"}],"curies":[{"name":"wp","href":"https:\/\/api.w.org\/{rel}","templated":true}]}}