{"id":10370,"date":"2026-03-10T22:45:38","date_gmt":"2026-03-10T21:45:38","guid":{"rendered":"https:\/\/agora.xtec.cat\/ceipelvinyet\/?p=10370"},"modified":"2026-03-10T22:49:58","modified_gmt":"2026-03-10T21:49:58","slug":"certamen-de-lectura-en-veu-alta-5","status":"publish","type":"post","link":"https:\/\/agora.xtec.cat\/ceipelvinyet\/portada\/certamen-de-lectura-en-veu-alta-5\/","title":{"rendered":"Certamen de lectura en veu alta"},"content":{"rendered":"<p>Avui, 10 de mar\u00e7, s\u2019ha dut a terme a Puig-reig una de les semifinals del Certamen de Lectura en Veu Alta, una trobada que promou el gust per la lectura entre l\u2019alumnat.<\/p>\n<p>Les representants de la nostra escola han estat la J\u00falia Sol\u00e9 (grumets verds) i la Nuna Parra (grumets vermells), que van ser escollides en un proc\u00e9s de selecci\u00f3 realitzat al centre.<\/p>\n<p>Durant el certamen han demostrat una molt bona preparaci\u00f3 i han fet una lectura clara i expressiva davant del p\u00fablic.<\/p>\n<p>Tot i que en aquesta ocasi\u00f3 no han pogut passar a la fase seg\u00fcent, la seva participaci\u00f3 ha estat positiva i han compartit una experi\u00e8ncia enriquidora amb infants d\u2019altres escoles.<\/p>\n<p>Des del Vinyet, volem recon\u00e8ixer la seva dedicaci\u00f3, l\u2019esfor\u00e7 i l\u2019inter\u00e8s per la lectura.<\/p>\n<p>Moltes felicitats per la feina feta!<\/p>\n<p>&nbsp;<\/p>\n<p><img loading=\"lazy\" decoding=\"async\" class=\"alignnone size-large wp-image-10371\" src=\"https:\/\/agora.xtec.cat\/ceipelvinyet\/wp-content\/uploads\/usu1255\/2026\/03\/WhatsApp-Image-2026-03-10-at-12.41.15-768x1024.jpeg\" alt=\"\" width=\"768\" height=\"1024\" srcset=\"https:\/\/agora.xtec.cat\/ceipelvinyet\/wp-content\/uploads\/usu1255\/2026\/03\/WhatsApp-Image-2026-03-10-at-12.41.15-768x1024.jpeg 768w, https:\/\/agora.xtec.cat\/ceipelvinyet\/wp-content\/uploads\/usu1255\/2026\/03\/WhatsApp-Image-2026-03-10-at-12.41.15-225x300.jpeg 225w, https:\/\/agora.xtec.cat\/ceipelvinyet\/wp-content\/uploads\/usu1255\/2026\/03\/WhatsApp-Image-2026-03-10-at-12.41.15-1152x1536.jpeg 1152w, https:\/\/agora.xtec.cat\/ceipelvinyet\/wp-content\/uploads\/usu1255\/2026\/03\/WhatsApp-Image-2026-03-10-at-12.41.15.jpeg 1200w\" sizes=\"auto, (max-width: 768px) 100vw, 768px\" \/><\/p>\n<p><img loading=\"lazy\" decoding=\"async\" class=\"alignnone size-large wp-image-10373\" src=\"https:\/\/agora.xtec.cat\/ceipelvinyet\/wp-content\/uploads\/usu1255\/2026\/03\/WhatsApp-Image-2026-03-10-at-22.47.23-768x1024.jpeg\" alt=\"\" width=\"768\" height=\"1024\" srcset=\"https:\/\/agora.xtec.cat\/ceipelvinyet\/wp-content\/uploads\/usu1255\/2026\/03\/WhatsApp-Image-2026-03-10-at-22.47.23-768x1024.jpeg 768w, https:\/\/agora.xtec.cat\/ceipelvinyet\/wp-content\/uploads\/usu1255\/2026\/03\/WhatsApp-Image-2026-03-10-at-22.47.23-225x300.jpeg 225w, https:\/\/agora.xtec.cat\/ceipelvinyet\/wp-content\/uploads\/usu1255\/2026\/03\/WhatsApp-Image-2026-03-10-at-22.47.23-1152x1536.jpeg 1152w, https:\/\/agora.xtec.cat\/ceipelvinyet\/wp-content\/uploads\/usu1255\/2026\/03\/WhatsApp-Image-2026-03-10-at-22.47.23.jpeg 1200w\" sizes=\"auto, (max-width: 768px) 100vw, 768px\" \/><\/p>\n<p>&nbsp;<\/p>\n<p>&nbsp;<\/p>\n","protected":false},"excerpt":{"rendered":"<p>Avui, 10 de mar\u00e7, s\u2019ha dut a terme a Puig-reig una de les semifinals del Certamen de Lectura en Veu Alta, una trobada que promou el gust per la lectura entre l\u2019alumnat.<br \/>\nLes representants de la nostra escola han estat la J\u00falia Sol\u00e9 (grumets verds) i&hellip;  <a href=\"https:\/\/agora.xtec.cat\/ceipelvinyet\/portada\/certamen-de-lectura-en-veu-alta-5\/\" title=\"Read Certamen de lectura en veu alta\">Llegeix m\u00e9s\u00bb<\/a><\/p>\n","protected":false},"author":1,"featured_media":10371,"comment_status":"open","ping_status":"open","sticky":false,"template":"","format":"standard","meta":{"_bbp_topic_count":0,"_bbp_reply_count":0,"_bbp_total_topic_count":0,"_bbp_total_reply_count":0,"_bbp_voice_count":0,"_bbp_anonymous_reply_count":0,"_bbp_topic_count_hidden":0,"_bbp_reply_count_hidden":0,"_bbp_forum_subforum_count":0,"footnotes":""},"categories":[189,106,4],"tags":[],"class_list":["post-10370","post","type-post","status-publish","format-standard","has-post-thumbnail","hentry","category-curs-25-26","category-info","category-portada"],"post_mailing_queue_ids":[],"_links":{"self":[{"href":"https:\/\/agora.xtec.cat\/ceipelvinyet\/wp-json\/wp\/v2\/posts\/10370","targetHints":{"allow":["GET"]}}],"collection":[{"href":"https:\/\/agora.xtec.cat\/ceipelvinyet\/wp-json\/wp\/v2\/posts"}],"about":[{"href":"https:\/\/agora.xtec.cat\/ceipelvinyet\/wp-json\/wp\/v2\/types\/post"}],"author":[{"embeddable":true,"href":"https:\/\/agora.xtec.cat\/ceipelvinyet\/wp-json\/wp\/v2\/users\/1"}],"replies":[{"embeddable":true,"href":"https:\/\/agora.xtec.cat\/ceipelvinyet\/wp-json\/wp\/v2\/comments?post=10370"}],"version-history":[{"count":2,"href":"https:\/\/agora.xtec.cat\/ceipelvinyet\/wp-json\/wp\/v2\/posts\/10370\/revisions"}],"predecessor-version":[{"id":10374,"href":"https:\/\/agora.xtec.cat\/ceipelvinyet\/wp-json\/wp\/v2\/posts\/10370\/revisions\/10374"}],"wp:featuredmedia":[{"embeddable":true,"href":"https:\/\/agora.xtec.cat\/ceipelvinyet\/wp-json\/wp\/v2\/media\/10371"}],"wp:attachment":[{"href":"https:\/\/agora.xtec.cat\/ceipelvinyet\/wp-json\/wp\/v2\/media?parent=10370"}],"wp:term":[{"taxonomy":"category","embeddable":true,"href":"https:\/\/agora.xtec.cat\/ceipelvinyet\/wp-json\/wp\/v2\/categories?post=10370"},{"taxonomy":"post_tag","embeddable":true,"href":"https:\/\/agora.xtec.cat\/ceipelvinyet\/wp-json\/wp\/v2\/tags?post=10370"}],"curies":[{"name":"wp","href":"https:\/\/api.w.org\/{rel}","templated":true}]}}