{"id":17899,"date":"2023-02-15T11:30:33","date_gmt":"2023-02-15T10:30:33","guid":{"rendered":"https:\/\/agora.xtec.cat\/ceipelturomontcada\/?p=17899"},"modified":"2023-02-15T11:30:33","modified_gmt":"2023-02-15T10:30:33","slug":"educacio-infantil-visita-la-granja-aula-de-palaudaries","status":"publish","type":"post","link":"https:\/\/agora.xtec.cat\/ceipelturomontcada\/general\/educacio-infantil-visita-la-granja-aula-de-palaudaries\/","title":{"rendered":"Educaci\u00f3 infantil visita La granja-aula de Palaud\u00e0ries"},"content":{"rendered":"<p>L&#8217;alumnat d&#8217;educaci\u00f3 infantil ha fet una sortida a la granja-aula de Palaud\u00e0ries. All\u00e0 han vist els animals de la granja i els hi han donat de menjar.<\/p>\n<p><strong>Cliqueu a la imatge per accedir a l&#8217;\u00e0lbum<\/strong><\/p>\n<p><a href=\"https:\/\/photos.app.goo.gl\/4oEp9Yry5DadJKpz7\"><img loading=\"lazy\" decoding=\"async\" class=\"aligncenter size-full wp-image-17900\" src=\"https:\/\/agora.xtec.cat\/ceipelturomontcada\/wp-content\/uploads\/usu621\/2023\/02\/IMG_5924.jpg\" alt=\"\" width=\"1920\" height=\"1920\" srcset=\"https:\/\/agora.xtec.cat\/ceipelturomontcada\/wp-content\/uploads\/usu621\/2023\/02\/IMG_5924.jpg 1920w, https:\/\/agora.xtec.cat\/ceipelturomontcada\/wp-content\/uploads\/usu621\/2023\/02\/IMG_5924-300x300.jpg 300w, https:\/\/agora.xtec.cat\/ceipelturomontcada\/wp-content\/uploads\/usu621\/2023\/02\/IMG_5924-1024x1024.jpg 1024w, https:\/\/agora.xtec.cat\/ceipelturomontcada\/wp-content\/uploads\/usu621\/2023\/02\/IMG_5924-150x150.jpg 150w, https:\/\/agora.xtec.cat\/ceipelturomontcada\/wp-content\/uploads\/usu621\/2023\/02\/IMG_5924-768x768.jpg 768w, https:\/\/agora.xtec.cat\/ceipelturomontcada\/wp-content\/uploads\/usu621\/2023\/02\/IMG_5924-1536x1536.jpg 1536w\" sizes=\"auto, (max-width: 1920px) 100vw, 1920px\" \/><\/a><\/p>\n","protected":false},"excerpt":{"rendered":"<p>L&#8217;alumnat d&#8217;educaci\u00f3 infantil ha fet una sortida a la granja-aula de Palaud\u00e0ries. All\u00e0 han vist els animals de la granja i els hi han donat de menjar.<br \/>\nCliqueu a la imatge per accedir a l&#8217;\u00e0lbum<br \/>\n<a href=\"https:\/\/photos.app.goo.gl\/4oEp9Yry5DadJKpz7\"><\/a><\/p>\n","protected":false},"author":7,"featured_media":0,"comment_status":"open","ping_status":"closed","sticky":false,"template":"","format":"standard","meta":{"_bbp_topic_count":0,"_bbp_reply_count":0,"_bbp_total_topic_count":0,"_bbp_total_reply_count":0,"_bbp_voice_count":0,"_bbp_anonymous_reply_count":0,"_bbp_topic_count_hidden":0,"_bbp_reply_count_hidden":0,"_bbp_forum_subforum_count":0,"footnotes":""},"categories":[1,49,3,8,9,4,146,184,203,145],"tags":[202,168,206,16,194],"class_list":["post-17899","post","type-post","status-publish","format-standard","hentry","category-general","category-infantil","category-p3","category-p4","category-p5","category-portada","category-promocio-2017","category-promocio-2018","category-promocio-2019","category-promocions","tag-curs-22-23","tag-educacio-infantil","tag-la-granja","tag-sortides","tag-sortides-escolars"],"post_mailing_queue_ids":[],"_links":{"self":[{"href":"https:\/\/agora.xtec.cat\/ceipelturomontcada\/wp-json\/wp\/v2\/posts\/17899","targetHints":{"allow":["GET"]}}],"collection":[{"href":"https:\/\/agora.xtec.cat\/ceipelturomontcada\/wp-json\/wp\/v2\/posts"}],"about":[{"href":"https:\/\/agora.xtec.cat\/ceipelturomontcada\/wp-json\/wp\/v2\/types\/post"}],"author":[{"embeddable":true,"href":"https:\/\/agora.xtec.cat\/ceipelturomontcada\/wp-json\/wp\/v2\/users\/7"}],"replies":[{"embeddable":true,"href":"https:\/\/agora.xtec.cat\/ceipelturomontcada\/wp-json\/wp\/v2\/comments?post=17899"}],"version-history":[{"count":1,"href":"https:\/\/agora.xtec.cat\/ceipelturomontcada\/wp-json\/wp\/v2\/posts\/17899\/revisions"}],"predecessor-version":[{"id":17901,"href":"https:\/\/agora.xtec.cat\/ceipelturomontcada\/wp-json\/wp\/v2\/posts\/17899\/revisions\/17901"}],"wp:attachment":[{"href":"https:\/\/agora.xtec.cat\/ceipelturomontcada\/wp-json\/wp\/v2\/media?parent=17899"}],"wp:term":[{"taxonomy":"category","embeddable":true,"href":"https:\/\/agora.xtec.cat\/ceipelturomontcada\/wp-json\/wp\/v2\/categories?post=17899"},{"taxonomy":"post_tag","embeddable":true,"href":"https:\/\/agora.xtec.cat\/ceipelturomontcada\/wp-json\/wp\/v2\/tags?post=17899"}],"curies":[{"name":"wp","href":"https:\/\/api.w.org\/{rel}","templated":true}]}}