{"id":17892,"date":"2023-02-14T09:16:19","date_gmt":"2023-02-14T08:16:19","guid":{"rendered":"https:\/\/agora.xtec.cat\/ceipelturomontcada\/?p=17892"},"modified":"2023-02-14T09:16:26","modified_gmt":"2023-02-14T08:16:26","slug":"arribada-rei-i-reina-carnestoltes-i-prego","status":"publish","type":"post","link":"https:\/\/agora.xtec.cat\/ceipelturomontcada\/general\/arribada-rei-i-reina-carnestoltes-i-prego\/","title":{"rendered":"Arribada Rei i Reina Carnestoltes i Preg\u00f3"},"content":{"rendered":"<p>Divendres passat van arribar a l&#8217;escola el Rei i la Reina Carnestoltes per comunicar-nos l&#8217;inici del Carnaval. L&#8217;alumnat de 6\u00e8 ens va llegir el preg\u00f3 amb les consignes per aquests dies. Despr\u00e9s vam estar ballant una estona.<\/p>\n<p><strong>Cliqueu a l&#8217;enlla\u00e7 per veure totes les fotos de l&#8217;\u00e0lbum<\/strong><\/p>\n<p><a href=\"https:\/\/photos.app.goo.gl\/BRwyitpjNHMzf9GR6\"><img loading=\"lazy\" decoding=\"async\" class=\"aligncenter size-full wp-image-17893\" src=\"https:\/\/agora.xtec.cat\/ceipelturomontcada\/wp-content\/uploads\/usu621\/2023\/02\/IMG_5883.jpg\" alt=\"\" width=\"1920\" height=\"1920\" srcset=\"https:\/\/agora.xtec.cat\/ceipelturomontcada\/wp-content\/uploads\/usu621\/2023\/02\/IMG_5883.jpg 1920w, https:\/\/agora.xtec.cat\/ceipelturomontcada\/wp-content\/uploads\/usu621\/2023\/02\/IMG_5883-300x300.jpg 300w, https:\/\/agora.xtec.cat\/ceipelturomontcada\/wp-content\/uploads\/usu621\/2023\/02\/IMG_5883-1024x1024.jpg 1024w, https:\/\/agora.xtec.cat\/ceipelturomontcada\/wp-content\/uploads\/usu621\/2023\/02\/IMG_5883-150x150.jpg 150w, https:\/\/agora.xtec.cat\/ceipelturomontcada\/wp-content\/uploads\/usu621\/2023\/02\/IMG_5883-768x768.jpg 768w, https:\/\/agora.xtec.cat\/ceipelturomontcada\/wp-content\/uploads\/usu621\/2023\/02\/IMG_5883-1536x1536.jpg 1536w\" sizes=\"auto, (max-width: 1920px) 100vw, 1920px\" \/><\/a><\/p>\n","protected":false},"excerpt":{"rendered":"<p>Divendres passat van arribar a l&#8217;escola el Rei i la Reina Carnestoltes per comunicar-nos l&#8217;inici del Carnaval. L&#8217;alumnat de 6\u00e8 ens va llegir el preg\u00f3 amb les consignes per aquests dies. Despr\u00e9s vam estar ballant una estona.<br \/>\nCliqueu a l&#8217;enlla\u00e7 per veure totes les fotos de&hellip;  <a href=\"https:\/\/agora.xtec.cat\/ceipelturomontcada\/general\/arribada-rei-i-reina-carnestoltes-i-prego\/\" title=\"Read Arribada Rei i Reina Carnestoltes i Preg\u00f3\">Llegeix m\u00e9s\u00bb<\/a><\/p>\n","protected":false},"author":7,"featured_media":0,"comment_status":"open","ping_status":"closed","sticky":false,"template":"","format":"standard","meta":{"_bbp_topic_count":0,"_bbp_reply_count":0,"_bbp_total_topic_count":0,"_bbp_total_reply_count":0,"_bbp_voice_count":0,"_bbp_anonymous_reply_count":0,"_bbp_topic_count_hidden":0,"_bbp_reply_count_hidden":0,"_bbp_forum_subforum_count":0,"footnotes":""},"categories":[10,11,12,13,14,15,1,49,3,8,9,4,5,152,151,150,149,148,147,146,184,203,145],"tags":[108,202],"class_list":["post-17892","post","type-post","status-publish","format-standard","hentry","category-1r","category-2n","category-3r","category-4t","category-5e","category-6e","category-general","category-infantil","category-p3","category-p4","category-p5","category-portada","category-primaria","category-promocio-2011","category-promocio-2012","category-promocio-2013","category-promocio-2014","category-promocio-2015","category-promocio-2016","category-promocio-2017","category-promocio-2018","category-promocio-2019","category-promocions","tag-carnaval","tag-curs-22-23"],"post_mailing_queue_ids":[],"_links":{"self":[{"href":"https:\/\/agora.xtec.cat\/ceipelturomontcada\/wp-json\/wp\/v2\/posts\/17892","targetHints":{"allow":["GET"]}}],"collection":[{"href":"https:\/\/agora.xtec.cat\/ceipelturomontcada\/wp-json\/wp\/v2\/posts"}],"about":[{"href":"https:\/\/agora.xtec.cat\/ceipelturomontcada\/wp-json\/wp\/v2\/types\/post"}],"author":[{"embeddable":true,"href":"https:\/\/agora.xtec.cat\/ceipelturomontcada\/wp-json\/wp\/v2\/users\/7"}],"replies":[{"embeddable":true,"href":"https:\/\/agora.xtec.cat\/ceipelturomontcada\/wp-json\/wp\/v2\/comments?post=17892"}],"version-history":[{"count":1,"href":"https:\/\/agora.xtec.cat\/ceipelturomontcada\/wp-json\/wp\/v2\/posts\/17892\/revisions"}],"predecessor-version":[{"id":17894,"href":"https:\/\/agora.xtec.cat\/ceipelturomontcada\/wp-json\/wp\/v2\/posts\/17892\/revisions\/17894"}],"wp:attachment":[{"href":"https:\/\/agora.xtec.cat\/ceipelturomontcada\/wp-json\/wp\/v2\/media?parent=17892"}],"wp:term":[{"taxonomy":"category","embeddable":true,"href":"https:\/\/agora.xtec.cat\/ceipelturomontcada\/wp-json\/wp\/v2\/categories?post=17892"},{"taxonomy":"post_tag","embeddable":true,"href":"https:\/\/agora.xtec.cat\/ceipelturomontcada\/wp-json\/wp\/v2\/tags?post=17892"}],"curies":[{"name":"wp","href":"https:\/\/api.w.org\/{rel}","templated":true}]}}