{"id":14739,"date":"2019-10-11T09:24:28","date_gmt":"2019-10-11T07:24:28","guid":{"rendered":"http:\/\/agora.xtec.cat\/ceipelturomontcada\/?p=14739"},"modified":"2020-11-24T12:37:46","modified_gmt":"2020-11-24T11:37:46","slug":"primers-contactes-amb-la-lectura-p3","status":"publish","type":"post","link":"https:\/\/agora.xtec.cat\/ceipelturomontcada\/general\/primers-contactes-amb-la-lectura-p3\/","title":{"rendered":"PRIMERS CONTACTES AMB LA LECTURA (P3)"},"content":{"rendered":"<p>Els m\u00e9s menuts fomentem i desenvolupem el nostre gust per la lectura.<\/p>\n<p>Cada dia disposem d&#8217;un espai on podem gaudir d&#8217;un conte. Moments per observar, fullejar, descobrir i imaginar. Moments per nosaltres.<\/p>\n<p>Els contes s\u00f3n m\u00e0gics, ens transporten a un altre m\u00f3n i ens viure experi\u00e8ncies meravelloses.<\/p>\n<p><a href=\"https:\/\/photos.app.goo.gl\/Ky88LCHGExXa3mZS6\"><img loading=\"lazy\" decoding=\"async\" class=\"alignnone wp-image-14754\" src=\"https:\/\/agora.xtec.cat\/ceipelturomontcada\/wp-content\/uploads\/usu621\/2019\/10\/lectura-768x1024.jpg\" alt=\"\" width=\"514\" height=\"685\" srcset=\"https:\/\/agora.xtec.cat\/ceipelturomontcada\/wp-content\/uploads\/usu621\/2019\/10\/lectura-768x1024.jpg 768w, https:\/\/agora.xtec.cat\/ceipelturomontcada\/wp-content\/uploads\/usu621\/2019\/10\/lectura-225x300.jpg 225w\" sizes=\"auto, (max-width: 514px) 100vw, 514px\" \/><\/a><\/p>\n<p>(Clica a la imatge per veure m\u00e9s fotografies)<\/p>\n","protected":false},"excerpt":{"rendered":"<p>Els m\u00e9s menuts fomentem i desenvolupem el nostre gust per la lectura.<br \/>\nCada dia disposem d&#8217;un espai on podem gaudir d&#8217;un conte. Moments per observar, fullejar, descobrir i imaginar. Moments per nosaltres.<br \/>\nEls contes s\u00f3n m\u00e0gics, ens transporten a un altre m\u00f3n i ens viure experi\u00e8ncies meravelloses.<br \/>\n<a&hellip;  <a href=\"https:\/\/agora.xtec.cat\/ceipelturomontcada\/general\/primers-contactes-amb-la-lectura-p3\/\" title=\"Read PRIMERS CONTACTES AMB LA LECTURA (P3)\">Llegeix m\u00e9s\u00bb<\/a><\/p>\n","protected":false},"author":1,"featured_media":0,"comment_status":"open","ping_status":"closed","sticky":false,"template":"","format":"standard","meta":{"_bbp_topic_count":0,"_bbp_reply_count":0,"_bbp_total_topic_count":0,"_bbp_total_reply_count":0,"_bbp_voice_count":0,"_bbp_anonymous_reply_count":0,"_bbp_topic_count_hidden":0,"_bbp_reply_count_hidden":0,"_bbp_forum_subforum_count":0,"footnotes":""},"categories":[7,44,1,49,3,4,147],"tags":[],"class_list":["post-14739","post","type-post","status-publish","format-standard","hentry","category-ampa","category-dia-a-dia","category-general","category-infantil","category-p3","category-portada","category-promocio-2016"],"post_mailing_queue_ids":[],"_links":{"self":[{"href":"https:\/\/agora.xtec.cat\/ceipelturomontcada\/wp-json\/wp\/v2\/posts\/14739","targetHints":{"allow":["GET"]}}],"collection":[{"href":"https:\/\/agora.xtec.cat\/ceipelturomontcada\/wp-json\/wp\/v2\/posts"}],"about":[{"href":"https:\/\/agora.xtec.cat\/ceipelturomontcada\/wp-json\/wp\/v2\/types\/post"}],"author":[{"embeddable":true,"href":"https:\/\/agora.xtec.cat\/ceipelturomontcada\/wp-json\/wp\/v2\/users\/1"}],"replies":[{"embeddable":true,"href":"https:\/\/agora.xtec.cat\/ceipelturomontcada\/wp-json\/wp\/v2\/comments?post=14739"}],"version-history":[{"count":3,"href":"https:\/\/agora.xtec.cat\/ceipelturomontcada\/wp-json\/wp\/v2\/posts\/14739\/revisions"}],"predecessor-version":[{"id":14770,"href":"https:\/\/agora.xtec.cat\/ceipelturomontcada\/wp-json\/wp\/v2\/posts\/14739\/revisions\/14770"}],"wp:attachment":[{"href":"https:\/\/agora.xtec.cat\/ceipelturomontcada\/wp-json\/wp\/v2\/media?parent=14739"}],"wp:term":[{"taxonomy":"category","embeddable":true,"href":"https:\/\/agora.xtec.cat\/ceipelturomontcada\/wp-json\/wp\/v2\/categories?post=14739"},{"taxonomy":"post_tag","embeddable":true,"href":"https:\/\/agora.xtec.cat\/ceipelturomontcada\/wp-json\/wp\/v2\/tags?post=14739"}],"curies":[{"name":"wp","href":"https:\/\/api.w.org\/{rel}","templated":true}]}}