{"id":4264,"date":"2022-05-19T18:39:33","date_gmt":"2022-05-19T16:39:33","guid":{"rendered":"https:\/\/agora.xtec.cat\/ceipelssetfocs\/?p=4264"},"modified":"2022-06-07T22:28:17","modified_gmt":"2022-06-07T20:28:17","slug":"ix-congres-de-petits-i-joves-cientifics-i-cientifiques-de-catalunya","status":"publish","type":"post","link":"https:\/\/agora.xtec.cat\/ceipelssetfocs\/general\/ix-congres-de-petits-i-joves-cientifics-i-cientifiques-de-catalunya\/","title":{"rendered":"IX Congr\u00e9s de petits i joves Cient\u00edfics i Cient\u00edfiques de Catalunya"},"content":{"rendered":"<p>El municipi de Bellaguarda es convert\u00ed el 18 de maig en la 1a seu del IX Congr\u00e9s de Petits i Joves Cient\u00edfics i Cient\u00edfiques de Catalunya amb la participaci\u00f3 de 164 alumnes de cicle superior de les escoles Alba de Lleida i Vedruna de Berga i, amb la particularitat que, en aquesta ocasi\u00f3 hi participaven tots els nens i nenes de P3 a 6\u00e8 de la nostra ZER.<\/p>\n<p>Durant\u00a0 el mat\u00ed de la jornada es van realitzar quatre activitats a les quals tot l\u2019alumnat, distribu\u00eft per grups, anava participant.<\/p>\n<p>La principal fou una recerca presencial en la qu\u00e8 calia donar resposta a la pregunta: \u201cDe quina manera es pot alimentar de manera saludable, sostenible i planet\u00e0ria la ciutat de Barcelona?\u201d Per cercar possibles solucions es posaren en marxa la creativitat i la imaginaci\u00f3.<\/p>\n<p>En un altre espai\u00a0 l\u2019alumnat va poder connectar art, ci\u00e8ncia i m\u00fasica amb l\u2019explicaci\u00f3 i observaci\u00f3 d\u2019un quadre on es veia Louis Pasteur. Cadasc\u00fa va reproduir-ne una part alhora que escoltava una m\u00fasica.<\/p>\n<p>Sota els ametllers vam aprendre a fer compostatge i aix\u00ed poder reciclar la mat\u00e8ria org\u00e0nica i tornar a la natura el que li correspon.<\/p>\n<p>A la cooperativa de Bellaguarda ens van explicar tot el proc\u00e9s que fa l\u2019oliva arbequina des que entra al mol\u00ed fins que s\u2019envasa l\u2019oli que se n\u2019extreu. Ja s\u00f3n cent anys cuidant, mimant i millorant tot aquest proc\u00e9s.<\/p>\n<p>Dies abans del\u00a0 Congr\u00e9s les escoles van fer una recerca i una an\u00e0lisi de la dieta aliment\u00e0ria de l\u2019alumnat. Per la tarda es van donar a con\u00e8ixer els resultats extrets i les conclusions a les qu\u00e8 cadascun dels centres participants havia arribat.<\/p>\n<p>Quan parlem de dieta planet\u00e0ria ens referim\u00a0 a un model alimentari basat en la salut i la sostenibilitat que t\u00e9 en compte la compra de proximitat, el no malbaratament, el transport sostenible, l\u2019eliminaci\u00f3 d\u2019embolcalls de pl\u00e0stic i la reducci\u00f3 del consum d\u2019aigua, electricitat i gas.<\/p>\n<p>Podem enlla\u00e7ar l\u2019objectiu d\u2019aquest Congr\u00e9s amb el lema d\u2019aquest any del Dia Mundial del Medi Ambient: \u201cUna \u00fanica Terra\u201d. Aquesta realitat ens crida a viure de manera m\u00e9s sostenible i amb harmonia amb la natura. Aix\u00ed doncs, comencem a cuidar la Terra des del plat!<\/p>\n<h6>La not\u00edcia del IX Congr\u00e9s celebrat ahir a Bellaguarda ha sortit publicada als mitjans de comunicaci\u00f3.<\/h6>\n<p>Per veure-ho clicar <a href=\"https:\/\/agora.xtec.cat\/zerelaia\/general\/ix-congres-de-petits-i-joves-cientifics-i-cientifiques-de-catalunya\/\" target=\"_blank\" rel=\"noopener\">AQU\u00cd<\/a><\/p>\n","protected":false},"excerpt":{"rendered":"<p>El municipi de Bellaguarda es convert\u00ed el 18 de maig en la 1a seu del IX Congr\u00e9s de Petits i Joves Cient\u00edfics i Cient\u00edfiques de Catalunya amb la participaci\u00f3 de 164 alumnes de cicle superior de les escoles Alba de Lleida i Vedruna de Berga&hellip;  <a href=\"https:\/\/agora.xtec.cat\/ceipelssetfocs\/general\/ix-congres-de-petits-i-joves-cientifics-i-cientifiques-de-catalunya\/\" title=\"Read IX Congr\u00e9s de petits i joves Cient\u00edfics i Cient\u00edfiques de Catalunya\">Llegeix m\u00e9s\u00bb<\/a><\/p>\n","protected":false},"author":5,"featured_media":0,"comment_status":"closed","ping_status":"closed","sticky":false,"template":"","format":"standard","meta":{"_bbp_topic_count":0,"_bbp_reply_count":0,"_bbp_total_topic_count":0,"_bbp_total_reply_count":0,"_bbp_voice_count":0,"_bbp_anonymous_reply_count":0,"_bbp_topic_count_hidden":0,"_bbp_reply_count_hidden":0,"_bbp_forum_subforum_count":0,"footnotes":""},"categories":[1,4],"tags":[16],"class_list":["post-4264","post","type-post","status-publish","format-standard","hentry","category-general","category-portada","tag-sortides"],"post_mailing_queue_ids":[],"_links":{"self":[{"href":"https:\/\/agora.xtec.cat\/ceipelssetfocs\/wp-json\/wp\/v2\/posts\/4264","targetHints":{"allow":["GET"]}}],"collection":[{"href":"https:\/\/agora.xtec.cat\/ceipelssetfocs\/wp-json\/wp\/v2\/posts"}],"about":[{"href":"https:\/\/agora.xtec.cat\/ceipelssetfocs\/wp-json\/wp\/v2\/types\/post"}],"author":[{"embeddable":true,"href":"https:\/\/agora.xtec.cat\/ceipelssetfocs\/wp-json\/wp\/v2\/users\/5"}],"replies":[{"embeddable":true,"href":"https:\/\/agora.xtec.cat\/ceipelssetfocs\/wp-json\/wp\/v2\/comments?post=4264"}],"version-history":[{"count":3,"href":"https:\/\/agora.xtec.cat\/ceipelssetfocs\/wp-json\/wp\/v2\/posts\/4264\/revisions"}],"predecessor-version":[{"id":4276,"href":"https:\/\/agora.xtec.cat\/ceipelssetfocs\/wp-json\/wp\/v2\/posts\/4264\/revisions\/4276"}],"wp:attachment":[{"href":"https:\/\/agora.xtec.cat\/ceipelssetfocs\/wp-json\/wp\/v2\/media?parent=4264"}],"wp:term":[{"taxonomy":"category","embeddable":true,"href":"https:\/\/agora.xtec.cat\/ceipelssetfocs\/wp-json\/wp\/v2\/categories?post=4264"},{"taxonomy":"post_tag","embeddable":true,"href":"https:\/\/agora.xtec.cat\/ceipelssetfocs\/wp-json\/wp\/v2\/tags?post=4264"}],"curies":[{"name":"wp","href":"https:\/\/api.w.org\/{rel}","templated":true}]}}