{"id":4152,"date":"2022-03-17T16:03:28","date_gmt":"2022-03-17T15:03:28","guid":{"rendered":"https:\/\/agora.xtec.cat\/ceipelssetfocs\/?p=4152"},"modified":"2022-03-17T16:03:28","modified_gmt":"2022-03-17T15:03:28","slug":"jo-tu-nosaltres-les-sabates-magiques-empatia","status":"publish","type":"post","link":"https:\/\/agora.xtec.cat\/ceipelssetfocs\/portada\/jo-tu-nosaltres-les-sabates-magiques-empatia\/","title":{"rendered":"Jo, tu, nosaltres: Les sabates m\u00e0giques (Empatia)"},"content":{"rendered":"<p>Aquest dijous, relacionat amb el projecte interdisciplinari Jo, Tu, Nosaltres, hem llegit el conte <em>Les Sabates m\u00e0giques, u<\/em>n conte que ens parla sobre l\u2019<strong>EMPATIA<\/strong>. Finalitzada la lectura, hem fet el joc de\u00a0<em>La Teranyina<\/em>, on cadasc\u00fa ha anat dient el seu nom i el qu\u00e8 li agrada m\u00e9s de fer. Amb aquesta din\u00e0mica, ens hem conegut una mica m\u00e9s entre tots i totes, creant una teranyina ben especial.<\/p>\n<table style=\"border-collapse: collapse; width: 100%;\">\n<tbody>\n<tr>\n<td style=\"width: 33.3333%;\"><img loading=\"lazy\" decoding=\"async\" class=\"aligncenter  wp-image-4153\" src=\"https:\/\/agora.xtec.cat\/ceipelssetfocs\/wp-content\/uploads\/usu1477\/2022\/03\/20220317_152053-300x229.jpg\" alt=\"\" width=\"249\" height=\"190\" srcset=\"https:\/\/agora.xtec.cat\/ceipelssetfocs\/wp-content\/uploads\/usu1477\/2022\/03\/20220317_152053-300x229.jpg 300w, https:\/\/agora.xtec.cat\/ceipelssetfocs\/wp-content\/uploads\/usu1477\/2022\/03\/20220317_152053.jpg 600w\" sizes=\"auto, (max-width: 249px) 100vw, 249px\" \/><\/td>\n<td style=\"width: 33.3333%;\"><img loading=\"lazy\" decoding=\"async\" class=\"aligncenter size-medium wp-image-4155\" src=\"https:\/\/agora.xtec.cat\/ceipelssetfocs\/wp-content\/uploads\/usu1477\/2022\/03\/20220317_152356-300x138.jpg\" alt=\"\" width=\"300\" height=\"138\" srcset=\"https:\/\/agora.xtec.cat\/ceipelssetfocs\/wp-content\/uploads\/usu1477\/2022\/03\/20220317_152356-300x138.jpg 300w, https:\/\/agora.xtec.cat\/ceipelssetfocs\/wp-content\/uploads\/usu1477\/2022\/03\/20220317_152356.jpg 600w\" sizes=\"auto, (max-width: 300px) 100vw, 300px\" \/><\/td>\n<td style=\"width: 33.3333%;\"><img loading=\"lazy\" decoding=\"async\" class=\"aligncenter size-medium wp-image-4154\" src=\"https:\/\/agora.xtec.cat\/ceipelssetfocs\/wp-content\/uploads\/usu1477\/2022\/03\/20220317_152111-300x138.jpg\" alt=\"\" width=\"300\" height=\"138\" srcset=\"https:\/\/agora.xtec.cat\/ceipelssetfocs\/wp-content\/uploads\/usu1477\/2022\/03\/20220317_152111-300x138.jpg 300w, https:\/\/agora.xtec.cat\/ceipelssetfocs\/wp-content\/uploads\/usu1477\/2022\/03\/20220317_152111.jpg 600w\" sizes=\"auto, (max-width: 300px) 100vw, 300px\" \/><\/td>\n<\/tr>\n<\/tbody>\n<\/table>\n<p style=\"text-align: center;\">\n","protected":false},"excerpt":{"rendered":"<p>Aquest dijous, relacionat amb el projecte interdisciplinari Jo, Tu, Nosaltres, hem llegit el conte Les Sabates m\u00e0giques, un conte que ens parla sobre l\u2019EMPATIA. Finalitzada la lectura, hem fet el joc de\u00a0La Teranyina, on cadasc\u00fa ha anat dient el seu nom i el qu\u00e8 li&hellip;  <a href=\"https:\/\/agora.xtec.cat\/ceipelssetfocs\/portada\/jo-tu-nosaltres-les-sabates-magiques-empatia\/\" title=\"Read Jo, tu, nosaltres: Les sabates m\u00e0giques (Empatia)\">Llegeix m\u00e9s\u00bb<\/a><\/p>\n","protected":false},"author":1,"featured_media":0,"comment_status":"open","ping_status":"closed","sticky":false,"template":"","format":"standard","meta":{"_bbp_topic_count":0,"_bbp_reply_count":0,"_bbp_total_topic_count":0,"_bbp_total_reply_count":0,"_bbp_voice_count":0,"_bbp_anonymous_reply_count":0,"_bbp_topic_count_hidden":0,"_bbp_reply_count_hidden":0,"_bbp_forum_subforum_count":0,"footnotes":""},"categories":[71,4],"tags":[81],"class_list":["post-4152","post","type-post","status-publish","format-standard","hentry","category-biblioteca","category-portada","tag-biblioteca"],"post_mailing_queue_ids":[],"_links":{"self":[{"href":"https:\/\/agora.xtec.cat\/ceipelssetfocs\/wp-json\/wp\/v2\/posts\/4152","targetHints":{"allow":["GET"]}}],"collection":[{"href":"https:\/\/agora.xtec.cat\/ceipelssetfocs\/wp-json\/wp\/v2\/posts"}],"about":[{"href":"https:\/\/agora.xtec.cat\/ceipelssetfocs\/wp-json\/wp\/v2\/types\/post"}],"author":[{"embeddable":true,"href":"https:\/\/agora.xtec.cat\/ceipelssetfocs\/wp-json\/wp\/v2\/users\/1"}],"replies":[{"embeddable":true,"href":"https:\/\/agora.xtec.cat\/ceipelssetfocs\/wp-json\/wp\/v2\/comments?post=4152"}],"version-history":[{"count":1,"href":"https:\/\/agora.xtec.cat\/ceipelssetfocs\/wp-json\/wp\/v2\/posts\/4152\/revisions"}],"predecessor-version":[{"id":4156,"href":"https:\/\/agora.xtec.cat\/ceipelssetfocs\/wp-json\/wp\/v2\/posts\/4152\/revisions\/4156"}],"wp:attachment":[{"href":"https:\/\/agora.xtec.cat\/ceipelssetfocs\/wp-json\/wp\/v2\/media?parent=4152"}],"wp:term":[{"taxonomy":"category","embeddable":true,"href":"https:\/\/agora.xtec.cat\/ceipelssetfocs\/wp-json\/wp\/v2\/categories?post=4152"},{"taxonomy":"post_tag","embeddable":true,"href":"https:\/\/agora.xtec.cat\/ceipelssetfocs\/wp-json\/wp\/v2\/tags?post=4152"}],"curies":[{"name":"wp","href":"https:\/\/api.w.org\/{rel}","templated":true}]}}