{"id":4143,"date":"2022-03-07T18:13:25","date_gmt":"2022-03-07T17:13:25","guid":{"rendered":"https:\/\/agora.xtec.cat\/ceipelssetfocs\/?p=4143"},"modified":"2022-03-07T18:13:39","modified_gmt":"2022-03-07T17:13:39","slug":"jo-tu-nosaltres-musica-i-emocions","status":"publish","type":"post","link":"https:\/\/agora.xtec.cat\/ceipelssetfocs\/portada\/jo-tu-nosaltres-musica-i-emocions\/","title":{"rendered":"Jo, Tu, Nosaltres: M\u00fasica i emocions"},"content":{"rendered":"<p>Des de l\u2019aula de m\u00fasica hem dut a terme una activitat relacionada amb el projecte interdisciplinar: Jo, tu, nosaltres. Ens hem posat c\u00f2modament per l\u2019aula i mentre escolt\u00e0vem una m\u00fasica, an\u00e0vem dibuixant all\u00f2 que ens feia sentir, pensar.<\/p>\n<p>Com va dir Pau Casals:\u00a0<strong><em>No es pot separar la m\u00fasica de la vida.\u00a0<\/em><\/strong><\/p>\n<p><iframe loading=\"lazy\" src=\"\/\/www.youtube.com\/embed\/nR4ZGf0kKWs\" width=\"560\" height=\"314\" allowfullscreen=\"allowfullscreen\"><\/iframe><\/p>\n","protected":false},"excerpt":{"rendered":"<p>Des de l\u2019aula de m\u00fasica hem dut a terme una activitat relacionada amb el projecte interdisciplinar: Jo, tu, nosaltres. Ens hem posat c\u00f2modament per l\u2019aula i mentre escolt\u00e0vem una m\u00fasica, an\u00e0vem dibuixant all\u00f2 que ens feia sentir, pensar.<br \/>\nCom va dir Pau Casals:\u00a0No es pot separar&hellip;  <a href=\"https:\/\/agora.xtec.cat\/ceipelssetfocs\/portada\/jo-tu-nosaltres-musica-i-emocions\/\" title=\"Read Jo, Tu, Nosaltres: M\u00fasica i emocions\">Llegeix m\u00e9s\u00bb<\/a><\/p>\n","protected":false},"author":1,"featured_media":4144,"comment_status":"open","ping_status":"closed","sticky":false,"template":"","format":"standard","meta":{"_bbp_topic_count":0,"_bbp_reply_count":0,"_bbp_total_topic_count":0,"_bbp_total_reply_count":0,"_bbp_voice_count":0,"_bbp_anonymous_reply_count":0,"_bbp_topic_count_hidden":0,"_bbp_reply_count_hidden":0,"_bbp_forum_subforum_count":0,"footnotes":""},"categories":[110,4],"tags":[111],"class_list":["post-4143","post","type-post","status-publish","format-standard","has-post-thumbnail","hentry","category-musica","category-portada","tag-musica"],"post_mailing_queue_ids":[],"_links":{"self":[{"href":"https:\/\/agora.xtec.cat\/ceipelssetfocs\/wp-json\/wp\/v2\/posts\/4143","targetHints":{"allow":["GET"]}}],"collection":[{"href":"https:\/\/agora.xtec.cat\/ceipelssetfocs\/wp-json\/wp\/v2\/posts"}],"about":[{"href":"https:\/\/agora.xtec.cat\/ceipelssetfocs\/wp-json\/wp\/v2\/types\/post"}],"author":[{"embeddable":true,"href":"https:\/\/agora.xtec.cat\/ceipelssetfocs\/wp-json\/wp\/v2\/users\/1"}],"replies":[{"embeddable":true,"href":"https:\/\/agora.xtec.cat\/ceipelssetfocs\/wp-json\/wp\/v2\/comments?post=4143"}],"version-history":[{"count":2,"href":"https:\/\/agora.xtec.cat\/ceipelssetfocs\/wp-json\/wp\/v2\/posts\/4143\/revisions"}],"predecessor-version":[{"id":4146,"href":"https:\/\/agora.xtec.cat\/ceipelssetfocs\/wp-json\/wp\/v2\/posts\/4143\/revisions\/4146"}],"wp:featuredmedia":[{"embeddable":true,"href":"https:\/\/agora.xtec.cat\/ceipelssetfocs\/wp-json\/wp\/v2\/media\/4144"}],"wp:attachment":[{"href":"https:\/\/agora.xtec.cat\/ceipelssetfocs\/wp-json\/wp\/v2\/media?parent=4143"}],"wp:term":[{"taxonomy":"category","embeddable":true,"href":"https:\/\/agora.xtec.cat\/ceipelssetfocs\/wp-json\/wp\/v2\/categories?post=4143"},{"taxonomy":"post_tag","embeddable":true,"href":"https:\/\/agora.xtec.cat\/ceipelssetfocs\/wp-json\/wp\/v2\/tags?post=4143"}],"curies":[{"name":"wp","href":"https:\/\/api.w.org\/{rel}","templated":true}]}}