{"id":8797,"date":"2023-02-08T19:46:44","date_gmt":"2023-02-08T18:46:44","guid":{"rendered":"https:\/\/agora.xtec.cat\/ceipelsquatrevents\/?p=8797"},"modified":"2023-02-08T19:48:15","modified_gmt":"2023-02-08T18:48:15","slug":"dia-escolar-de-la-no-violencia-i-la-pau","status":"publish","type":"post","link":"https:\/\/agora.xtec.cat\/ceipelsquatrevents\/general\/dia-escolar-de-la-no-violencia-i-la-pau\/","title":{"rendered":"DIA ESCOLAR DE LA NO-VIOL\u00c8NCIA I LA PAU"},"content":{"rendered":"<p>El passat dilluns dia 30 de gener a l&#8217;escola vam celebrar el dia escolar de la no-viol\u00e8ncia i la pau.<\/p>\n<p>Durant el mes de gener els\/les alumnes ja anaven treballant perqu\u00e8 aquest dia fos especial per a tots i totes. I aix\u00ed va ser:<\/p>\n<ul>\n<li>Durant el mat\u00ed vam fer una activitat amb padrins\/es &#8211; fillols\/es, junts\/es vam omplir de mans un mural de l&#8217;escola. Va quedar molt bonic, les nostres mans de diferents colors simbolitzant que volem pau a l&#8217;escola i a tot el m\u00f3n.<\/li>\n<li>Tamb\u00e9 vam guarnir el passad\u00eds de la pau amb treballs que s&#8217;havien fet a l&#8217;aula (paraig\u00fces i gotes d&#8217;aigua amb paraules boniques) i amb totes les mans dels nens i nenes que estan a l&#8217;escola ben guarnides (amb el missatge: La pau est\u00e0 a les nostres mans).<\/li>\n<li>A la tarda ens vam reunir al gimn\u00e0s (passant abans pel passad\u00eds de la pau..). La directora va dirigir unes paraules als alumnes relacionades amb la import\u00e0ncia de la pau. Tot seguit alguns\/es nens\/es van parlar tamb\u00e9, explicant qu\u00e8 \u00e9s per a ells\/es la pau i qu\u00e8 podem fer a l&#8217;escola per solucionar els conflictes que van sortint&#8230;.<\/li>\n<li>I per acabar vam cantar i ballar junts\/es la can\u00e7\u00f3 <a href=\"https:\/\/www.youtube.com\/watch?v=07LrMpHNq1o\">Somnis d&#8217;Infant de Tom\u00e0s Gonz\u00e1lez<\/a>.<\/li>\n<\/ul>\n<p>Si cliqueu <a href=\"https:\/\/photos.app.goo.gl\/JoDfHPeDiagLrKxf9\">AQU\u00cd<\/a> podreu veure alguna fotografia i v\u00eddeo d&#8217;aquest dia tan especial i bonic. I si veniu a l&#8217;escola no us oblideu de visitar el passad\u00eds de la PAU.<\/p>\n<p>&nbsp;<\/p>\n<p>&nbsp;<\/p>\n","protected":false},"excerpt":{"rendered":"<p>El passat dilluns dia 30 de gener a l&#8217;escola vam celebrar el dia escolar de la no-viol\u00e8ncia i la pau. Durant el mes de gener els\/les alumnes ja anaven treballant perqu\u00e8 aquest dia fos especial per a tots i totes. I aix\u00ed va ser: Durant el mat\u00ed vam fer una activitat amb padrins\/es &#8211; fillols\/es, [&hellip;]<\/p>\n","protected":false},"author":1,"featured_media":8798,"comment_status":"open","ping_status":"closed","sticky":false,"template":"","format":"standard","meta":{"_bbp_topic_count":0,"_bbp_reply_count":0,"_bbp_total_topic_count":0,"_bbp_total_reply_count":0,"_bbp_voice_count":0,"_bbp_anonymous_reply_count":0,"_bbp_topic_count_hidden":0,"_bbp_reply_count_hidden":0,"_bbp_forum_subforum_count":0,"site-sidebar-layout":"default","site-content-layout":"","ast-site-content-layout":"","site-content-style":"default","site-sidebar-style":"default","ast-global-header-display":"","ast-banner-title-visibility":"","ast-main-header-display":"","ast-hfb-above-header-display":"","ast-hfb-below-header-display":"","ast-hfb-mobile-header-display":"","site-post-title":"","ast-breadcrumbs-content":"","ast-featured-img":"","footer-sml-layout":"","theme-transparent-header-meta":"","adv-header-id-meta":"","stick-header-meta":"","header-above-stick-meta":"","header-main-stick-meta":"","header-below-stick-meta":"","astra-migrate-meta-layouts":"default","ast-page-background-enabled":"default","ast-page-background-meta":{"desktop":{"background-color":"var(--ast-global-color-4)","background-image":"","background-repeat":"repeat","background-position":"center center","background-size":"auto","background-attachment":"scroll","background-type":"","background-media":"","overlay-type":"","overlay-color":"","overlay-opacity":"","overlay-gradient":""},"tablet":{"background-color":"","background-image":"","background-repeat":"repeat","background-position":"center center","background-size":"auto","background-attachment":"scroll","background-type":"","background-media":"","overlay-type":"","overlay-color":"","overlay-opacity":"","overlay-gradient":""},"mobile":{"background-color":"","background-image":"","background-repeat":"repeat","background-position":"center center","background-size":"auto","background-attachment":"scroll","background-type":"","background-media":"","overlay-type":"","overlay-color":"","overlay-opacity":"","overlay-gradient":""}},"ast-content-background-meta":{"desktop":{"background-color":"var(--ast-global-color-5)","background-image":"","background-repeat":"repeat","background-position":"center center","background-size":"auto","background-attachment":"scroll","background-type":"","background-media":"","overlay-type":"","overlay-color":"","overlay-opacity":"","overlay-gradient":""},"tablet":{"background-color":"var(--ast-global-color-5)","background-image":"","background-repeat":"repeat","background-position":"center center","background-size":"auto","background-attachment":"scroll","background-type":"","background-media":"","overlay-type":"","overlay-color":"","overlay-opacity":"","overlay-gradient":""},"mobile":{"background-color":"var(--ast-global-color-5)","background-image":"","background-repeat":"repeat","background-position":"center center","background-size":"auto","background-attachment":"scroll","background-type":"","background-media":"","overlay-type":"","overlay-color":"","overlay-opacity":"","overlay-gradient":""}},"footnotes":""},"categories":[1,4],"tags":[],"class_list":["post-8797","post","type-post","status-publish","format-standard","has-post-thumbnail","hentry","category-general","category-portada"],"post_mailing_queue_ids":[],"_links":{"self":[{"href":"https:\/\/agora.xtec.cat\/ceipelsquatrevents\/wp-json\/wp\/v2\/posts\/8797","targetHints":{"allow":["GET"]}}],"collection":[{"href":"https:\/\/agora.xtec.cat\/ceipelsquatrevents\/wp-json\/wp\/v2\/posts"}],"about":[{"href":"https:\/\/agora.xtec.cat\/ceipelsquatrevents\/wp-json\/wp\/v2\/types\/post"}],"author":[{"embeddable":true,"href":"https:\/\/agora.xtec.cat\/ceipelsquatrevents\/wp-json\/wp\/v2\/users\/1"}],"replies":[{"embeddable":true,"href":"https:\/\/agora.xtec.cat\/ceipelsquatrevents\/wp-json\/wp\/v2\/comments?post=8797"}],"version-history":[{"count":2,"href":"https:\/\/agora.xtec.cat\/ceipelsquatrevents\/wp-json\/wp\/v2\/posts\/8797\/revisions"}],"predecessor-version":[{"id":8800,"href":"https:\/\/agora.xtec.cat\/ceipelsquatrevents\/wp-json\/wp\/v2\/posts\/8797\/revisions\/8800"}],"wp:featuredmedia":[{"embeddable":true,"href":"https:\/\/agora.xtec.cat\/ceipelsquatrevents\/wp-json\/wp\/v2\/media\/8798"}],"wp:attachment":[{"href":"https:\/\/agora.xtec.cat\/ceipelsquatrevents\/wp-json\/wp\/v2\/media?parent=8797"}],"wp:term":[{"taxonomy":"category","embeddable":true,"href":"https:\/\/agora.xtec.cat\/ceipelsquatrevents\/wp-json\/wp\/v2\/categories?post=8797"},{"taxonomy":"post_tag","embeddable":true,"href":"https:\/\/agora.xtec.cat\/ceipelsquatrevents\/wp-json\/wp\/v2\/tags?post=8797"}],"curies":[{"name":"wp","href":"https:\/\/api.w.org\/{rel}","templated":true}]}}