{"id":8540,"date":"2022-11-17T15:47:29","date_gmt":"2022-11-17T14:47:29","guid":{"rendered":"https:\/\/agora.xtec.cat\/ceipelsquatrevents\/?p=8540"},"modified":"2022-11-17T15:50:43","modified_gmt":"2022-11-17T14:50:43","slug":"segon-b-anem-a-la-radio","status":"publish","type":"post","link":"https:\/\/agora.xtec.cat\/ceipelsquatrevents\/general\/segon-b-anem-a-la-radio\/","title":{"rendered":"SEGON B ANEM A LA R\u00c0DIO"},"content":{"rendered":"<p><a href=\"https:\/\/photos.app.goo.gl\/uBVaHKV6Q2WhQyjV9\"><img loading=\"lazy\" decoding=\"async\" class=\"aligncenter size-medium wp-image-8542\" src=\"https:\/\/agora.xtec.cat\/ceipelsquatrevents\/wp-content\/uploads\/usu1091\/2022\/11\/IMG_0980-300x225.jpg\" alt=\"\" width=\"300\" height=\"225\" srcset=\"https:\/\/agora.xtec.cat\/ceipelsquatrevents\/wp-content\/uploads\/usu1091\/2022\/11\/IMG_0980-300x225.jpg 300w, https:\/\/agora.xtec.cat\/ceipelsquatrevents\/wp-content\/uploads\/usu1091\/2022\/11\/IMG_0980-1024x768.jpg 1024w, https:\/\/agora.xtec.cat\/ceipelsquatrevents\/wp-content\/uploads\/usu1091\/2022\/11\/IMG_0980-768x576.jpg 768w, https:\/\/agora.xtec.cat\/ceipelsquatrevents\/wp-content\/uploads\/usu1091\/2022\/11\/IMG_0980-1536x1152.jpg 1536w, https:\/\/agora.xtec.cat\/ceipelsquatrevents\/wp-content\/uploads\/usu1091\/2022\/11\/IMG_0980-200x150.jpg 200w, https:\/\/agora.xtec.cat\/ceipelsquatrevents\/wp-content\/uploads\/usu1091\/2022\/11\/IMG_0980.jpg 2016w\" sizes=\"auto, (max-width: 300px) 100vw, 300px\" \/><\/a>Els nens i nenes de segon B el dimarts vam anar a la r\u00e0dio!<\/p>\n<p>Ens ho vam passar molt b\u00e9 i vam poder explicar qu\u00e8 fem per la castanyada. Va ser molt divertit poder parlar per antena i que la Laia ens fes preguntes. Vam poder dir el que vam voler i ja tenim ganes de tornar-hi!<\/p>\n<p>Gr\u00e0cies Laia per aquesta estoneta tan entretinguda!<\/p>\n<p>Mireu quines fotos ens vam fer!<\/p>\n<p>&nbsp;<\/p>\n<p>&nbsp;<\/p>\n","protected":false},"excerpt":{"rendered":"<p>Els nens i nenes de segon B el dimarts vam anar a la r\u00e0dio! Ens ho vam passar molt b\u00e9 i vam poder explicar qu\u00e8 fem per la castanyada. Va ser molt divertit poder parlar per antena i que la Laia ens fes preguntes. Vam poder dir el que vam voler i ja tenim ganes [&hellip;]<\/p>\n","protected":false},"author":1,"featured_media":0,"comment_status":"open","ping_status":"closed","sticky":false,"template":"","format":"standard","meta":{"_bbp_topic_count":0,"_bbp_reply_count":0,"_bbp_total_topic_count":0,"_bbp_total_reply_count":0,"_bbp_voice_count":0,"_bbp_anonymous_reply_count":0,"_bbp_topic_count_hidden":0,"_bbp_reply_count_hidden":0,"_bbp_forum_subforum_count":0,"site-sidebar-layout":"default","site-content-layout":"","ast-site-content-layout":"","site-content-style":"default","site-sidebar-style":"default","ast-global-header-display":"","ast-banner-title-visibility":"","ast-main-header-display":"","ast-hfb-above-header-display":"","ast-hfb-below-header-display":"","ast-hfb-mobile-header-display":"","site-post-title":"","ast-breadcrumbs-content":"","ast-featured-img":"","footer-sml-layout":"","theme-transparent-header-meta":"","adv-header-id-meta":"","stick-header-meta":"","header-above-stick-meta":"","header-main-stick-meta":"","header-below-stick-meta":"","astra-migrate-meta-layouts":"default","ast-page-background-enabled":"default","ast-page-background-meta":{"desktop":{"background-color":"var(--ast-global-color-4)","background-image":"","background-repeat":"repeat","background-position":"center center","background-size":"auto","background-attachment":"scroll","background-type":"","background-media":"","overlay-type":"","overlay-color":"","overlay-opacity":"","overlay-gradient":""},"tablet":{"background-color":"","background-image":"","background-repeat":"repeat","background-position":"center center","background-size":"auto","background-attachment":"scroll","background-type":"","background-media":"","overlay-type":"","overlay-color":"","overlay-opacity":"","overlay-gradient":""},"mobile":{"background-color":"","background-image":"","background-repeat":"repeat","background-position":"center center","background-size":"auto","background-attachment":"scroll","background-type":"","background-media":"","overlay-type":"","overlay-color":"","overlay-opacity":"","overlay-gradient":""}},"ast-content-background-meta":{"desktop":{"background-color":"var(--ast-global-color-5)","background-image":"","background-repeat":"repeat","background-position":"center center","background-size":"auto","background-attachment":"scroll","background-type":"","background-media":"","overlay-type":"","overlay-color":"","overlay-opacity":"","overlay-gradient":""},"tablet":{"background-color":"var(--ast-global-color-5)","background-image":"","background-repeat":"repeat","background-position":"center center","background-size":"auto","background-attachment":"scroll","background-type":"","background-media":"","overlay-type":"","overlay-color":"","overlay-opacity":"","overlay-gradient":""},"mobile":{"background-color":"var(--ast-global-color-5)","background-image":"","background-repeat":"repeat","background-position":"center center","background-size":"auto","background-attachment":"scroll","background-type":"","background-media":"","overlay-type":"","overlay-color":"","overlay-opacity":"","overlay-gradient":""}},"footnotes":""},"categories":[85,63,1],"tags":[],"class_list":["post-8540","post","type-post","status-publish","format-standard","hentry","category-cs-5","category-c-i","category-general"],"post_mailing_queue_ids":[],"_links":{"self":[{"href":"https:\/\/agora.xtec.cat\/ceipelsquatrevents\/wp-json\/wp\/v2\/posts\/8540","targetHints":{"allow":["GET"]}}],"collection":[{"href":"https:\/\/agora.xtec.cat\/ceipelsquatrevents\/wp-json\/wp\/v2\/posts"}],"about":[{"href":"https:\/\/agora.xtec.cat\/ceipelsquatrevents\/wp-json\/wp\/v2\/types\/post"}],"author":[{"embeddable":true,"href":"https:\/\/agora.xtec.cat\/ceipelsquatrevents\/wp-json\/wp\/v2\/users\/1"}],"replies":[{"embeddable":true,"href":"https:\/\/agora.xtec.cat\/ceipelsquatrevents\/wp-json\/wp\/v2\/comments?post=8540"}],"version-history":[{"count":3,"href":"https:\/\/agora.xtec.cat\/ceipelsquatrevents\/wp-json\/wp\/v2\/posts\/8540\/revisions"}],"predecessor-version":[{"id":8550,"href":"https:\/\/agora.xtec.cat\/ceipelsquatrevents\/wp-json\/wp\/v2\/posts\/8540\/revisions\/8550"}],"wp:attachment":[{"href":"https:\/\/agora.xtec.cat\/ceipelsquatrevents\/wp-json\/wp\/v2\/media?parent=8540"}],"wp:term":[{"taxonomy":"category","embeddable":true,"href":"https:\/\/agora.xtec.cat\/ceipelsquatrevents\/wp-json\/wp\/v2\/categories?post=8540"},{"taxonomy":"post_tag","embeddable":true,"href":"https:\/\/agora.xtec.cat\/ceipelsquatrevents\/wp-json\/wp\/v2\/tags?post=8540"}],"curies":[{"name":"wp","href":"https:\/\/api.w.org\/{rel}","templated":true}]}}