{"id":7914,"date":"2022-04-07T08:41:23","date_gmt":"2022-04-07T06:41:23","guid":{"rendered":"https:\/\/agora.xtec.cat\/ceipelsquatrevents\/?p=7914"},"modified":"2022-04-07T08:41:23","modified_gmt":"2022-04-07T06:41:23","slug":"matematiques-en-moviment-a-1r-4","status":"publish","type":"post","link":"https:\/\/agora.xtec.cat\/ceipelsquatrevents\/general\/matematiques-en-moviment-a-1r-4\/","title":{"rendered":"Matem\u00e0tiques en moviment a 1r"},"content":{"rendered":"<p>Per finalitzar aquest segon trimestre, hem realitzat una sessi\u00f3 de matem\u00e0tiques al pati per repassar els continguts d&#8217;aquesta \u00e0rea.<\/p>\n<p>En aquesta sessi\u00f3 hem treballat:<\/p>\n<ul>\n<li>La mesura: mesurant l&#8217;amplada del pati, la llarg\u00e0ria dels bancs i amplada i llarg\u00e0ria de les porteries. Hem pogut observar la difer\u00e8ncia entre cent\u00edmetres i metres.<\/li>\n<li>C\u00e0lcul mental: fent relleus hem realitzat sumes i restes mentalment.<\/li>\n<li>Representaci\u00f3 de nombres al quadre num\u00e8ric: hem treballat els nombres fins a 99 col\u00b7locant-los al quadre num\u00e8ric que tenim al pati.<\/li>\n<li>Unitats i desenes: per \u00faltim hem relacionat els nombres amb la seva representaci\u00f3 en unitats\u00a0 desenes.<\/li>\n<\/ul>\n<p>Cliqueu la foto per veure&#8217;n m\u00e9s<\/p>\n<p><a href=\"https:\/\/photos.app.goo.gl\/gpM7pSVAay1RbaQL6\" target=\"_blank\" rel=\"noopener\"><img loading=\"lazy\" decoding=\"async\" class=\"aligncenter size-medium wp-image-7916\" src=\"https:\/\/agora.xtec.cat\/ceipelsquatrevents\/wp-content\/uploads\/usu1091\/2022\/04\/tempFileForShare_20220407-082557-235x300.jpg\" alt=\"\" width=\"235\" height=\"300\" srcset=\"https:\/\/agora.xtec.cat\/ceipelsquatrevents\/wp-content\/uploads\/usu1091\/2022\/04\/tempFileForShare_20220407-082557-235x300.jpg 235w, https:\/\/agora.xtec.cat\/ceipelsquatrevents\/wp-content\/uploads\/usu1091\/2022\/04\/tempFileForShare_20220407-082557-801x1024.jpg 801w, https:\/\/agora.xtec.cat\/ceipelsquatrevents\/wp-content\/uploads\/usu1091\/2022\/04\/tempFileForShare_20220407-082557-768x982.jpg 768w, https:\/\/agora.xtec.cat\/ceipelsquatrevents\/wp-content\/uploads\/usu1091\/2022\/04\/tempFileForShare_20220407-082557.jpg 1080w\" sizes=\"auto, (max-width: 235px) 100vw, 235px\" \/><\/a><\/p>\n","protected":false},"excerpt":{"rendered":"<p>Per finalitzar aquest segon trimestre, hem realitzat una sessi\u00f3 de matem\u00e0tiques al pati per repassar els continguts d&#8217;aquesta \u00e0rea. En aquesta sessi\u00f3 hem treballat: La mesura: mesurant l&#8217;amplada del pati, la llarg\u00e0ria dels bancs i amplada i llarg\u00e0ria de les porteries. Hem pogut observar la difer\u00e8ncia entre cent\u00edmetres i metres. C\u00e0lcul mental: fent relleus hem [&hellip;]<\/p>\n","protected":false},"author":1,"featured_media":0,"comment_status":"open","ping_status":"closed","sticky":false,"template":"","format":"standard","meta":{"_bbp_topic_count":0,"_bbp_reply_count":0,"_bbp_total_topic_count":0,"_bbp_total_reply_count":0,"_bbp_voice_count":0,"_bbp_anonymous_reply_count":0,"_bbp_topic_count_hidden":0,"_bbp_reply_count_hidden":0,"_bbp_forum_subforum_count":0,"site-sidebar-layout":"default","site-content-layout":"","ast-site-content-layout":"","site-content-style":"default","site-sidebar-style":"default","ast-global-header-display":"","ast-banner-title-visibility":"","ast-main-header-display":"","ast-hfb-above-header-display":"","ast-hfb-below-header-display":"","ast-hfb-mobile-header-display":"","site-post-title":"","ast-breadcrumbs-content":"","ast-featured-img":"","footer-sml-layout":"","theme-transparent-header-meta":"","adv-header-id-meta":"","stick-header-meta":"","header-above-stick-meta":"","header-main-stick-meta":"","header-below-stick-meta":"","astra-migrate-meta-layouts":"default","ast-page-background-enabled":"default","ast-page-background-meta":{"desktop":{"background-color":"var(--ast-global-color-4)","background-image":"","background-repeat":"repeat","background-position":"center center","background-size":"auto","background-attachment":"scroll","background-type":"","background-media":"","overlay-type":"","overlay-color":"","overlay-opacity":"","overlay-gradient":""},"tablet":{"background-color":"","background-image":"","background-repeat":"repeat","background-position":"center center","background-size":"auto","background-attachment":"scroll","background-type":"","background-media":"","overlay-type":"","overlay-color":"","overlay-opacity":"","overlay-gradient":""},"mobile":{"background-color":"","background-image":"","background-repeat":"repeat","background-position":"center center","background-size":"auto","background-attachment":"scroll","background-type":"","background-media":"","overlay-type":"","overlay-color":"","overlay-opacity":"","overlay-gradient":""}},"ast-content-background-meta":{"desktop":{"background-color":"var(--ast-global-color-5)","background-image":"","background-repeat":"repeat","background-position":"center center","background-size":"auto","background-attachment":"scroll","background-type":"","background-media":"","overlay-type":"","overlay-color":"","overlay-opacity":"","overlay-gradient":""},"tablet":{"background-color":"var(--ast-global-color-5)","background-image":"","background-repeat":"repeat","background-position":"center center","background-size":"auto","background-attachment":"scroll","background-type":"","background-media":"","overlay-type":"","overlay-color":"","overlay-opacity":"","overlay-gradient":""},"mobile":{"background-color":"var(--ast-global-color-5)","background-image":"","background-repeat":"repeat","background-position":"center center","background-size":"auto","background-attachment":"scroll","background-type":"","background-media":"","overlay-type":"","overlay-color":"","overlay-opacity":"","overlay-gradient":""}},"footnotes":""},"categories":[85,63,1,87],"tags":[],"class_list":["post-7914","post","type-post","status-publish","format-standard","hentry","category-cs-5","category-c-i","category-general","category-mates-ef"],"post_mailing_queue_ids":[],"_links":{"self":[{"href":"https:\/\/agora.xtec.cat\/ceipelsquatrevents\/wp-json\/wp\/v2\/posts\/7914","targetHints":{"allow":["GET"]}}],"collection":[{"href":"https:\/\/agora.xtec.cat\/ceipelsquatrevents\/wp-json\/wp\/v2\/posts"}],"about":[{"href":"https:\/\/agora.xtec.cat\/ceipelsquatrevents\/wp-json\/wp\/v2\/types\/post"}],"author":[{"embeddable":true,"href":"https:\/\/agora.xtec.cat\/ceipelsquatrevents\/wp-json\/wp\/v2\/users\/1"}],"replies":[{"embeddable":true,"href":"https:\/\/agora.xtec.cat\/ceipelsquatrevents\/wp-json\/wp\/v2\/comments?post=7914"}],"version-history":[{"count":1,"href":"https:\/\/agora.xtec.cat\/ceipelsquatrevents\/wp-json\/wp\/v2\/posts\/7914\/revisions"}],"predecessor-version":[{"id":7917,"href":"https:\/\/agora.xtec.cat\/ceipelsquatrevents\/wp-json\/wp\/v2\/posts\/7914\/revisions\/7917"}],"wp:attachment":[{"href":"https:\/\/agora.xtec.cat\/ceipelsquatrevents\/wp-json\/wp\/v2\/media?parent=7914"}],"wp:term":[{"taxonomy":"category","embeddable":true,"href":"https:\/\/agora.xtec.cat\/ceipelsquatrevents\/wp-json\/wp\/v2\/categories?post=7914"},{"taxonomy":"post_tag","embeddable":true,"href":"https:\/\/agora.xtec.cat\/ceipelsquatrevents\/wp-json\/wp\/v2\/tags?post=7914"}],"curies":[{"name":"wp","href":"https:\/\/api.w.org\/{rel}","templated":true}]}}