{"id":7903,"date":"2022-04-02T14:57:35","date_gmt":"2022-04-02T12:57:35","guid":{"rendered":"https:\/\/agora.xtec.cat\/ceipelsquatrevents\/?p=7903"},"modified":"2022-04-02T14:58:24","modified_gmt":"2022-04-02T12:58:24","slug":"dia-mundial-conscienciacio-sobre-lautisme","status":"publish","type":"post","link":"https:\/\/agora.xtec.cat\/ceipelsquatrevents\/general\/dia-mundial-conscienciacio-sobre-lautisme\/","title":{"rendered":"DIA MUNDIAL CONSCIENCIACI\u00d3 SOBRE L&#8217;AUTISME"},"content":{"rendered":"<p>Avui, 2 d&#8217;abril, \u00e9s el dia mundial de la conscienciaci\u00f3 sobre l&#8217;Autisme.<\/p>\n<p>L&#8217;escola Els Quatre Vents ha participat en la iniciativa del Centre de Recursos per l&#8217;autisme Pened\u00e8s- Garraf amb la finalitat de continuar donant visibilitat, sensibilitzaci\u00f3 i conscienciaci\u00f3 a l&#8217;autisme.<\/p>\n<p>Que bonic que \u00e9s veure treballar tota una escola de forma conjunta per a aquesta gran iniciativa.\u00a0 A les classes s&#8217;ha parlat de l&#8217;autisme, s&#8217;han explicat contes i visualitzat v\u00eddeos i per acabar els alumnes han pintat en grups l&#8217;infinit. El s\u00edmbol de l&#8217;infinit amb molts colors est\u00e0 relacionat amb la descripci\u00f3 de l&#8217;autisme. Aquest infinit t\u00e9 els colors de l&#8217;arc de Sant Mart\u00ed, mostrant i respectant la gran diversitat i singularitat que hi ha dins l&#8217;espectre autista.<\/p>\n<p>Els mestres han dibuixat un infinit amb cercles de colors a la pista de l&#8217;escola.<\/p>\n<p>Podeu veure imatges molt maques si cliqueu <a href=\"https:\/\/photos.app.goo.gl\/wPvKWR4svF3LzjHZ7\">AQU\u00cd<\/a>.<\/p>\n<p>Gr\u00e0cies a tots i a totes per col\u00b7laborar amb tant il\u00b7lusi\u00f3.<\/p>\n","protected":false},"excerpt":{"rendered":"<p>Avui, 2 d&#8217;abril, \u00e9s el dia mundial de la conscienciaci\u00f3 sobre l&#8217;Autisme. L&#8217;escola Els Quatre Vents ha participat en la iniciativa del Centre de Recursos per l&#8217;autisme Pened\u00e8s- Garraf amb la finalitat de continuar donant visibilitat, sensibilitzaci\u00f3 i conscienciaci\u00f3 a l&#8217;autisme. Que bonic que \u00e9s veure treballar tota una escola de forma conjunta per a [&hellip;]<\/p>\n","protected":false},"author":1,"featured_media":0,"comment_status":"open","ping_status":"closed","sticky":false,"template":"","format":"standard","meta":{"_bbp_topic_count":0,"_bbp_reply_count":0,"_bbp_total_topic_count":0,"_bbp_total_reply_count":0,"_bbp_voice_count":0,"_bbp_anonymous_reply_count":0,"_bbp_topic_count_hidden":0,"_bbp_reply_count_hidden":0,"_bbp_forum_subforum_count":0,"site-sidebar-layout":"default","site-content-layout":"","ast-site-content-layout":"","site-content-style":"default","site-sidebar-style":"default","ast-global-header-display":"","ast-banner-title-visibility":"","ast-main-header-display":"","ast-hfb-above-header-display":"","ast-hfb-below-header-display":"","ast-hfb-mobile-header-display":"","site-post-title":"","ast-breadcrumbs-content":"","ast-featured-img":"","footer-sml-layout":"","theme-transparent-header-meta":"","adv-header-id-meta":"","stick-header-meta":"","header-above-stick-meta":"","header-main-stick-meta":"","header-below-stick-meta":"","astra-migrate-meta-layouts":"default","ast-page-background-enabled":"default","ast-page-background-meta":{"desktop":{"background-color":"var(--ast-global-color-4)","background-image":"","background-repeat":"repeat","background-position":"center center","background-size":"auto","background-attachment":"scroll","background-type":"","background-media":"","overlay-type":"","overlay-color":"","overlay-opacity":"","overlay-gradient":""},"tablet":{"background-color":"","background-image":"","background-repeat":"repeat","background-position":"center center","background-size":"auto","background-attachment":"scroll","background-type":"","background-media":"","overlay-type":"","overlay-color":"","overlay-opacity":"","overlay-gradient":""},"mobile":{"background-color":"","background-image":"","background-repeat":"repeat","background-position":"center center","background-size":"auto","background-attachment":"scroll","background-type":"","background-media":"","overlay-type":"","overlay-color":"","overlay-opacity":"","overlay-gradient":""}},"ast-content-background-meta":{"desktop":{"background-color":"var(--ast-global-color-5)","background-image":"","background-repeat":"repeat","background-position":"center center","background-size":"auto","background-attachment":"scroll","background-type":"","background-media":"","overlay-type":"","overlay-color":"","overlay-opacity":"","overlay-gradient":""},"tablet":{"background-color":"var(--ast-global-color-5)","background-image":"","background-repeat":"repeat","background-position":"center center","background-size":"auto","background-attachment":"scroll","background-type":"","background-media":"","overlay-type":"","overlay-color":"","overlay-opacity":"","overlay-gradient":""},"mobile":{"background-color":"var(--ast-global-color-5)","background-image":"","background-repeat":"repeat","background-position":"center center","background-size":"auto","background-attachment":"scroll","background-type":"","background-media":"","overlay-type":"","overlay-color":"","overlay-opacity":"","overlay-gradient":""}},"footnotes":""},"categories":[1,4],"tags":[],"class_list":["post-7903","post","type-post","status-publish","format-standard","hentry","category-general","category-portada"],"post_mailing_queue_ids":[],"_links":{"self":[{"href":"https:\/\/agora.xtec.cat\/ceipelsquatrevents\/wp-json\/wp\/v2\/posts\/7903","targetHints":{"allow":["GET"]}}],"collection":[{"href":"https:\/\/agora.xtec.cat\/ceipelsquatrevents\/wp-json\/wp\/v2\/posts"}],"about":[{"href":"https:\/\/agora.xtec.cat\/ceipelsquatrevents\/wp-json\/wp\/v2\/types\/post"}],"author":[{"embeddable":true,"href":"https:\/\/agora.xtec.cat\/ceipelsquatrevents\/wp-json\/wp\/v2\/users\/1"}],"replies":[{"embeddable":true,"href":"https:\/\/agora.xtec.cat\/ceipelsquatrevents\/wp-json\/wp\/v2\/comments?post=7903"}],"version-history":[{"count":2,"href":"https:\/\/agora.xtec.cat\/ceipelsquatrevents\/wp-json\/wp\/v2\/posts\/7903\/revisions"}],"predecessor-version":[{"id":7905,"href":"https:\/\/agora.xtec.cat\/ceipelsquatrevents\/wp-json\/wp\/v2\/posts\/7903\/revisions\/7905"}],"wp:attachment":[{"href":"https:\/\/agora.xtec.cat\/ceipelsquatrevents\/wp-json\/wp\/v2\/media?parent=7903"}],"wp:term":[{"taxonomy":"category","embeddable":true,"href":"https:\/\/agora.xtec.cat\/ceipelsquatrevents\/wp-json\/wp\/v2\/categories?post=7903"},{"taxonomy":"post_tag","embeddable":true,"href":"https:\/\/agora.xtec.cat\/ceipelsquatrevents\/wp-json\/wp\/v2\/tags?post=7903"}],"curies":[{"name":"wp","href":"https:\/\/api.w.org\/{rel}","templated":true}]}}