{"id":7513,"date":"2022-01-26T10:17:15","date_gmt":"2022-01-26T09:17:15","guid":{"rendered":"https:\/\/agora.xtec.cat\/ceipelsquatrevents\/?p=7513"},"modified":"2022-01-26T10:23:15","modified_gmt":"2022-01-26T09:23:15","slug":"regals-ampa","status":"publish","type":"post","link":"https:\/\/agora.xtec.cat\/ceipelsquatrevents\/general\/regals-ampa\/","title":{"rendered":"REGALS AMPA"},"content":{"rendered":"<p>La Junta de l&#8217;AMPA,\u00a0 ha fet entrega de diversos regals a l&#8217;escola.<\/p>\n<p>L&#8217;AMPA ha rebut la col\u00b7laboraci\u00f3 de l&#8217;Ajuntament per fer aquestes aportacions:<\/p>\n<ul>\n<li>2 futbolins<\/li>\n<li>4 caixes de lego<\/li>\n<li>1 pantalla t\u00e0ctil<\/li>\n<li>40 quaderns de c\u00e0lcul<\/li>\n<\/ul>\n<p>Aprofitem per agrair a totes les fam\u00edlies associades a l&#8217;AMPA ja l&#8217;entitat col\u00b7labora molt amb l&#8217;escola. I en especialment a les mares que forment part de la Junta, ja que dediquen de forma volunt\u00e0ria temps i esfor\u00e7os perqu\u00e8 a l&#8217;escola no ens falti de res i tots els nens\/es puguin gaudir de les seves col\u00b7laboracions\/aportacions&#8230;. Comen\u00e7ant per la gesti\u00f3 de la venda de llibres, continuant amb les col\u00b7laboracions en les diverses festes que fem al centre (Castanyada, Nadal, Carnaval,..), aportant el servei de logopeda i psic\u00f2loga, organitzant la festa de final de curs,&#8230; i preguntant sempre qu\u00e8 poden fer per ajudar-nos i per aportar millores a l&#8217;escola!<\/p>\n<p>Podeu veure imatges de l&#8217;entrega dels regals si cliqueu l&#8217;enlla\u00e7. <a href=\"https:\/\/photos.app.goo.gl\/ZjGUr1pLCZVc73dbA\">https:\/\/photos.app.goo.gl\/ZjGUr1pLCZVc73dbA<\/a><\/p>\n<p>MOLTES GR\u00c0CIES!!<\/p>\n","protected":false},"excerpt":{"rendered":"<p>La Junta de l&#8217;AMPA,\u00a0 ha fet entrega de diversos regals a l&#8217;escola. L&#8217;AMPA ha rebut la col\u00b7laboraci\u00f3 de l&#8217;Ajuntament per fer aquestes aportacions: 2 futbolins 4 caixes de lego 1 pantalla t\u00e0ctil 40 quaderns de c\u00e0lcul Aprofitem per agrair a totes les fam\u00edlies associades a l&#8217;AMPA ja l&#8217;entitat col\u00b7labora molt amb l&#8217;escola. I en especialment [&hellip;]<\/p>\n","protected":false},"author":1,"featured_media":0,"comment_status":"open","ping_status":"closed","sticky":false,"template":"","format":"standard","meta":{"_bbp_topic_count":0,"_bbp_reply_count":0,"_bbp_total_topic_count":0,"_bbp_total_reply_count":0,"_bbp_voice_count":0,"_bbp_anonymous_reply_count":0,"_bbp_topic_count_hidden":0,"_bbp_reply_count_hidden":0,"_bbp_forum_subforum_count":0,"site-sidebar-layout":"default","site-content-layout":"","ast-site-content-layout":"","site-content-style":"default","site-sidebar-style":"default","ast-global-header-display":"","ast-banner-title-visibility":"","ast-main-header-display":"","ast-hfb-above-header-display":"","ast-hfb-below-header-display":"","ast-hfb-mobile-header-display":"","site-post-title":"","ast-breadcrumbs-content":"","ast-featured-img":"","footer-sml-layout":"","theme-transparent-header-meta":"","adv-header-id-meta":"","stick-header-meta":"","header-above-stick-meta":"","header-main-stick-meta":"","header-below-stick-meta":"","astra-migrate-meta-layouts":"default","ast-page-background-enabled":"default","ast-page-background-meta":{"desktop":{"background-color":"var(--ast-global-color-4)","background-image":"","background-repeat":"repeat","background-position":"center center","background-size":"auto","background-attachment":"scroll","background-type":"","background-media":"","overlay-type":"","overlay-color":"","overlay-opacity":"","overlay-gradient":""},"tablet":{"background-color":"","background-image":"","background-repeat":"repeat","background-position":"center center","background-size":"auto","background-attachment":"scroll","background-type":"","background-media":"","overlay-type":"","overlay-color":"","overlay-opacity":"","overlay-gradient":""},"mobile":{"background-color":"","background-image":"","background-repeat":"repeat","background-position":"center center","background-size":"auto","background-attachment":"scroll","background-type":"","background-media":"","overlay-type":"","overlay-color":"","overlay-opacity":"","overlay-gradient":""}},"ast-content-background-meta":{"desktop":{"background-color":"var(--ast-global-color-5)","background-image":"","background-repeat":"repeat","background-position":"center center","background-size":"auto","background-attachment":"scroll","background-type":"","background-media":"","overlay-type":"","overlay-color":"","overlay-opacity":"","overlay-gradient":""},"tablet":{"background-color":"var(--ast-global-color-5)","background-image":"","background-repeat":"repeat","background-position":"center center","background-size":"auto","background-attachment":"scroll","background-type":"","background-media":"","overlay-type":"","overlay-color":"","overlay-opacity":"","overlay-gradient":""},"mobile":{"background-color":"var(--ast-global-color-5)","background-image":"","background-repeat":"repeat","background-position":"center center","background-size":"auto","background-attachment":"scroll","background-type":"","background-media":"","overlay-type":"","overlay-color":"","overlay-opacity":"","overlay-gradient":""}},"footnotes":""},"categories":[1,4],"tags":[],"class_list":["post-7513","post","type-post","status-publish","format-standard","hentry","category-general","category-portada"],"post_mailing_queue_ids":[],"_links":{"self":[{"href":"https:\/\/agora.xtec.cat\/ceipelsquatrevents\/wp-json\/wp\/v2\/posts\/7513","targetHints":{"allow":["GET"]}}],"collection":[{"href":"https:\/\/agora.xtec.cat\/ceipelsquatrevents\/wp-json\/wp\/v2\/posts"}],"about":[{"href":"https:\/\/agora.xtec.cat\/ceipelsquatrevents\/wp-json\/wp\/v2\/types\/post"}],"author":[{"embeddable":true,"href":"https:\/\/agora.xtec.cat\/ceipelsquatrevents\/wp-json\/wp\/v2\/users\/1"}],"replies":[{"embeddable":true,"href":"https:\/\/agora.xtec.cat\/ceipelsquatrevents\/wp-json\/wp\/v2\/comments?post=7513"}],"version-history":[{"count":3,"href":"https:\/\/agora.xtec.cat\/ceipelsquatrevents\/wp-json\/wp\/v2\/posts\/7513\/revisions"}],"predecessor-version":[{"id":7517,"href":"https:\/\/agora.xtec.cat\/ceipelsquatrevents\/wp-json\/wp\/v2\/posts\/7513\/revisions\/7517"}],"wp:attachment":[{"href":"https:\/\/agora.xtec.cat\/ceipelsquatrevents\/wp-json\/wp\/v2\/media?parent=7513"}],"wp:term":[{"taxonomy":"category","embeddable":true,"href":"https:\/\/agora.xtec.cat\/ceipelsquatrevents\/wp-json\/wp\/v2\/categories?post=7513"},{"taxonomy":"post_tag","embeddable":true,"href":"https:\/\/agora.xtec.cat\/ceipelsquatrevents\/wp-json\/wp\/v2\/tags?post=7513"}],"curies":[{"name":"wp","href":"https:\/\/api.w.org\/{rel}","templated":true}]}}