{"id":7505,"date":"2022-01-26T14:53:43","date_gmt":"2022-01-26T13:53:43","guid":{"rendered":"https:\/\/agora.xtec.cat\/ceipelsquatrevents\/?p=7505"},"modified":"2022-01-26T14:53:43","modified_gmt":"2022-01-26T13:53:43","slug":"certamen-lectura-en-veu-alta","status":"publish","type":"post","link":"https:\/\/agora.xtec.cat\/ceipelsquatrevents\/general\/certamen-lectura-en-veu-alta\/","title":{"rendered":"CERTAMEN LECTURA EN VEU ALTA"},"content":{"rendered":"<p>A l&#8217;escola hem celebrat el certamen de lectura en veu alta amb els alumnes de 4t, 5\u00e8 i 6\u00e8 en dues fases:<\/p>\n<p>1a fase: Han participat tots els alumnes de la classe preparant-se un text per llegir en veu alta. Han anat llegit i entre companys\/es i tutor\/a han decidit els alumnes guanyadors de l&#8217;aula.<\/p>\n<p>2a fase: Els alumnes guanyadors de l&#8217;aula han concursat al certamen d&#8217;escola, llegint un text que van preparar en veu alta al gimn\u00e0s. El jurat era format per la mestra coordinadora de llenguatge, la cap d&#8217;estudis, la mestra d&#8217;educaci\u00f3 especial i la directora. Tots els nens i nenes van fer una lectura d&#8217;alt nivell i escollir guanyadors\/es va ser prou dif\u00edcil. Els aspectes puntuats van ser: posici\u00f3 del cos, volum, flu\u00efdesa, articulaci\u00f3, ritme, entonaci\u00f3, pauses i expressivitat. Podeu veure imatges si cliqueu l&#8217;enlla\u00e7 <a href=\"https:\/\/photos.app.goo.gl\/bZY56vb4sYrrP52g7\">https:\/\/photos.app.goo.gl\/bZY56vb4sYrrP52g7<\/a><\/p>\n<p>Finalment els alumnes que representaran l&#8217;escola a la fase territorial seran:<\/p>\n<ul>\n<li>Cicle mitj\u00e0:\n<ul>\n<li>1r lloc: Uriel Sendra<\/li>\n<li>2n lloc: Alexandra Diaz<\/li>\n<\/ul>\n<\/li>\n<li>Cicle superior\n<ul>\n<li>1r lloc: Pol Algar<\/li>\n<li>2n lloc: Jana Ros\u00e9s<\/li>\n<\/ul>\n<\/li>\n<\/ul>\n<p>Enhorabona a tots i totes.<\/p>\n","protected":false},"excerpt":{"rendered":"<p>A l&#8217;escola hem celebrat el certamen de lectura en veu alta amb els alumnes de 4t, 5\u00e8 i 6\u00e8 en dues fases: 1a fase: Han participat tots els alumnes de la classe preparant-se un text per llegir en veu alta. Han anat llegit i entre companys\/es i tutor\/a han decidit els alumnes guanyadors de l&#8217;aula. [&hellip;]<\/p>\n","protected":false},"author":1,"featured_media":0,"comment_status":"open","ping_status":"closed","sticky":false,"template":"","format":"standard","meta":{"_bbp_topic_count":0,"_bbp_reply_count":0,"_bbp_total_topic_count":0,"_bbp_total_reply_count":0,"_bbp_voice_count":0,"_bbp_anonymous_reply_count":0,"_bbp_topic_count_hidden":0,"_bbp_reply_count_hidden":0,"_bbp_forum_subforum_count":0,"site-sidebar-layout":"default","site-content-layout":"","ast-site-content-layout":"","site-content-style":"default","site-sidebar-style":"default","ast-global-header-display":"","ast-banner-title-visibility":"","ast-main-header-display":"","ast-hfb-above-header-display":"","ast-hfb-below-header-display":"","ast-hfb-mobile-header-display":"","site-post-title":"","ast-breadcrumbs-content":"","ast-featured-img":"","footer-sml-layout":"","theme-transparent-header-meta":"","adv-header-id-meta":"","stick-header-meta":"","header-above-stick-meta":"","header-main-stick-meta":"","header-below-stick-meta":"","astra-migrate-meta-layouts":"default","ast-page-background-enabled":"default","ast-page-background-meta":{"desktop":{"background-color":"var(--ast-global-color-4)","background-image":"","background-repeat":"repeat","background-position":"center center","background-size":"auto","background-attachment":"scroll","background-type":"","background-media":"","overlay-type":"","overlay-color":"","overlay-opacity":"","overlay-gradient":""},"tablet":{"background-color":"","background-image":"","background-repeat":"repeat","background-position":"center center","background-size":"auto","background-attachment":"scroll","background-type":"","background-media":"","overlay-type":"","overlay-color":"","overlay-opacity":"","overlay-gradient":""},"mobile":{"background-color":"","background-image":"","background-repeat":"repeat","background-position":"center center","background-size":"auto","background-attachment":"scroll","background-type":"","background-media":"","overlay-type":"","overlay-color":"","overlay-opacity":"","overlay-gradient":""}},"ast-content-background-meta":{"desktop":{"background-color":"var(--ast-global-color-5)","background-image":"","background-repeat":"repeat","background-position":"center center","background-size":"auto","background-attachment":"scroll","background-type":"","background-media":"","overlay-type":"","overlay-color":"","overlay-opacity":"","overlay-gradient":""},"tablet":{"background-color":"var(--ast-global-color-5)","background-image":"","background-repeat":"repeat","background-position":"center center","background-size":"auto","background-attachment":"scroll","background-type":"","background-media":"","overlay-type":"","overlay-color":"","overlay-opacity":"","overlay-gradient":""},"mobile":{"background-color":"var(--ast-global-color-5)","background-image":"","background-repeat":"repeat","background-position":"center center","background-size":"auto","background-attachment":"scroll","background-type":"","background-media":"","overlay-type":"","overlay-color":"","overlay-opacity":"","overlay-gradient":""}},"footnotes":""},"categories":[1,4],"tags":[],"class_list":["post-7505","post","type-post","status-publish","format-standard","hentry","category-general","category-portada"],"post_mailing_queue_ids":[],"_links":{"self":[{"href":"https:\/\/agora.xtec.cat\/ceipelsquatrevents\/wp-json\/wp\/v2\/posts\/7505","targetHints":{"allow":["GET"]}}],"collection":[{"href":"https:\/\/agora.xtec.cat\/ceipelsquatrevents\/wp-json\/wp\/v2\/posts"}],"about":[{"href":"https:\/\/agora.xtec.cat\/ceipelsquatrevents\/wp-json\/wp\/v2\/types\/post"}],"author":[{"embeddable":true,"href":"https:\/\/agora.xtec.cat\/ceipelsquatrevents\/wp-json\/wp\/v2\/users\/1"}],"replies":[{"embeddable":true,"href":"https:\/\/agora.xtec.cat\/ceipelsquatrevents\/wp-json\/wp\/v2\/comments?post=7505"}],"version-history":[{"count":3,"href":"https:\/\/agora.xtec.cat\/ceipelsquatrevents\/wp-json\/wp\/v2\/posts\/7505\/revisions"}],"predecessor-version":[{"id":7520,"href":"https:\/\/agora.xtec.cat\/ceipelsquatrevents\/wp-json\/wp\/v2\/posts\/7505\/revisions\/7520"}],"wp:attachment":[{"href":"https:\/\/agora.xtec.cat\/ceipelsquatrevents\/wp-json\/wp\/v2\/media?parent=7505"}],"wp:term":[{"taxonomy":"category","embeddable":true,"href":"https:\/\/agora.xtec.cat\/ceipelsquatrevents\/wp-json\/wp\/v2\/categories?post=7505"},{"taxonomy":"post_tag","embeddable":true,"href":"https:\/\/agora.xtec.cat\/ceipelsquatrevents\/wp-json\/wp\/v2\/tags?post=7505"}],"curies":[{"name":"wp","href":"https:\/\/api.w.org\/{rel}","templated":true}]}}