{"id":7324,"date":"2021-11-24T09:58:56","date_gmt":"2021-11-24T08:58:56","guid":{"rendered":"https:\/\/agora.xtec.cat\/ceipelsquatrevents\/?p=7324"},"modified":"2021-11-24T10:06:29","modified_gmt":"2021-11-24T09:06:29","slug":"santa-cecilia","status":"publish","type":"post","link":"https:\/\/agora.xtec.cat\/ceipelsquatrevents\/general\/santa-cecilia\/","title":{"rendered":"SANTA CEC\u00cdLIA"},"content":{"rendered":"<p>Celebrem Santa Cec\u00edlia a l&#8217;escola amb un gran concert de m\u00fasica.<\/p>\n<p>Els artistes van ser els\/les alumnes de l&#8217;escola que toquen algun instrument i ens van voler tocar o cantar alguna can\u00e7\u00f3 . Vam escoltar molts instruments i moltes melodies.<\/p>\n<p>Van seguir l&#8217;actuaci\u00f3 el mestre Fran i l&#8217;Anna de pr\u00e0ctiques amb una magnifica actuaci\u00f3. I finalment els nens i nenes de 6\u00e8 ens van fer una sorpresa cantant una can\u00e7\u00f3.<\/p>\n<p>Agra\u00efm la tasca d&#8217;organitzaci\u00f3 de tot plegat del mestre de m\u00fasica Sergi.<\/p>\n<p>MOLTES GR\u00c0CIES A TOTS I TOTES!!!<\/p>\n<p>VISCA LA M\u00daSICA!!!<\/p>\n<p>Podeu veure fotografies si cliqueu a la fotografia<\/p>\n<p><a href=\"https:\/\/photos.app.goo.gl\/3MNHYhFwocpa3JM99\"><img loading=\"lazy\" decoding=\"async\" class=\"aligncenter size-medium wp-image-7330\" src=\"https:\/\/agora.xtec.cat\/ceipelsquatrevents\/wp-content\/uploads\/usu1091\/2021\/11\/music-978x652-1-300x200.jpg\" alt=\"\" width=\"300\" height=\"200\" srcset=\"https:\/\/agora.xtec.cat\/ceipelsquatrevents\/wp-content\/uploads\/usu1091\/2021\/11\/music-978x652-1-300x200.jpg 300w, https:\/\/agora.xtec.cat\/ceipelsquatrevents\/wp-content\/uploads\/usu1091\/2021\/11\/music-978x652-1-768x512.jpg 768w, https:\/\/agora.xtec.cat\/ceipelsquatrevents\/wp-content\/uploads\/usu1091\/2021\/11\/music-978x652-1.jpg 978w\" sizes=\"auto, (max-width: 300px) 100vw, 300px\" \/><\/a><\/p>\n","protected":false},"excerpt":{"rendered":"<p>Celebrem Santa Cec\u00edlia a l&#8217;escola amb un gran concert de m\u00fasica. Els artistes van ser els\/les alumnes de l&#8217;escola que toquen algun instrument i ens van voler tocar o cantar alguna can\u00e7\u00f3 . Vam escoltar molts instruments i moltes melodies. Van seguir l&#8217;actuaci\u00f3 el mestre Fran i l&#8217;Anna de pr\u00e0ctiques amb una magnifica actuaci\u00f3. I [&hellip;]<\/p>\n","protected":false},"author":1,"featured_media":0,"comment_status":"open","ping_status":"closed","sticky":false,"template":"","format":"standard","meta":{"_bbp_topic_count":0,"_bbp_reply_count":0,"_bbp_total_topic_count":0,"_bbp_total_reply_count":0,"_bbp_voice_count":0,"_bbp_anonymous_reply_count":0,"_bbp_topic_count_hidden":0,"_bbp_reply_count_hidden":0,"_bbp_forum_subforum_count":0,"site-sidebar-layout":"default","site-content-layout":"","ast-site-content-layout":"","site-content-style":"default","site-sidebar-style":"default","ast-global-header-display":"","ast-banner-title-visibility":"","ast-main-header-display":"","ast-hfb-above-header-display":"","ast-hfb-below-header-display":"","ast-hfb-mobile-header-display":"","site-post-title":"","ast-breadcrumbs-content":"","ast-featured-img":"","footer-sml-layout":"","theme-transparent-header-meta":"","adv-header-id-meta":"","stick-header-meta":"","header-above-stick-meta":"","header-main-stick-meta":"","header-below-stick-meta":"","astra-migrate-meta-layouts":"default","ast-page-background-enabled":"default","ast-page-background-meta":{"desktop":{"background-color":"var(--ast-global-color-4)","background-image":"","background-repeat":"repeat","background-position":"center center","background-size":"auto","background-attachment":"scroll","background-type":"","background-media":"","overlay-type":"","overlay-color":"","overlay-opacity":"","overlay-gradient":""},"tablet":{"background-color":"","background-image":"","background-repeat":"repeat","background-position":"center center","background-size":"auto","background-attachment":"scroll","background-type":"","background-media":"","overlay-type":"","overlay-color":"","overlay-opacity":"","overlay-gradient":""},"mobile":{"background-color":"","background-image":"","background-repeat":"repeat","background-position":"center center","background-size":"auto","background-attachment":"scroll","background-type":"","background-media":"","overlay-type":"","overlay-color":"","overlay-opacity":"","overlay-gradient":""}},"ast-content-background-meta":{"desktop":{"background-color":"var(--ast-global-color-5)","background-image":"","background-repeat":"repeat","background-position":"center center","background-size":"auto","background-attachment":"scroll","background-type":"","background-media":"","overlay-type":"","overlay-color":"","overlay-opacity":"","overlay-gradient":""},"tablet":{"background-color":"var(--ast-global-color-5)","background-image":"","background-repeat":"repeat","background-position":"center center","background-size":"auto","background-attachment":"scroll","background-type":"","background-media":"","overlay-type":"","overlay-color":"","overlay-opacity":"","overlay-gradient":""},"mobile":{"background-color":"var(--ast-global-color-5)","background-image":"","background-repeat":"repeat","background-position":"center center","background-size":"auto","background-attachment":"scroll","background-type":"","background-media":"","overlay-type":"","overlay-color":"","overlay-opacity":"","overlay-gradient":""}},"footnotes":""},"categories":[1,4],"tags":[],"class_list":["post-7324","post","type-post","status-publish","format-standard","hentry","category-general","category-portada"],"post_mailing_queue_ids":[],"_links":{"self":[{"href":"https:\/\/agora.xtec.cat\/ceipelsquatrevents\/wp-json\/wp\/v2\/posts\/7324","targetHints":{"allow":["GET"]}}],"collection":[{"href":"https:\/\/agora.xtec.cat\/ceipelsquatrevents\/wp-json\/wp\/v2\/posts"}],"about":[{"href":"https:\/\/agora.xtec.cat\/ceipelsquatrevents\/wp-json\/wp\/v2\/types\/post"}],"author":[{"embeddable":true,"href":"https:\/\/agora.xtec.cat\/ceipelsquatrevents\/wp-json\/wp\/v2\/users\/1"}],"replies":[{"embeddable":true,"href":"https:\/\/agora.xtec.cat\/ceipelsquatrevents\/wp-json\/wp\/v2\/comments?post=7324"}],"version-history":[{"count":3,"href":"https:\/\/agora.xtec.cat\/ceipelsquatrevents\/wp-json\/wp\/v2\/posts\/7324\/revisions"}],"predecessor-version":[{"id":7331,"href":"https:\/\/agora.xtec.cat\/ceipelsquatrevents\/wp-json\/wp\/v2\/posts\/7324\/revisions\/7331"}],"wp:attachment":[{"href":"https:\/\/agora.xtec.cat\/ceipelsquatrevents\/wp-json\/wp\/v2\/media?parent=7324"}],"wp:term":[{"taxonomy":"category","embeddable":true,"href":"https:\/\/agora.xtec.cat\/ceipelsquatrevents\/wp-json\/wp\/v2\/categories?post=7324"},{"taxonomy":"post_tag","embeddable":true,"href":"https:\/\/agora.xtec.cat\/ceipelsquatrevents\/wp-json\/wp\/v2\/tags?post=7324"}],"curies":[{"name":"wp","href":"https:\/\/api.w.org\/{rel}","templated":true}]}}