{"id":7160,"date":"2021-10-28T10:48:54","date_gmt":"2021-10-28T08:48:54","guid":{"rendered":"https:\/\/agora.xtec.cat\/ceipelsquatrevents\/?p=7160"},"modified":"2021-10-28T10:55:24","modified_gmt":"2021-10-28T08:55:24","slug":"celebrem-tradicions","status":"publish","type":"post","link":"https:\/\/agora.xtec.cat\/ceipelsquatrevents\/portada\/celebrem-tradicions\/","title":{"rendered":"CELEBREM TRADICIONS"},"content":{"rendered":"<p>Aquest dies a l&#8217;escola celebrem la tradici\u00f3 de la Castanyada i de Halloween.<\/p>\n<p>Els nens i nenes aprenen tradicions i s&#8217;ho passen d&#8217;all\u00f2 m\u00e9s b\u00e9 realitzant diverses activitats.<\/p>\n<p>Agra\u00efm la col\u00b7laboraci\u00f3 de l&#8217;AMPA per l&#8217;aportaci\u00f3 de les llaminadures pels tallers de Halloween, de la Caixa Agr\u00e0ria per l&#8217;aportaci\u00f3 dels ingredients dels panellets i de les cuineres per ajudar-nos a coure els panellets.<\/p>\n<p>Si cliqueu la imatge podreu anar veient les fotografies que anirem penjat al llarg dels dos dies.<\/p>\n<p><a href=\"https:\/\/photos.app.goo.gl\/fr35JFJvnmgRJoJu9\"><img loading=\"lazy\" decoding=\"async\" class=\"aligncenter size-medium wp-image-7161\" src=\"https:\/\/agora.xtec.cat\/ceipelsquatrevents\/wp-content\/uploads\/usu1091\/2021\/10\/20211028_103557-135x300.jpg\" alt=\"\" width=\"135\" height=\"300\" srcset=\"https:\/\/agora.xtec.cat\/ceipelsquatrevents\/wp-content\/uploads\/usu1091\/2021\/10\/20211028_103557-135x300.jpg 135w, https:\/\/agora.xtec.cat\/ceipelsquatrevents\/wp-content\/uploads\/usu1091\/2021\/10\/20211028_103557-461x1024.jpg 461w, https:\/\/agora.xtec.cat\/ceipelsquatrevents\/wp-content\/uploads\/usu1091\/2021\/10\/20211028_103557-768x1707.jpg 768w, https:\/\/agora.xtec.cat\/ceipelsquatrevents\/wp-content\/uploads\/usu1091\/2021\/10\/20211028_103557-691x1536.jpg 691w, https:\/\/agora.xtec.cat\/ceipelsquatrevents\/wp-content\/uploads\/usu1091\/2021\/10\/20211028_103557-922x2048.jpg 922w, https:\/\/agora.xtec.cat\/ceipelsquatrevents\/wp-content\/uploads\/usu1091\/2021\/10\/20211028_103557-scaled.jpg 1152w\" sizes=\"auto, (max-width: 135px) 100vw, 135px\" \/><\/a><\/p>\n","protected":false},"excerpt":{"rendered":"<p>Aquest dies a l&#8217;escola celebrem la tradici\u00f3 de la Castanyada i de Halloween. Els nens i nenes aprenen tradicions i s&#8217;ho passen d&#8217;all\u00f2 m\u00e9s b\u00e9 realitzant diverses activitats. Agra\u00efm la col\u00b7laboraci\u00f3 de l&#8217;AMPA per l&#8217;aportaci\u00f3 de les llaminadures pels tallers de Halloween, de la Caixa Agr\u00e0ria per l&#8217;aportaci\u00f3 dels ingredients dels panellets i de les [&hellip;]<\/p>\n","protected":false},"author":1,"featured_media":0,"comment_status":"open","ping_status":"closed","sticky":false,"template":"","format":"standard","meta":{"_bbp_topic_count":0,"_bbp_reply_count":0,"_bbp_total_topic_count":0,"_bbp_total_reply_count":0,"_bbp_voice_count":0,"_bbp_anonymous_reply_count":0,"_bbp_topic_count_hidden":0,"_bbp_reply_count_hidden":0,"_bbp_forum_subforum_count":0,"site-sidebar-layout":"default","site-content-layout":"","ast-site-content-layout":"","site-content-style":"default","site-sidebar-style":"default","ast-global-header-display":"","ast-banner-title-visibility":"","ast-main-header-display":"","ast-hfb-above-header-display":"","ast-hfb-below-header-display":"","ast-hfb-mobile-header-display":"","site-post-title":"","ast-breadcrumbs-content":"","ast-featured-img":"","footer-sml-layout":"","theme-transparent-header-meta":"","adv-header-id-meta":"","stick-header-meta":"","header-above-stick-meta":"","header-main-stick-meta":"","header-below-stick-meta":"","astra-migrate-meta-layouts":"default","ast-page-background-enabled":"default","ast-page-background-meta":{"desktop":{"background-color":"var(--ast-global-color-4)","background-image":"","background-repeat":"repeat","background-position":"center center","background-size":"auto","background-attachment":"scroll","background-type":"","background-media":"","overlay-type":"","overlay-color":"","overlay-opacity":"","overlay-gradient":""},"tablet":{"background-color":"","background-image":"","background-repeat":"repeat","background-position":"center center","background-size":"auto","background-attachment":"scroll","background-type":"","background-media":"","overlay-type":"","overlay-color":"","overlay-opacity":"","overlay-gradient":""},"mobile":{"background-color":"","background-image":"","background-repeat":"repeat","background-position":"center center","background-size":"auto","background-attachment":"scroll","background-type":"","background-media":"","overlay-type":"","overlay-color":"","overlay-opacity":"","overlay-gradient":""}},"ast-content-background-meta":{"desktop":{"background-color":"var(--ast-global-color-5)","background-image":"","background-repeat":"repeat","background-position":"center center","background-size":"auto","background-attachment":"scroll","background-type":"","background-media":"","overlay-type":"","overlay-color":"","overlay-opacity":"","overlay-gradient":""},"tablet":{"background-color":"var(--ast-global-color-5)","background-image":"","background-repeat":"repeat","background-position":"center center","background-size":"auto","background-attachment":"scroll","background-type":"","background-media":"","overlay-type":"","overlay-color":"","overlay-opacity":"","overlay-gradient":""},"mobile":{"background-color":"var(--ast-global-color-5)","background-image":"","background-repeat":"repeat","background-position":"center center","background-size":"auto","background-attachment":"scroll","background-type":"","background-media":"","overlay-type":"","overlay-color":"","overlay-opacity":"","overlay-gradient":""}},"footnotes":""},"categories":[4],"tags":[],"class_list":["post-7160","post","type-post","status-publish","format-standard","hentry","category-portada"],"post_mailing_queue_ids":[],"_links":{"self":[{"href":"https:\/\/agora.xtec.cat\/ceipelsquatrevents\/wp-json\/wp\/v2\/posts\/7160","targetHints":{"allow":["GET"]}}],"collection":[{"href":"https:\/\/agora.xtec.cat\/ceipelsquatrevents\/wp-json\/wp\/v2\/posts"}],"about":[{"href":"https:\/\/agora.xtec.cat\/ceipelsquatrevents\/wp-json\/wp\/v2\/types\/post"}],"author":[{"embeddable":true,"href":"https:\/\/agora.xtec.cat\/ceipelsquatrevents\/wp-json\/wp\/v2\/users\/1"}],"replies":[{"embeddable":true,"href":"https:\/\/agora.xtec.cat\/ceipelsquatrevents\/wp-json\/wp\/v2\/comments?post=7160"}],"version-history":[{"count":3,"href":"https:\/\/agora.xtec.cat\/ceipelsquatrevents\/wp-json\/wp\/v2\/posts\/7160\/revisions"}],"predecessor-version":[{"id":7164,"href":"https:\/\/agora.xtec.cat\/ceipelsquatrevents\/wp-json\/wp\/v2\/posts\/7160\/revisions\/7164"}],"wp:attachment":[{"href":"https:\/\/agora.xtec.cat\/ceipelsquatrevents\/wp-json\/wp\/v2\/media?parent=7160"}],"wp:term":[{"taxonomy":"category","embeddable":true,"href":"https:\/\/agora.xtec.cat\/ceipelsquatrevents\/wp-json\/wp\/v2\/categories?post=7160"},{"taxonomy":"post_tag","embeddable":true,"href":"https:\/\/agora.xtec.cat\/ceipelsquatrevents\/wp-json\/wp\/v2\/tags?post=7160"}],"curies":[{"name":"wp","href":"https:\/\/api.w.org\/{rel}","templated":true}]}}