{"id":6221,"date":"2021-03-18T20:04:20","date_gmt":"2021-03-18T19:04:20","guid":{"rendered":"http:\/\/agora.xtec.cat\/ceipelsquatrevents\/?p=6221"},"modified":"2021-03-18T20:49:34","modified_gmt":"2021-03-18T19:49:34","slug":"pintem-un-quadre-com-joan-miro-p5a","status":"publish","type":"post","link":"https:\/\/agora.xtec.cat\/ceipelsquatrevents\/general\/pintem-un-quadre-com-joan-miro-p5a\/","title":{"rendered":"PINTEM UN QUADRE COM JOAN MIR\u00d3 (P5A)"},"content":{"rendered":"<p>Bona tarda fam\u00edlies! A pl\u00e0stica, seguint amb la tem\u00e0tica de Joan Mir\u00f3, els i les alumnes de la classe de P5A ens hem atrevit a pintar un quadre seguint l&#8217;estil del pintor.<\/p>\n<p>Abans, per\u00f2, hem recordat els colors que emprava l&#8217;artista i hem mirat unes imatges de les seves obres. Ens hem fixat en les figures que m\u00e9s hi apareixen (estrelles, llunes, l\u00ednies, cercles, ulls, insectes, dones&#8230;). Despr\u00e9s entre tots hem dibuixat, a un paper d&#8217;embalar gran, algunes de les figures i formes que m\u00e9s ens han agradat i hem anat al pati a pintar tots junts, amb els mateixos colors que Mir\u00f3, el nostre quadre. Hem deixat volar la nostra imaginaci\u00f3 i tots hem tingut ocasi\u00f3 d&#8217;aportar el nostre granet de sorra i mireu, mireu que b\u00e9 ens ha quedat!<\/p>\n<div style=\"width: 1920px;\" class=\"wp-video\"><!--[if lt IE 9]><script>document.createElement('video');<\/script><![endif]-->\n<video class=\"wp-video-shortcode\" id=\"video-6221-1\" width=\"1920\" height=\"1080\" preload=\"metadata\" controls=\"controls\"><source type=\"video\/mp4\" src=\"https:\/\/agora.xtec.cat\/ceipelsquatrevents\/wp-content\/uploads\/usu1091\/2021\/03\/WhatsApp-Video-2021-03-18-at-19.14.28.mp4?_=1\" \/><a href=\"https:\/\/agora.xtec.cat\/ceipelsquatrevents\/wp-content\/uploads\/usu1091\/2021\/03\/WhatsApp-Video-2021-03-18-at-19.14.28.mp4\">https:\/\/agora.xtec.cat\/ceipelsquatrevents\/wp-content\/uploads\/usu1091\/2021\/03\/WhatsApp-Video-2021-03-18-at-19.14.28.mp4<\/a><\/video><\/div>\n<p>Ens ha agradat molt el fet de treballar de manera cooperativa per aconseguir una finalitat conjunta, hem intercanviat idees, hem compartit, ens hem ajudat i en definitiva, han apr\u00e9s plegats!<\/p>\n<p>Estem segurs que si Mir\u00f3 ens hagu\u00e9s vist estaria content amb el nostre treball!!<\/p>\n<p>Aqu\u00ed us deixo l&#8217;enlla\u00e7 amb totes les imatges que apareixen al v\u00eddeo:\u00a0<a href=\"https:\/\/photos.app.goo.gl\/JXr9PdygzjaTg6ea7\">https:\/\/photos.app.goo.gl\/JXr9PdygzjaTg6ea7<\/a><\/p>\n","protected":false},"excerpt":{"rendered":"<p>Bona tarda fam\u00edlies! A pl\u00e0stica, seguint amb la tem\u00e0tica de Joan Mir\u00f3, els i les alumnes de la classe de P5A ens hem atrevit a pintar un quadre seguint l&#8217;estil del pintor. Abans, per\u00f2, hem recordat els colors que emprava l&#8217;artista i hem mirat unes imatges de les seves obres. Ens hem fixat en les [&hellip;]<\/p>\n","protected":false},"author":1,"featured_media":0,"comment_status":"open","ping_status":"closed","sticky":false,"template":"","format":"standard","meta":{"_bbp_topic_count":0,"_bbp_reply_count":0,"_bbp_total_topic_count":0,"_bbp_total_reply_count":0,"_bbp_voice_count":0,"_bbp_anonymous_reply_count":0,"_bbp_topic_count_hidden":0,"_bbp_reply_count_hidden":0,"_bbp_forum_subforum_count":0,"site-sidebar-layout":"default","site-content-layout":"","ast-site-content-layout":"","site-content-style":"default","site-sidebar-style":"default","ast-global-header-display":"","ast-banner-title-visibility":"","ast-main-header-display":"","ast-hfb-above-header-display":"","ast-hfb-below-header-display":"","ast-hfb-mobile-header-display":"","site-post-title":"","ast-breadcrumbs-content":"","ast-featured-img":"","footer-sml-layout":"","theme-transparent-header-meta":"","adv-header-id-meta":"","stick-header-meta":"","header-above-stick-meta":"","header-main-stick-meta":"","header-below-stick-meta":"","astra-migrate-meta-layouts":"default","ast-page-background-enabled":"default","ast-page-background-meta":{"desktop":{"background-color":"var(--ast-global-color-4)","background-image":"","background-repeat":"repeat","background-position":"center center","background-size":"auto","background-attachment":"scroll","background-type":"","background-media":"","overlay-type":"","overlay-color":"","overlay-opacity":"","overlay-gradient":""},"tablet":{"background-color":"","background-image":"","background-repeat":"repeat","background-position":"center center","background-size":"auto","background-attachment":"scroll","background-type":"","background-media":"","overlay-type":"","overlay-color":"","overlay-opacity":"","overlay-gradient":""},"mobile":{"background-color":"","background-image":"","background-repeat":"repeat","background-position":"center center","background-size":"auto","background-attachment":"scroll","background-type":"","background-media":"","overlay-type":"","overlay-color":"","overlay-opacity":"","overlay-gradient":""}},"ast-content-background-meta":{"desktop":{"background-color":"var(--ast-global-color-5)","background-image":"","background-repeat":"repeat","background-position":"center center","background-size":"auto","background-attachment":"scroll","background-type":"","background-media":"","overlay-type":"","overlay-color":"","overlay-opacity":"","overlay-gradient":""},"tablet":{"background-color":"var(--ast-global-color-5)","background-image":"","background-repeat":"repeat","background-position":"center center","background-size":"auto","background-attachment":"scroll","background-type":"","background-media":"","overlay-type":"","overlay-color":"","overlay-opacity":"","overlay-gradient":""},"mobile":{"background-color":"var(--ast-global-color-5)","background-image":"","background-repeat":"repeat","background-position":"center center","background-size":"auto","background-attachment":"scroll","background-type":"","background-media":"","overlay-type":"","overlay-color":"","overlay-opacity":"","overlay-gradient":""}},"footnotes":""},"categories":[85,64,1,2],"tags":[],"class_list":["post-6221","post","type-post","status-publish","format-standard","hentry","category-cs-5","category-c-inf","category-general","category-infantil"],"post_mailing_queue_ids":[],"_links":{"self":[{"href":"https:\/\/agora.xtec.cat\/ceipelsquatrevents\/wp-json\/wp\/v2\/posts\/6221","targetHints":{"allow":["GET"]}}],"collection":[{"href":"https:\/\/agora.xtec.cat\/ceipelsquatrevents\/wp-json\/wp\/v2\/posts"}],"about":[{"href":"https:\/\/agora.xtec.cat\/ceipelsquatrevents\/wp-json\/wp\/v2\/types\/post"}],"author":[{"embeddable":true,"href":"https:\/\/agora.xtec.cat\/ceipelsquatrevents\/wp-json\/wp\/v2\/users\/1"}],"replies":[{"embeddable":true,"href":"https:\/\/agora.xtec.cat\/ceipelsquatrevents\/wp-json\/wp\/v2\/comments?post=6221"}],"version-history":[{"count":3,"href":"https:\/\/agora.xtec.cat\/ceipelsquatrevents\/wp-json\/wp\/v2\/posts\/6221\/revisions"}],"predecessor-version":[{"id":6230,"href":"https:\/\/agora.xtec.cat\/ceipelsquatrevents\/wp-json\/wp\/v2\/posts\/6221\/revisions\/6230"}],"wp:attachment":[{"href":"https:\/\/agora.xtec.cat\/ceipelsquatrevents\/wp-json\/wp\/v2\/media?parent=6221"}],"wp:term":[{"taxonomy":"category","embeddable":true,"href":"https:\/\/agora.xtec.cat\/ceipelsquatrevents\/wp-json\/wp\/v2\/categories?post=6221"},{"taxonomy":"post_tag","embeddable":true,"href":"https:\/\/agora.xtec.cat\/ceipelsquatrevents\/wp-json\/wp\/v2\/tags?post=6221"}],"curies":[{"name":"wp","href":"https:\/\/api.w.org\/{rel}","templated":true}]}}