{"id":5738,"date":"2020-12-15T22:05:42","date_gmt":"2020-12-15T21:05:42","guid":{"rendered":"http:\/\/agora.xtec.cat\/ceipelsquatrevents\/?p=5738"},"modified":"2020-12-18T15:51:45","modified_gmt":"2020-12-18T14:51:45","slug":"video-la-marato-de-tv3-2020","status":"publish","type":"post","link":"https:\/\/agora.xtec.cat\/ceipelsquatrevents\/general\/video-la-marato-de-tv3-2020\/","title":{"rendered":"V\u00cdDEO LA MARAT\u00d3 DE TV3 2020"},"content":{"rendered":"<p>Aquest curs la nostra participaci\u00f3 en La Marat\u00f3 comen\u00e7a amb l&#8217;acte que m\u00e9s emociona als infants de la nostra escola i que esperem que gaudiu tant veient-lo com nosaltres hem gaudit gravant-lo.<\/p>\n<p>El v\u00eddeo que us preparat \u00e9s una barreja entre la m\u00fasica de l&#8217;Espot de la Marat\u00f3 2020 i unes imatges de cada una de les classes de l&#8217;Escola Els Quatre Vents. Tot i que sembli una cosa petita en l&#8217;univers que envolta aquesta gran obra social i ben\u00e8fica que \u00e9s La Marat\u00f3, per nosaltres gravar aquest v\u00eddeo suposa ensenyar i educar als i les nostres alumnes amb un valor tan important com \u00e9s la soliadaritat amb les persones necessitades.<\/p>\n<p>Per aquest motiu, tamb\u00e9 us volem demanar la col\u00b7laboraci\u00f3 amb els donatius que recollirem el dijous 17 i el divendres 18. Aquest any el tema de La Marat\u00f3 \u00e9s la COVID-19, per tant, aquest any ajudar \u00e9s cosa de tothom.<\/p>\n<p>Aqu\u00ed us deixem el v\u00eddeo per a qu\u00e8 us entrin ganes d&#8217;ajudar i, sobretot, per a qu\u00e8 gaudiu dels i les artistes que tenim a l&#8217;Escola Els Quatre Vents.<\/p>\n<p><strong>RECAPTACI\u00d3: 352&#8217;82 \u20ac\u00a0 MOLTES GR\u00c0CIES FAM\u00cdLIES<\/strong><\/p>\n<div class=\"ast-oembed-container \" style=\"height: 100%;\"><iframe loading=\"lazy\" title=\"vi\u0301deo marato\u0301 bo\" width=\"500\" height=\"281\" src=\"https:\/\/www.youtube.com\/embed\/7V8laYyFdNo?feature=oembed\" frameborder=\"0\" allow=\"accelerometer; autoplay; clipboard-write; encrypted-media; gyroscope; picture-in-picture; web-share\" referrerpolicy=\"strict-origin-when-cross-origin\" allowfullscreen><\/iframe><\/div>\n<p><iframe loading=\"lazy\" src=\"https:\/\/www.youtube.com\/embed\/7V8laYyFdNo\" width=\"560\" height=\"315\" frameborder=\"0\"><\/iframe><\/p>\n","protected":false},"excerpt":{"rendered":"<p>Aquest curs la nostra participaci\u00f3 en La Marat\u00f3 comen\u00e7a amb l&#8217;acte que m\u00e9s emociona als infants de la nostra escola i que esperem que gaudiu tant veient-lo com nosaltres hem gaudit gravant-lo. El v\u00eddeo que us preparat \u00e9s una barreja entre la m\u00fasica de l&#8217;Espot de la Marat\u00f3 2020 i unes imatges de cada una [&hellip;]<\/p>\n","protected":false},"author":1,"featured_media":5740,"comment_status":"open","ping_status":"closed","sticky":false,"template":"","format":"standard","meta":{"_bbp_topic_count":0,"_bbp_reply_count":0,"_bbp_total_topic_count":0,"_bbp_total_reply_count":0,"_bbp_voice_count":0,"_bbp_anonymous_reply_count":0,"_bbp_topic_count_hidden":0,"_bbp_reply_count_hidden":0,"_bbp_forum_subforum_count":0,"site-sidebar-layout":"default","site-content-layout":"","ast-site-content-layout":"","site-content-style":"default","site-sidebar-style":"default","ast-global-header-display":"","ast-banner-title-visibility":"","ast-main-header-display":"","ast-hfb-above-header-display":"","ast-hfb-below-header-display":"","ast-hfb-mobile-header-display":"","site-post-title":"","ast-breadcrumbs-content":"","ast-featured-img":"","footer-sml-layout":"","theme-transparent-header-meta":"","adv-header-id-meta":"","stick-header-meta":"","header-above-stick-meta":"","header-main-stick-meta":"","header-below-stick-meta":"","astra-migrate-meta-layouts":"default","ast-page-background-enabled":"default","ast-page-background-meta":{"desktop":{"background-color":"var(--ast-global-color-4)","background-image":"","background-repeat":"repeat","background-position":"center center","background-size":"auto","background-attachment":"scroll","background-type":"","background-media":"","overlay-type":"","overlay-color":"","overlay-opacity":"","overlay-gradient":""},"tablet":{"background-color":"","background-image":"","background-repeat":"repeat","background-position":"center center","background-size":"auto","background-attachment":"scroll","background-type":"","background-media":"","overlay-type":"","overlay-color":"","overlay-opacity":"","overlay-gradient":""},"mobile":{"background-color":"","background-image":"","background-repeat":"repeat","background-position":"center center","background-size":"auto","background-attachment":"scroll","background-type":"","background-media":"","overlay-type":"","overlay-color":"","overlay-opacity":"","overlay-gradient":""}},"ast-content-background-meta":{"desktop":{"background-color":"var(--ast-global-color-5)","background-image":"","background-repeat":"repeat","background-position":"center center","background-size":"auto","background-attachment":"scroll","background-type":"","background-media":"","overlay-type":"","overlay-color":"","overlay-opacity":"","overlay-gradient":""},"tablet":{"background-color":"var(--ast-global-color-5)","background-image":"","background-repeat":"repeat","background-position":"center center","background-size":"auto","background-attachment":"scroll","background-type":"","background-media":"","overlay-type":"","overlay-color":"","overlay-opacity":"","overlay-gradient":""},"mobile":{"background-color":"var(--ast-global-color-5)","background-image":"","background-repeat":"repeat","background-position":"center center","background-size":"auto","background-attachment":"scroll","background-type":"","background-media":"","overlay-type":"","overlay-color":"","overlay-opacity":"","overlay-gradient":""}},"footnotes":""},"categories":[1,113,4],"tags":[],"class_list":["post-5738","post","type-post","status-publish","format-standard","has-post-thumbnail","hentry","category-general","category-musica","category-portada"],"post_mailing_queue_ids":[],"_links":{"self":[{"href":"https:\/\/agora.xtec.cat\/ceipelsquatrevents\/wp-json\/wp\/v2\/posts\/5738","targetHints":{"allow":["GET"]}}],"collection":[{"href":"https:\/\/agora.xtec.cat\/ceipelsquatrevents\/wp-json\/wp\/v2\/posts"}],"about":[{"href":"https:\/\/agora.xtec.cat\/ceipelsquatrevents\/wp-json\/wp\/v2\/types\/post"}],"author":[{"embeddable":true,"href":"https:\/\/agora.xtec.cat\/ceipelsquatrevents\/wp-json\/wp\/v2\/users\/1"}],"replies":[{"embeddable":true,"href":"https:\/\/agora.xtec.cat\/ceipelsquatrevents\/wp-json\/wp\/v2\/comments?post=5738"}],"version-history":[{"count":3,"href":"https:\/\/agora.xtec.cat\/ceipelsquatrevents\/wp-json\/wp\/v2\/posts\/5738\/revisions"}],"predecessor-version":[{"id":5749,"href":"https:\/\/agora.xtec.cat\/ceipelsquatrevents\/wp-json\/wp\/v2\/posts\/5738\/revisions\/5749"}],"wp:featuredmedia":[{"embeddable":true,"href":"https:\/\/agora.xtec.cat\/ceipelsquatrevents\/wp-json\/wp\/v2\/media\/5740"}],"wp:attachment":[{"href":"https:\/\/agora.xtec.cat\/ceipelsquatrevents\/wp-json\/wp\/v2\/media?parent=5738"}],"wp:term":[{"taxonomy":"category","embeddable":true,"href":"https:\/\/agora.xtec.cat\/ceipelsquatrevents\/wp-json\/wp\/v2\/categories?post=5738"},{"taxonomy":"post_tag","embeddable":true,"href":"https:\/\/agora.xtec.cat\/ceipelsquatrevents\/wp-json\/wp\/v2\/tags?post=5738"}],"curies":[{"name":"wp","href":"https:\/\/api.w.org\/{rel}","templated":true}]}}