{"id":5602,"date":"2020-11-20T14:17:15","date_gmt":"2020-11-20T13:17:15","guid":{"rendered":"http:\/\/agora.xtec.cat\/ceipelsquatrevents\/?p=5602"},"modified":"2020-11-20T14:30:44","modified_gmt":"2020-11-20T13:30:44","slug":"concert-santa-cecilia-2020","status":"publish","type":"post","link":"https:\/\/agora.xtec.cat\/ceipelsquatrevents\/general\/concert-santa-cecilia-2020\/","title":{"rendered":"CONCERT SANTA CEC\u00cdLIA 2020"},"content":{"rendered":"<p>Enlla\u00e7os v\u00eddeos pantalla completa.<\/p>\n<p>&nbsp;<\/p>\n<div class=\"ast-oembed-container \" style=\"height: 100%;\"><iframe loading=\"lazy\" title=\"Santa ceci\u0301lia definitiu 2020\" width=\"500\" height=\"281\" src=\"https:\/\/www.youtube.com\/embed\/qjDoxvErdts?start=1268&#038;feature=oembed\" frameborder=\"0\" allow=\"accelerometer; autoplay; clipboard-write; encrypted-media; gyroscope; picture-in-picture; web-share\" referrerpolicy=\"strict-origin-when-cross-origin\" allowfullscreen><\/iframe><\/div>\n<div class=\"ast-oembed-container \" style=\"height: 100%;\"><iframe loading=\"lazy\" title=\"SANTA CECI MESTRESss\" width=\"500\" height=\"281\" src=\"https:\/\/www.youtube.com\/embed\/n0lwQyYwQ-I?start=1&#038;feature=oembed\" frameborder=\"0\" allow=\"accelerometer; autoplay; clipboard-write; encrypted-media; gyroscope; picture-in-picture; web-share\" referrerpolicy=\"strict-origin-when-cross-origin\" allowfullscreen><\/iframe><\/div>\n<p>Hola fam\u00edlies,<\/p>\n<p>El proper 22 de novembre ser\u00e0 Santa Cec\u00edlia, la patrona dels m\u00fasics i des de l\u2019escola ho hem volgut celebrar. Com que les circumst\u00e0ncies actuals fan que no ens puguem trobar tots junts al gimn\u00e0s tal i com f\u00e8iem cada any hem volgut fer arribar el concert de santa Cec\u00edlia a les aules i a les vostres cases a trav\u00e9s d\u2019aquest v\u00eddeo que us hem preparat.\u00a0 Els i les alumnes que toquen algun instrument o estudien m\u00fasica fora de l\u2019escola amb l\u2019ajuda de les seves fam\u00edlies han preparat un petit v\u00eddeo tocant una pe\u00e7a musical. Aquest any a m\u00e9s, comptem amb la participaci\u00f3 especial de tot el claustre de mestres, que amb molta il\u00b7lusi\u00f3 han preparat una pe\u00e7a de percussi\u00f3 corporal.<\/p>\n<p>Agra\u00efm a totes les fam\u00edlies, alumnes i mestres que han col\u00b7laborat i han fet possible que continuem gaudint de la m\u00fasica celebrant la diada de Santa Cec\u00edlia!<\/p>\n<p>Tot seguit us presentem el programa dels v\u00eddeos que podreu veure una mica m\u00e9s a baix.<\/p>\n<p><strong>3rA:<\/strong><\/p>\n<ul>\n<li><u>JORDI <\/u>(veu) <em>Solamente t\u00fa.<\/em><\/li>\n<\/ul>\n<p><strong>3rB<\/strong><\/p>\n<ul>\n<li><u>DANIELA<\/u> (piano) <em>L\u2019ombra seguidora<\/em><\/li>\n<li><u>URIEL<\/u> ( trompeta) <em>We will rock you<\/em><\/li>\n<\/ul>\n<p><strong>4tA i 5\u00e8A<\/strong><\/p>\n<ul>\n<li><u>ONA 4tA<\/u> (saxo) i <u>J\u00daLIA 5\u00e8 A<\/u> (clarinet<em>) Silent night <\/em><\/li>\n<\/ul>\n<p><strong>4t B<\/strong>:<\/p>\n<ul>\n<li><u>LL\u00daCIA<\/u> (clarinet), <u>JOANA <\/u>(guitarra) i <u>HUGO <\/u>(guitarra)\/<u>ENZO<\/u> (harm\u00f2nica) <em>La can\u00e7\u00f3 del sol<\/em><\/li>\n<\/ul>\n<p><em>\u00a0<\/em><strong>5\u00e8 A<\/strong><\/p>\n<ul>\n<li><u>MARIONA<\/u> (piano) <em>Loud roun<\/em><\/li>\n<li><u>PAULA<\/u> ( PIANO) <em>Para Elisa <\/em><\/li>\n<\/ul>\n<p><strong>5\u00e8 B<\/strong><\/p>\n<ul>\n<li><u>MARIA <\/u>(guitarra) <em>Frere Jacques<\/em><\/li>\n<\/ul>\n<p><strong>6\u00e8B<\/strong><\/p>\n<ul>\n<li><u>IRENE <\/u>(piano) <em>Thousand years<\/em><\/li>\n<li><u>ROGER<\/u> (trompeta) <em>Coffin dance<\/em><\/li>\n<\/ul>\n<p><strong>\u00a0<\/strong><strong>ARTISTES CONVIDATS:<\/strong><\/p>\n<ul>\n<li><u>FRAN<\/u> (piano) <em>Loyal Brave True (Mulan)<\/em><\/li>\n<li><u>MARTA <\/u>(piano) i N\u00daRIA (violoncel) <em>El cant dels ocells<\/em><\/li>\n<li><u>PABLO<\/u> (guitarra) <em>Entre dos aguas &#8220;turbias&#8221;\ud83d\ude02<\/em><\/li>\n<li><u>MIREIA <\/u>(flauta travessera) La tardor<\/li>\n<li><u>CLAUSTRE DE MESTRES (<\/u>percussi\u00f3 corporal) <em>Ludwig van Beethoven &#8220;German Dance&#8221; WoO 13, No.9.<\/em><\/li>\n<\/ul>\n<p><iframe loading=\"lazy\" src=\"https:\/\/www.youtube.com\/embed\/qjDoxvErdts\" width=\"560\" height=\"315\" frameborder=\"0\"><\/iframe><\/p>\n<p><iframe loading=\"lazy\" src=\"https:\/\/www.youtube.com\/embed\/n0lwQyYwQ-I\" width=\"560\" height=\"315\" frameborder=\"0\"><\/iframe><\/p>\n","protected":false},"excerpt":{"rendered":"<p>Enlla\u00e7os v\u00eddeos pantalla completa. &nbsp; Hola fam\u00edlies, El proper 22 de novembre ser\u00e0 Santa Cec\u00edlia, la patrona dels m\u00fasics i des de l\u2019escola ho hem volgut celebrar. Com que les circumst\u00e0ncies actuals fan que no ens puguem trobar tots junts al gimn\u00e0s tal i com f\u00e8iem cada any hem volgut fer arribar el concert de [&hellip;]<\/p>\n","protected":false},"author":1,"featured_media":5608,"comment_status":"open","ping_status":"closed","sticky":false,"template":"","format":"standard","meta":{"_bbp_topic_count":0,"_bbp_reply_count":0,"_bbp_total_topic_count":0,"_bbp_total_reply_count":0,"_bbp_voice_count":0,"_bbp_anonymous_reply_count":0,"_bbp_topic_count_hidden":0,"_bbp_reply_count_hidden":0,"_bbp_forum_subforum_count":0,"site-sidebar-layout":"default","site-content-layout":"","ast-site-content-layout":"","site-content-style":"default","site-sidebar-style":"default","ast-global-header-display":"","ast-banner-title-visibility":"","ast-main-header-display":"","ast-hfb-above-header-display":"","ast-hfb-below-header-display":"","ast-hfb-mobile-header-display":"","site-post-title":"","ast-breadcrumbs-content":"","ast-featured-img":"","footer-sml-layout":"","theme-transparent-header-meta":"","adv-header-id-meta":"","stick-header-meta":"","header-above-stick-meta":"","header-main-stick-meta":"","header-below-stick-meta":"","astra-migrate-meta-layouts":"default","ast-page-background-enabled":"default","ast-page-background-meta":{"desktop":{"background-color":"var(--ast-global-color-4)","background-image":"","background-repeat":"repeat","background-position":"center center","background-size":"auto","background-attachment":"scroll","background-type":"","background-media":"","overlay-type":"","overlay-color":"","overlay-opacity":"","overlay-gradient":""},"tablet":{"background-color":"","background-image":"","background-repeat":"repeat","background-position":"center center","background-size":"auto","background-attachment":"scroll","background-type":"","background-media":"","overlay-type":"","overlay-color":"","overlay-opacity":"","overlay-gradient":""},"mobile":{"background-color":"","background-image":"","background-repeat":"repeat","background-position":"center center","background-size":"auto","background-attachment":"scroll","background-type":"","background-media":"","overlay-type":"","overlay-color":"","overlay-opacity":"","overlay-gradient":""}},"ast-content-background-meta":{"desktop":{"background-color":"var(--ast-global-color-5)","background-image":"","background-repeat":"repeat","background-position":"center center","background-size":"auto","background-attachment":"scroll","background-type":"","background-media":"","overlay-type":"","overlay-color":"","overlay-opacity":"","overlay-gradient":""},"tablet":{"background-color":"var(--ast-global-color-5)","background-image":"","background-repeat":"repeat","background-position":"center center","background-size":"auto","background-attachment":"scroll","background-type":"","background-media":"","overlay-type":"","overlay-color":"","overlay-opacity":"","overlay-gradient":""},"mobile":{"background-color":"var(--ast-global-color-5)","background-image":"","background-repeat":"repeat","background-position":"center center","background-size":"auto","background-attachment":"scroll","background-type":"","background-media":"","overlay-type":"","overlay-color":"","overlay-opacity":"","overlay-gradient":""}},"footnotes":""},"categories":[1,113,4],"tags":[],"class_list":["post-5602","post","type-post","status-publish","format-standard","has-post-thumbnail","hentry","category-general","category-musica","category-portada"],"post_mailing_queue_ids":[],"_links":{"self":[{"href":"https:\/\/agora.xtec.cat\/ceipelsquatrevents\/wp-json\/wp\/v2\/posts\/5602","targetHints":{"allow":["GET"]}}],"collection":[{"href":"https:\/\/agora.xtec.cat\/ceipelsquatrevents\/wp-json\/wp\/v2\/posts"}],"about":[{"href":"https:\/\/agora.xtec.cat\/ceipelsquatrevents\/wp-json\/wp\/v2\/types\/post"}],"author":[{"embeddable":true,"href":"https:\/\/agora.xtec.cat\/ceipelsquatrevents\/wp-json\/wp\/v2\/users\/1"}],"replies":[{"embeddable":true,"href":"https:\/\/agora.xtec.cat\/ceipelsquatrevents\/wp-json\/wp\/v2\/comments?post=5602"}],"version-history":[{"count":3,"href":"https:\/\/agora.xtec.cat\/ceipelsquatrevents\/wp-json\/wp\/v2\/posts\/5602\/revisions"}],"predecessor-version":[{"id":5610,"href":"https:\/\/agora.xtec.cat\/ceipelsquatrevents\/wp-json\/wp\/v2\/posts\/5602\/revisions\/5610"}],"wp:featuredmedia":[{"embeddable":true,"href":"https:\/\/agora.xtec.cat\/ceipelsquatrevents\/wp-json\/wp\/v2\/media\/5608"}],"wp:attachment":[{"href":"https:\/\/agora.xtec.cat\/ceipelsquatrevents\/wp-json\/wp\/v2\/media?parent=5602"}],"wp:term":[{"taxonomy":"category","embeddable":true,"href":"https:\/\/agora.xtec.cat\/ceipelsquatrevents\/wp-json\/wp\/v2\/categories?post=5602"},{"taxonomy":"post_tag","embeddable":true,"href":"https:\/\/agora.xtec.cat\/ceipelsquatrevents\/wp-json\/wp\/v2\/tags?post=5602"}],"curies":[{"name":"wp","href":"https:\/\/api.w.org\/{rel}","templated":true}]}}