{"id":9284,"date":"2021-01-18T16:25:47","date_gmt":"2021-01-18T15:25:47","guid":{"rendered":"https:\/\/agora.xtec.cat\/ceipelspins\/?p=9284"},"modified":"2021-01-18T16:25:47","modified_gmt":"2021-01-18T15:25:47","slug":"educacio-fisica-c-m-i-cs-aquests-petits-son-molt-grans","status":"publish","type":"post","link":"https:\/\/agora.xtec.cat\/ceipelspins\/general\/educacio-fisica-c-m-i-cs-aquests-petits-son-molt-grans\/","title":{"rendered":"EDUCACI\u00d3 F\u00cdSICA C.M. I CS: &#8220;AQUESTS PETITS S\u00d3N MOLT GRANS&#8221;"},"content":{"rendered":"<p><span style=\"font-weight: 400;\">Benvingudes fam\u00edlies dels nens i les nenes de cicle mitj\u00e0 i superior de l\u2019Escola els Pins. S\u00f3c el Dani, mestre d\u2019Educaci\u00f3 F\u00edsica, i en aquest espai us presentar\u00e9, a grans trets, com estan esdevenint en aquest curs at\u00edpic les nostres classes.\u00a0<\/span><\/p>\n<p><span style=\"font-weight: 400;\">Com ja sabeu, i degut a la casu\u00edstica particular del nou curs, hem hagut d\u2019introduir alguna modificaci\u00f3 que afecta la din\u00e0mica habitual. Per tal de complir amb el protocol sanitari recomanat pel Departament de Salut, aquestes s\u2019estan portant a terme amb mascareta, per\u00f2 aprofitant tots els moments i espais possibles per treure-la i respirar, ja que les caracter\u00edstiques de la mat\u00e8ria degut a l\u2019espai ens ho permet. Aix\u00ed doncs, estem tenint molta cura amb la intensitat de les activitats, el descans i la hidrataci\u00f3, que en aquestes circumst\u00e0ncies, encara es presenten m\u00e9s indispensables. Totes les sessions s\u00f3n programades amb un m\u00ednim de dues aturades per beure aigua, prendre dist\u00e0ncia de seguretat amb els\/les companys\/es i respirar sense mascareta. A m\u00e9s, les classes sempre inclouen algun joc o situaci\u00f3 motriu que els nens poden desenvolupar amb distanciament suficient com per a qu\u00e8 es realitzi la tasca sense necessitat de portar-la posada.<\/span><\/p>\n<p><span style=\"font-weight: 400;\">Per altra banda, els h\u00e0bits saludables, i m\u00e9s concretament els higi\u00e8nics, tamb\u00e9 es porten a terme de forma diferent a altres anys, substituint la dutxa o el canvi de roba amb la higiene amb una tovallola. La neteja de mans, com a mesura imprescindible per aturar la propagaci\u00f3 d\u2019un possible virus, esdev\u00e9 a l\u2019inici i al final de la sessi\u00f3.<\/span><\/p>\n<p><span style=\"font-weight: 400;\">Per \u00faltim, el material que es fa servir est\u00e0 distribu\u00eft per a qu\u00e8 nom\u00e9s el puguin utilitzar nens\/es que pertanyen a un mateix cicle. Amb la finalitat de no trencar les mesures higi\u00e8niques mantingudes amb el grup bombolla, aquest material \u00e9s desinfectat a la finalitzaci\u00f3 de cada sessi\u00f3.\u00a0<\/span><\/p>\n<p><span style=\"font-weight: 400;\">Els alumnes i les alumnes de cicle mitj\u00e0 i superior, com era d\u2019esperar, ens estan donant tota una lli\u00e7\u00f3 d\u2019adaptaci\u00f3 a les diferents circumst\u00e0ncies. Des de l\u2019\u00e0rea d\u2019educaci\u00f3 f\u00edsica vull transmetre la satisfacci\u00f3 i l\u2019emoci\u00f3 que ens produeix, a tot l\u2019equip docent, veure l\u2019actitud de responsabilitat i de consci\u00e8ncia de comunitat que est\u00e0 demostrant el nostre alumnat. S\u00f3n un exemple per a tots, i \u00e9s que aquests petits i aquestes petits, que ja comencen a no ser-ho tant, S\u00d3N MOLT GRANS!\u00a0<\/span><\/p>\n<p><span style=\"font-weight: 400;\">A continuaci\u00f3 teniu penjat un v\u00eddeo on podreu observar tot all\u00f2 explicat anteriorment. Feu un clic i gaudiu dels vostres fills i les vostres filles!<\/span><\/p>\n<p><iframe loading=\"lazy\" title=\"EDUCACI\u00d3 F\u00cdSICA C.M. I C.S.: &quot;AQUESTS PETITS S\u00d3N MOLT GRANS&quot;\" width=\"500\" height=\"281\" src=\"https:\/\/www.youtube.com\/embed\/XLv-heo6LkQ?feature=oembed\" frameborder=\"0\" allow=\"accelerometer; autoplay; clipboard-write; encrypted-media; gyroscope; picture-in-picture; web-share\" referrerpolicy=\"strict-origin-when-cross-origin\" allowfullscreen><\/iframe><\/p>\n<p>&nbsp;<\/p>\n","protected":false},"excerpt":{"rendered":"<p>Benvingudes fam\u00edlies dels nens i les nenes de cicle mitj\u00e0 i superior de l\u2019Escola els Pins. S\u00f3c el Dani, mestre d\u2019Educaci\u00f3 F\u00edsica, i en aquest espai us presentar\u00e9, a grans trets, com estan esdevenint en aquest curs at\u00edpic les nostres classes.\u00a0<br \/>\nCom ja sabeu, i degut&hellip;  <a href=\"https:\/\/agora.xtec.cat\/ceipelspins\/general\/educacio-fisica-c-m-i-cs-aquests-petits-son-molt-grans\/\" title=\"Read EDUCACI\u00d3 F\u00cdSICA C.M. I CS: &#8220;AQUESTS PETITS S\u00d3N MOLT GRANS&#8221;\">Llegeix m\u00e9s\u00bb<\/a><\/p>\n","protected":false},"author":1,"featured_media":9285,"comment_status":"open","ping_status":"closed","sticky":false,"template":"","format":"standard","meta":{"_bbp_topic_count":0,"_bbp_reply_count":0,"_bbp_total_topic_count":0,"_bbp_total_reply_count":0,"_bbp_voice_count":0,"_bbp_anonymous_reply_count":0,"_bbp_topic_count_hidden":0,"_bbp_reply_count_hidden":0,"_bbp_forum_subforum_count":0,"footnotes":""},"categories":[12,13,141,144,1,4],"tags":[],"class_list":["post-9284","post","type-post","status-publish","format-standard","has-post-thumbnail","hentry","category-3r","category-4t","category-5e-primaria","category-6e-primaria","category-general","category-portada"],"post_mailing_queue_ids":[],"_links":{"self":[{"href":"https:\/\/agora.xtec.cat\/ceipelspins\/wp-json\/wp\/v2\/posts\/9284","targetHints":{"allow":["GET"]}}],"collection":[{"href":"https:\/\/agora.xtec.cat\/ceipelspins\/wp-json\/wp\/v2\/posts"}],"about":[{"href":"https:\/\/agora.xtec.cat\/ceipelspins\/wp-json\/wp\/v2\/types\/post"}],"author":[{"embeddable":true,"href":"https:\/\/agora.xtec.cat\/ceipelspins\/wp-json\/wp\/v2\/users\/1"}],"replies":[{"embeddable":true,"href":"https:\/\/agora.xtec.cat\/ceipelspins\/wp-json\/wp\/v2\/comments?post=9284"}],"version-history":[{"count":1,"href":"https:\/\/agora.xtec.cat\/ceipelspins\/wp-json\/wp\/v2\/posts\/9284\/revisions"}],"predecessor-version":[{"id":9286,"href":"https:\/\/agora.xtec.cat\/ceipelspins\/wp-json\/wp\/v2\/posts\/9284\/revisions\/9286"}],"wp:featuredmedia":[{"embeddable":true,"href":"https:\/\/agora.xtec.cat\/ceipelspins\/wp-json\/wp\/v2\/media\/9285"}],"wp:attachment":[{"href":"https:\/\/agora.xtec.cat\/ceipelspins\/wp-json\/wp\/v2\/media?parent=9284"}],"wp:term":[{"taxonomy":"category","embeddable":true,"href":"https:\/\/agora.xtec.cat\/ceipelspins\/wp-json\/wp\/v2\/categories?post=9284"},{"taxonomy":"post_tag","embeddable":true,"href":"https:\/\/agora.xtec.cat\/ceipelspins\/wp-json\/wp\/v2\/tags?post=9284"}],"curies":[{"name":"wp","href":"https:\/\/api.w.org\/{rel}","templated":true}]}}