{"id":23228,"date":"2025-02-28T17:29:11","date_gmt":"2025-02-28T16:29:11","guid":{"rendered":"https:\/\/agora.xtec.cat\/ceipelspins\/?p=23228"},"modified":"2025-02-28T17:30:08","modified_gmt":"2025-02-28T16:30:08","slug":"3rb-dia-mundia-l-de-les-malalties-minoritaries","status":"publish","type":"post","link":"https:\/\/agora.xtec.cat\/ceipelspins\/general\/3rb-dia-mundia-l-de-les-malalties-minoritaries\/","title":{"rendered":"3rB: DIA MUNDIA L DE LES MALALTIES MINORIT\u00c0RIES"},"content":{"rendered":"<p data-pm-slice=\"1 1 []\">Avui 28 de febrer se celebra el <strong>DIA MUNDIAL DE LES MALALTIES MINORIT\u00c0RIES<\/strong>.<\/p>\n<p>Avui, l&#8217;\u00cdndia ha sigut molt generosa i ha volgut compartir amb tota la classe de les <strong>Hist\u00f2ries de por,<\/strong> quina \u00e9s la seva malaltia i qu\u00e8 li comporta. Tamb\u00e9 ens ha fet veure la gran sort que tenim de tenir recursos i un entorn privilegiat que l&#8217;ajuden a poder viure amb la m\u00e0xima normalitat.<\/p>\n<p>Tamb\u00e9 ens ha mostrat i hem llegit un llibre molt especial que ajuda als nens i nenes a entendre qu\u00e8 \u00e9s la HIPERPL\u00c0SIA SUPRARENAL CONG\u00c8NITA. Ha sigut molt emotiu i emocionant, i hem pogut compartir entre nosaltres quins s\u00f3n els nostres desitjos guardats en les nostres capsetes.<\/p>\n<p>GR\u00c0CIES PER LA TEVA GENEROSITAT \u00cdNDIA!<\/p>\n<p>Cliqueu a la imatge per accedir a les fotografies.<\/p>\n<p><a href=\"https:\/\/drive.google.com\/drive\/folders\/1AItZgoVu5G_RVL2t9pRGtHKctpTsBz_5?usp=sharing\"><img loading=\"lazy\" decoding=\"async\" class=\"aligncenter size-full wp-image-23229\" src=\"https:\/\/agora.xtec.cat\/ceipelspins\/wp-content\/uploads\/usu319\/2025\/02\/baixa.png\" alt=\"\" width=\"225\" height=\"225\" srcset=\"https:\/\/agora.xtec.cat\/ceipelspins\/wp-content\/uploads\/usu319\/2025\/02\/baixa.png 225w, https:\/\/agora.xtec.cat\/ceipelspins\/wp-content\/uploads\/usu319\/2025\/02\/baixa-150x150.png 150w\" sizes=\"auto, (max-width: 225px) 100vw, 225px\" \/><\/a><\/p>\n","protected":false},"excerpt":{"rendered":"<p>Avui 28 de febrer se celebra el DIA MUNDIAL DE LES MALALTIES MINORIT\u00c0RIES.<br \/>\nAvui, l&#8217;\u00cdndia ha sigut molt generosa i ha volgut compartir amb tota la classe de les Hist\u00f2ries de por, quina \u00e9s la seva malaltia i qu\u00e8 li comporta. Tamb\u00e9 ens ha fet veure&hellip;  <a href=\"https:\/\/agora.xtec.cat\/ceipelspins\/general\/3rb-dia-mundia-l-de-les-malalties-minoritaries\/\" title=\"Read 3rB: DIA MUNDIA L DE LES MALALTIES MINORIT\u00c0RIES\">Llegeix m\u00e9s\u00bb<\/a><\/p>\n","protected":false},"author":1,"featured_media":23229,"comment_status":"open","ping_status":"closed","sticky":false,"template":"","format":"standard","meta":{"_bbp_topic_count":0,"_bbp_reply_count":0,"_bbp_total_topic_count":0,"_bbp_total_reply_count":0,"_bbp_voice_count":0,"_bbp_anonymous_reply_count":0,"_bbp_topic_count_hidden":0,"_bbp_reply_count_hidden":0,"_bbp_forum_subforum_count":0,"footnotes":""},"categories":[12,1,4,5],"tags":[],"class_list":["post-23228","post","type-post","status-publish","format-standard","has-post-thumbnail","hentry","category-3r","category-general","category-portada","category-primaria"],"post_mailing_queue_ids":[],"_links":{"self":[{"href":"https:\/\/agora.xtec.cat\/ceipelspins\/wp-json\/wp\/v2\/posts\/23228","targetHints":{"allow":["GET"]}}],"collection":[{"href":"https:\/\/agora.xtec.cat\/ceipelspins\/wp-json\/wp\/v2\/posts"}],"about":[{"href":"https:\/\/agora.xtec.cat\/ceipelspins\/wp-json\/wp\/v2\/types\/post"}],"author":[{"embeddable":true,"href":"https:\/\/agora.xtec.cat\/ceipelspins\/wp-json\/wp\/v2\/users\/1"}],"replies":[{"embeddable":true,"href":"https:\/\/agora.xtec.cat\/ceipelspins\/wp-json\/wp\/v2\/comments?post=23228"}],"version-history":[{"count":2,"href":"https:\/\/agora.xtec.cat\/ceipelspins\/wp-json\/wp\/v2\/posts\/23228\/revisions"}],"predecessor-version":[{"id":23231,"href":"https:\/\/agora.xtec.cat\/ceipelspins\/wp-json\/wp\/v2\/posts\/23228\/revisions\/23231"}],"wp:featuredmedia":[{"embeddable":true,"href":"https:\/\/agora.xtec.cat\/ceipelspins\/wp-json\/wp\/v2\/media\/23229"}],"wp:attachment":[{"href":"https:\/\/agora.xtec.cat\/ceipelspins\/wp-json\/wp\/v2\/media?parent=23228"}],"wp:term":[{"taxonomy":"category","embeddable":true,"href":"https:\/\/agora.xtec.cat\/ceipelspins\/wp-json\/wp\/v2\/categories?post=23228"},{"taxonomy":"post_tag","embeddable":true,"href":"https:\/\/agora.xtec.cat\/ceipelspins\/wp-json\/wp\/v2\/tags?post=23228"}],"curies":[{"name":"wp","href":"https:\/\/api.w.org\/{rel}","templated":true}]}}