{"id":21672,"date":"2024-10-29T18:00:49","date_gmt":"2024-10-29T17:00:49","guid":{"rendered":"https:\/\/agora.xtec.cat\/ceipelspins\/?p=21672"},"modified":"2024-10-28T16:35:25","modified_gmt":"2024-10-28T15:35:25","slug":"2n-la-verema-caves-miquel-jane","status":"publish","type":"post","link":"https:\/\/agora.xtec.cat\/ceipelspins\/general\/2n-la-verema-caves-miquel-jane\/","title":{"rendered":"2n: LA VEREMA CAVES MIQUEL JAN\u00c9"},"content":{"rendered":"<p>Hola fam\u00edlies del Circ i dels Jocs Ol\u00edmpics dels dracs i les dragones!<\/p>\n<p><span style=\"font-weight: 400;\">Avui dimarts <span style=\"color: #ff6600;\"><strong>29<span style=\"color: #ff6600;\">\u00a0<\/span>d\u2019octubre<\/strong><\/span> hem visitat les <strong><span style=\"color: #339966;\">Caves Miquel Jan\u00e9<\/span><\/strong> a <span style=\"color: #ff00ff;\"><strong>Guardiola de Font-Rub\u00ed<\/strong><\/span> per tal de realitzar l\u2019activitat de la Verema.<\/span><\/p>\n<p>La Bodega Miquel Jan\u00e9 t\u00e9 les seves arrels a la uni\u00f3 de dos cosins, Antonio Jan\u00e9 Formosa i Josefa Pascual Formosa, a finals del segle XIX. Al llarg de quatre generacions, la fam\u00edlia, ha cultivat vinyes a l&#8217;Alt Pened\u00e8s, superant desafiaments com la guerra civil i portant la passi\u00f3 pel vi m\u00e9s enll\u00e0 de les fronteres.<\/p>\n<p>L&#8217;activitat &#8220;La verema&#8221; \u00e9s una activitat per con\u00e8ixer i descobrir la tradici\u00f3 que envolta el m\u00f3n de la vinya, el ra\u00efm i el vi. Aquesta sortida ha constat de quatre espais rotatius: Visita al Celler, trepitjada del ra\u00efm, ludoteca vin\u00edcola i passejada per les vinyes. Aquesta sortida ha perm\u00e8s a l&#8217;alumnat descobrir el m\u00f3n de la vinya i el vi d&#8217;una manera adaptada a la seva edat.<\/p>\n<p>Una vegada hem arribat, els monitors han presentat les activitats i l&#8217;entorn i despr\u00e9s d&#8217;esmorzar a l&#8217;aire lliure, l&#8217;alumnat ha participat en: 1.la ludoteca vin\u00edcola, amb jocs did\u00e0ctics sobre el cicle de la vinya, 2.la trepitjada del ra\u00efm, una activitat tradicional i divertida, i 3.la visita al celler, on vam veure de prop el proc\u00e9s de l&#8217;elaboraci\u00f3 del vi. Despr\u00e9s de dinar, hem passejat per les vinyes, on hem pogut observar la natura i aprendre sobre el cultiu sostenible. El dia ha acabat amb una reflexi\u00f3 conjunta sobre les experi\u00e8ncies viscudes.<\/p>\n<p>L&#8217;objectiu d&#8217;aquesta activitat ha estat la de transmetre la import\u00e0ncia de les feines del camp de tota la vida, i promoure l&#8217;inter\u00e8s per les tradicions i la cultura tant rica que, per sort, tenim al territori. A trav\u00e9s d&#8217;activitats experimentals i d&#8217;observaci\u00f3 directa en el medi, hem gaudit d&#8217;una jornada vin\u00edcola ben entretinguda!<\/p>\n<p><span style=\"font-weight: 400;\">\u201cEl setembre \u00e9s veremador i es fa vi, el bo i millor\u201d<\/span><\/p>\n<p>Cliqueu a la foto per veure totes les imatges del dia d&#8217;avui!<\/p>\n<p><a href=\"https:\/\/drive.google.com\/drive\/folders\/1OwH6dlKtV4XmlwsIjCIM-oDKfmaKyuZq?usp=sharing\"><img loading=\"lazy\" decoding=\"async\" class=\"aligncenter wp-image-21675\" src=\"https:\/\/agora.xtec.cat\/ceipelspins\/wp-content\/uploads\/usu319\/2024\/10\/2.jpg\" alt=\"\" width=\"512\" height=\"288\" srcset=\"https:\/\/agora.xtec.cat\/ceipelspins\/wp-content\/uploads\/usu319\/2024\/10\/2.jpg 1920w, https:\/\/agora.xtec.cat\/ceipelspins\/wp-content\/uploads\/usu319\/2024\/10\/2-300x169.jpg 300w, https:\/\/agora.xtec.cat\/ceipelspins\/wp-content\/uploads\/usu319\/2024\/10\/2-1024x576.jpg 1024w, https:\/\/agora.xtec.cat\/ceipelspins\/wp-content\/uploads\/usu319\/2024\/10\/2-768x432.jpg 768w, https:\/\/agora.xtec.cat\/ceipelspins\/wp-content\/uploads\/usu319\/2024\/10\/2-1536x864.jpg 1536w\" sizes=\"auto, (max-width: 512px) 100vw, 512px\" \/><\/a><\/p>\n","protected":false},"excerpt":{"rendered":"<p>Hola fam\u00edlies del Circ i dels Jocs Ol\u00edmpics dels dracs i les dragones!<br \/>\nAvui dimarts 29\u00a0d\u2019octubre hem visitat les Caves Miquel Jan\u00e9 a Guardiola de Font-Rub\u00ed per tal de realitzar l\u2019activitat de la Verema.<br \/>\nLa Bodega Miquel Jan\u00e9 t\u00e9 les seves arrels a la uni\u00f3 de dos&hellip;  <a href=\"https:\/\/agora.xtec.cat\/ceipelspins\/general\/2n-la-verema-caves-miquel-jane\/\" title=\"Read 2n: LA VEREMA CAVES MIQUEL JAN\u00c9\">Llegeix m\u00e9s\u00bb<\/a><\/p>\n","protected":false},"author":1,"featured_media":21674,"comment_status":"open","ping_status":"closed","sticky":false,"template":"","format":"standard","meta":{"_bbp_topic_count":0,"_bbp_reply_count":0,"_bbp_total_topic_count":0,"_bbp_total_reply_count":0,"_bbp_voice_count":0,"_bbp_anonymous_reply_count":0,"_bbp_topic_count_hidden":0,"_bbp_reply_count_hidden":0,"_bbp_forum_subforum_count":0,"footnotes":""},"categories":[11,1,4,5],"tags":[],"class_list":["post-21672","post","type-post","status-publish","format-standard","has-post-thumbnail","hentry","category-2n","category-general","category-portada","category-primaria"],"post_mailing_queue_ids":[],"_links":{"self":[{"href":"https:\/\/agora.xtec.cat\/ceipelspins\/wp-json\/wp\/v2\/posts\/21672","targetHints":{"allow":["GET"]}}],"collection":[{"href":"https:\/\/agora.xtec.cat\/ceipelspins\/wp-json\/wp\/v2\/posts"}],"about":[{"href":"https:\/\/agora.xtec.cat\/ceipelspins\/wp-json\/wp\/v2\/types\/post"}],"author":[{"embeddable":true,"href":"https:\/\/agora.xtec.cat\/ceipelspins\/wp-json\/wp\/v2\/users\/1"}],"replies":[{"embeddable":true,"href":"https:\/\/agora.xtec.cat\/ceipelspins\/wp-json\/wp\/v2\/comments?post=21672"}],"version-history":[{"count":6,"href":"https:\/\/agora.xtec.cat\/ceipelspins\/wp-json\/wp\/v2\/posts\/21672\/revisions"}],"predecessor-version":[{"id":21924,"href":"https:\/\/agora.xtec.cat\/ceipelspins\/wp-json\/wp\/v2\/posts\/21672\/revisions\/21924"}],"wp:featuredmedia":[{"embeddable":true,"href":"https:\/\/agora.xtec.cat\/ceipelspins\/wp-json\/wp\/v2\/media\/21674"}],"wp:attachment":[{"href":"https:\/\/agora.xtec.cat\/ceipelspins\/wp-json\/wp\/v2\/media?parent=21672"}],"wp:term":[{"taxonomy":"category","embeddable":true,"href":"https:\/\/agora.xtec.cat\/ceipelspins\/wp-json\/wp\/v2\/categories?post=21672"},{"taxonomy":"post_tag","embeddable":true,"href":"https:\/\/agora.xtec.cat\/ceipelspins\/wp-json\/wp\/v2\/tags?post=21672"}],"curies":[{"name":"wp","href":"https:\/\/api.w.org\/{rel}","templated":true}]}}