{"id":17725,"date":"2023-04-19T08:30:43","date_gmt":"2023-04-19T06:30:43","guid":{"rendered":"https:\/\/agora.xtec.cat\/ceipelspins\/?p=17725"},"modified":"2023-04-21T13:28:48","modified_gmt":"2023-04-21T11:28:48","slug":"5e-taller-de-la-pau-la-nur-i-en-llorenc","status":"publish","type":"post","link":"https:\/\/agora.xtec.cat\/ceipelspins\/general\/5e-taller-de-la-pau-la-nur-i-en-llorenc\/","title":{"rendered":"5\u00e8: TALLER DE LA PAU &#8220;LA NUR I EN LLOREN\u00c7&#8221;"},"content":{"rendered":"<p>Els Recicladors i les Recicladores de la natura i els Ecol\u00f2gics i les Ecol\u00f2giques, hem gaudit d\u2019un taller molt especial on en Ferran, el dinamitzador de l\u2019activitat, ens ha fet treballar sobre les emocions i l\u2019expressi\u00f3 pl\u00e0stica. Mitjan\u00e7ant l&#8217;experi\u00e8ncia viscuda per la Nur i en Lloren\u00e7, uns infants que busquen un pa\u00eds en pau, hem pogut con\u00e8ixer de manera emp\u00e0tica la situaci\u00f3 d\u2019altres infants que s\u2019han hagut d\u2019exiliar i refugiar en altres pa\u00efsos. Al final, hem dissenyat un llibre d\u2019artista magn\u00edfic i ple de simbolisme.<\/p>\n<p>Us compartim les imatges i\/o v\u00eddeos per a fer-vos arribar l\u2019experi\u00e8ncia!<\/p>\n<p>Moltes gr\u00e0cies Ferran!<\/p>\n<p><a href=\"https:\/\/drive.google.com\/drive\/folders\/1-T-lpoy-akGaVx22hYzMxDNBtE9AkEl3?usp=share_link\"><img loading=\"lazy\" decoding=\"async\" class=\"aligncenter wp-image-17726\" src=\"https:\/\/agora.xtec.cat\/ceipelspins\/wp-content\/uploads\/usu319\/2023\/04\/TALLER-DE-LA-PAU-1024x819.jpg\" alt=\"\" width=\"307\" height=\"245\" srcset=\"https:\/\/agora.xtec.cat\/ceipelspins\/wp-content\/uploads\/usu319\/2023\/04\/TALLER-DE-LA-PAU-1024x819.jpg 1024w, https:\/\/agora.xtec.cat\/ceipelspins\/wp-content\/uploads\/usu319\/2023\/04\/TALLER-DE-LA-PAU-300x240.jpg 300w, https:\/\/agora.xtec.cat\/ceipelspins\/wp-content\/uploads\/usu319\/2023\/04\/TALLER-DE-LA-PAU-768x614.jpg 768w, https:\/\/agora.xtec.cat\/ceipelspins\/wp-content\/uploads\/usu319\/2023\/04\/TALLER-DE-LA-PAU-1536x1229.jpg 1536w, https:\/\/agora.xtec.cat\/ceipelspins\/wp-content\/uploads\/usu319\/2023\/04\/TALLER-DE-LA-PAU.jpg 2000w\" sizes=\"auto, (max-width: 307px) 100vw, 307px\" \/><\/a><\/p>\n","protected":false},"excerpt":{"rendered":"<p>Els Recicladors i les Recicladores de la natura i els Ecol\u00f2gics i les Ecol\u00f2giques, hem gaudit d\u2019un taller molt especial on en Ferran, el dinamitzador de l\u2019activitat, ens ha fet treballar sobre les emocions i l\u2019expressi\u00f3 pl\u00e0stica. Mitjan\u00e7ant l&#8217;experi\u00e8ncia viscuda per la Nur i en&hellip;  <a href=\"https:\/\/agora.xtec.cat\/ceipelspins\/general\/5e-taller-de-la-pau-la-nur-i-en-llorenc\/\" title=\"Read 5\u00e8: TALLER DE LA PAU &#8220;LA NUR I EN LLOREN\u00c7&#8221;\">Llegeix m\u00e9s\u00bb<\/a><\/p>\n","protected":false},"author":1,"featured_media":17726,"comment_status":"open","ping_status":"closed","sticky":false,"template":"","format":"standard","meta":{"_bbp_topic_count":0,"_bbp_reply_count":0,"_bbp_total_topic_count":0,"_bbp_total_reply_count":0,"_bbp_voice_count":0,"_bbp_anonymous_reply_count":0,"_bbp_topic_count_hidden":0,"_bbp_reply_count_hidden":0,"_bbp_forum_subforum_count":0,"footnotes":""},"categories":[141,1,4,5],"tags":[],"class_list":["post-17725","post","type-post","status-publish","format-standard","has-post-thumbnail","hentry","category-5e-primaria","category-general","category-portada","category-primaria"],"post_mailing_queue_ids":[],"_links":{"self":[{"href":"https:\/\/agora.xtec.cat\/ceipelspins\/wp-json\/wp\/v2\/posts\/17725","targetHints":{"allow":["GET"]}}],"collection":[{"href":"https:\/\/agora.xtec.cat\/ceipelspins\/wp-json\/wp\/v2\/posts"}],"about":[{"href":"https:\/\/agora.xtec.cat\/ceipelspins\/wp-json\/wp\/v2\/types\/post"}],"author":[{"embeddable":true,"href":"https:\/\/agora.xtec.cat\/ceipelspins\/wp-json\/wp\/v2\/users\/1"}],"replies":[{"embeddable":true,"href":"https:\/\/agora.xtec.cat\/ceipelspins\/wp-json\/wp\/v2\/comments?post=17725"}],"version-history":[{"count":2,"href":"https:\/\/agora.xtec.cat\/ceipelspins\/wp-json\/wp\/v2\/posts\/17725\/revisions"}],"predecessor-version":[{"id":17728,"href":"https:\/\/agora.xtec.cat\/ceipelspins\/wp-json\/wp\/v2\/posts\/17725\/revisions\/17728"}],"wp:featuredmedia":[{"embeddable":true,"href":"https:\/\/agora.xtec.cat\/ceipelspins\/wp-json\/wp\/v2\/media\/17726"}],"wp:attachment":[{"href":"https:\/\/agora.xtec.cat\/ceipelspins\/wp-json\/wp\/v2\/media?parent=17725"}],"wp:term":[{"taxonomy":"category","embeddable":true,"href":"https:\/\/agora.xtec.cat\/ceipelspins\/wp-json\/wp\/v2\/categories?post=17725"},{"taxonomy":"post_tag","embeddable":true,"href":"https:\/\/agora.xtec.cat\/ceipelspins\/wp-json\/wp\/v2\/tags?post=17725"}],"curies":[{"name":"wp","href":"https:\/\/api.w.org\/{rel}","templated":true}]}}