{"id":17116,"date":"2023-03-03T15:38:01","date_gmt":"2023-03-03T14:38:01","guid":{"rendered":"https:\/\/agora.xtec.cat\/ceipelspins\/?p=17116"},"modified":"2023-03-03T18:40:44","modified_gmt":"2023-03-03T17:40:44","slug":"6e-visitem-els-instituts-esteve-terrades-i-francesc-macia","status":"publish","type":"post","link":"https:\/\/agora.xtec.cat\/ceipelspins\/general\/6e-visitem-els-instituts-esteve-terrades-i-francesc-macia\/","title":{"rendered":"6\u00e8. VISITEM ELS INSTITUTS ESTEVE TERRADES I FRANCESC MACI\u00c0"},"content":{"rendered":"<p>Els i les alumnes de sis\u00e8 de prim\u00e0ria han visitat l&#8217;Institut Esteve Terradas i l&#8217;Institut Francesc Maci\u00e0 a mode de jornada de portes obertes.<\/p>\n<p>Gr\u00e0cies a la participaci\u00f3 d&#8217;alguns dels antics alumnes de l&#8217;escola Els Pins que actualment cursen l&#8217;ESO en aquests instituts i, als docents d&#8217;aquests, han pogut con\u00e8ixer en primera persona els espais principals i la metodologia general a primer de la ESO. Tamb\u00e9, han resolt molts dels seus dubtes com, per exemple: L&#8217;horari de les classes, mat\u00e8ries, professorat per mat\u00e8ries, optatives, projectes, col\u00f2nies&#8230; Ha estat molt significatiu per als alumnes de 6\u00e8 tornar a veure als seus antics companys de l&#8217;escola i que els hi facin aquest primer apropament al pas a l&#8217;institut!<\/p>\n<p>A continuaci\u00f3, us adjuntem un recull de fotos d&#8217;aquesta experi\u00e8ncia.<\/p>\n<p>Tutores de sis\u00e8<\/p>\n<p><a href=\"https:\/\/www.canva.com\/design\/DAFcIEvPXzU\/xbJ-60sAMRl9_e6fH8pjIw\/view?utm_content=DAFcIEvPXzU&amp;utm_campaign=designshare&amp;utm_medium=link2&amp;utm_source=sharebutton\"><img loading=\"lazy\" decoding=\"async\" class=\"size-medium wp-image-17132 alignleft\" src=\"https:\/\/agora.xtec.cat\/ceipelspins\/wp-content\/uploads\/usu319\/2023\/03\/Diseno-sin-titulo-4-300x300.png\" alt=\"\" width=\"300\" height=\"300\" srcset=\"https:\/\/agora.xtec.cat\/ceipelspins\/wp-content\/uploads\/usu319\/2023\/03\/Diseno-sin-titulo-4-300x300.png 300w, https:\/\/agora.xtec.cat\/ceipelspins\/wp-content\/uploads\/usu319\/2023\/03\/Diseno-sin-titulo-4-150x150.png 150w, https:\/\/agora.xtec.cat\/ceipelspins\/wp-content\/uploads\/usu319\/2023\/03\/Diseno-sin-titulo-4.png 320w\" sizes=\"auto, (max-width: 300px) 100vw, 300px\" \/><\/a><\/p>\n","protected":false},"excerpt":{"rendered":"<p>Els i les alumnes de sis\u00e8 de prim\u00e0ria han visitat l&#8217;Institut Esteve Terradas i l&#8217;Institut Francesc Maci\u00e0 a mode de jornada de portes obertes.<br \/>\nGr\u00e0cies a la participaci\u00f3 d&#8217;alguns dels antics alumnes de l&#8217;escola Els Pins que actualment cursen l&#8217;ESO en aquests instituts i, als docents&hellip;  <a href=\"https:\/\/agora.xtec.cat\/ceipelspins\/general\/6e-visitem-els-instituts-esteve-terrades-i-francesc-macia\/\" title=\"Read 6\u00e8. VISITEM ELS INSTITUTS ESTEVE TERRADES I FRANCESC MACI\u00c0\">Llegeix m\u00e9s\u00bb<\/a><\/p>\n","protected":false},"author":1,"featured_media":17154,"comment_status":"open","ping_status":"closed","sticky":false,"template":"","format":"standard","meta":{"_bbp_topic_count":0,"_bbp_reply_count":0,"_bbp_total_topic_count":0,"_bbp_total_reply_count":0,"_bbp_voice_count":0,"_bbp_anonymous_reply_count":0,"_bbp_topic_count_hidden":0,"_bbp_reply_count_hidden":0,"_bbp_forum_subforum_count":0,"footnotes":""},"categories":[1,4],"tags":[],"class_list":["post-17116","post","type-post","status-publish","format-standard","has-post-thumbnail","hentry","category-general","category-portada"],"post_mailing_queue_ids":[],"_links":{"self":[{"href":"https:\/\/agora.xtec.cat\/ceipelspins\/wp-json\/wp\/v2\/posts\/17116","targetHints":{"allow":["GET"]}}],"collection":[{"href":"https:\/\/agora.xtec.cat\/ceipelspins\/wp-json\/wp\/v2\/posts"}],"about":[{"href":"https:\/\/agora.xtec.cat\/ceipelspins\/wp-json\/wp\/v2\/types\/post"}],"author":[{"embeddable":true,"href":"https:\/\/agora.xtec.cat\/ceipelspins\/wp-json\/wp\/v2\/users\/1"}],"replies":[{"embeddable":true,"href":"https:\/\/agora.xtec.cat\/ceipelspins\/wp-json\/wp\/v2\/comments?post=17116"}],"version-history":[{"count":3,"href":"https:\/\/agora.xtec.cat\/ceipelspins\/wp-json\/wp\/v2\/posts\/17116\/revisions"}],"predecessor-version":[{"id":17212,"href":"https:\/\/agora.xtec.cat\/ceipelspins\/wp-json\/wp\/v2\/posts\/17116\/revisions\/17212"}],"wp:featuredmedia":[{"embeddable":true,"href":"https:\/\/agora.xtec.cat\/ceipelspins\/wp-json\/wp\/v2\/media\/17154"}],"wp:attachment":[{"href":"https:\/\/agora.xtec.cat\/ceipelspins\/wp-json\/wp\/v2\/media?parent=17116"}],"wp:term":[{"taxonomy":"category","embeddable":true,"href":"https:\/\/agora.xtec.cat\/ceipelspins\/wp-json\/wp\/v2\/categories?post=17116"},{"taxonomy":"post_tag","embeddable":true,"href":"https:\/\/agora.xtec.cat\/ceipelspins\/wp-json\/wp\/v2\/tags?post=17116"}],"curies":[{"name":"wp","href":"https:\/\/api.w.org\/{rel}","templated":true}]}}