{"id":16689,"date":"2023-02-08T13:11:23","date_gmt":"2023-02-08T12:11:23","guid":{"rendered":"https:\/\/agora.xtec.cat\/ceipelspins\/?p=16689"},"modified":"2023-02-08T13:11:23","modified_gmt":"2023-02-08T12:11:23","slug":"5e-visita-al-museu-dhistoria-de-catalunya-2","status":"publish","type":"post","link":"https:\/\/agora.xtec.cat\/ceipelspins\/general\/5e-visita-al-museu-dhistoria-de-catalunya-2\/","title":{"rendered":"5\u00e8: VISITA AL MUSEU D&#8217;HIST\u00d2RIA DE CATALUNYA"},"content":{"rendered":"<p>Els Recicladors i Recicladores de la natura i Els Ecol\u00f2gics i les ecol\u00f2giques hem aterrat avui, dia 8 de febrer, al <strong>Museu d\u2019Hist\u00f2ria de Catalunya<\/strong>, a Barcelona.<\/p>\n<p>Durant la visita, ens hem apropat a con\u00e8ixer l\u2019estil de vida de l\u2019<strong>Edat Moderna<\/strong>, la seg\u00fcent etapa hist\u00f2rica que treballarem a l\u2019aula. Reis, virreis, camperols, nobles i bandolers han estat alguns dels protagonistes, en els que ens hem convertit alguns de nosaltres. Hem pogut comprendre aix\u00ed els canvis entre l&#8217;Edat Mitjana i aquesta nova etapa, i saber com hem anat evolucionant amb el pas del temps.<\/p>\n<p>Recordeu clicar a la imatge per accedir a la carpeta de fotografies. Moltes gr\u00e0cies!<\/p>\n<p><a href=\"https:\/\/drive.google.com\/drive\/folders\/1EKz-6s5aPzc_poAn1Qw_X0s6mCXbESRy?usp=share_link\"><img loading=\"lazy\" decoding=\"async\" class=\"wp-image-16691 aligncenter\" src=\"https:\/\/agora.xtec.cat\/ceipelspins\/wp-content\/uploads\/usu319\/2023\/02\/MHCat-1024x819.jpg\" alt=\"\" width=\"403\" height=\"322\" srcset=\"https:\/\/agora.xtec.cat\/ceipelspins\/wp-content\/uploads\/usu319\/2023\/02\/MHCat-1024x819.jpg 1024w, https:\/\/agora.xtec.cat\/ceipelspins\/wp-content\/uploads\/usu319\/2023\/02\/MHCat-300x240.jpg 300w, https:\/\/agora.xtec.cat\/ceipelspins\/wp-content\/uploads\/usu319\/2023\/02\/MHCat-768x614.jpg 768w, https:\/\/agora.xtec.cat\/ceipelspins\/wp-content\/uploads\/usu319\/2023\/02\/MHCat-1536x1229.jpg 1536w, https:\/\/agora.xtec.cat\/ceipelspins\/wp-content\/uploads\/usu319\/2023\/02\/MHCat.jpg 2000w\" sizes=\"auto, (max-width: 403px) 100vw, 403px\" \/><\/a><\/p>\n<p>&nbsp;<\/p>\n","protected":false},"excerpt":{"rendered":"<p>Els Recicladors i Recicladores de la natura i Els Ecol\u00f2gics i les ecol\u00f2giques hem aterrat avui, dia 8 de febrer, al Museu d\u2019Hist\u00f2ria de Catalunya, a Barcelona.<br \/>\nDurant la visita, ens hem apropat a con\u00e8ixer l\u2019estil de vida de l\u2019Edat Moderna, la seg\u00fcent etapa hist\u00f2rica que&hellip;  <a href=\"https:\/\/agora.xtec.cat\/ceipelspins\/general\/5e-visita-al-museu-dhistoria-de-catalunya-2\/\" title=\"Read 5\u00e8: VISITA AL MUSEU D&#8217;HIST\u00d2RIA DE CATALUNYA\">Llegeix m\u00e9s\u00bb<\/a><\/p>\n","protected":false},"author":1,"featured_media":16691,"comment_status":"open","ping_status":"closed","sticky":false,"template":"","format":"standard","meta":{"_bbp_topic_count":0,"_bbp_reply_count":0,"_bbp_total_topic_count":0,"_bbp_total_reply_count":0,"_bbp_voice_count":0,"_bbp_anonymous_reply_count":0,"_bbp_topic_count_hidden":0,"_bbp_reply_count_hidden":0,"_bbp_forum_subforum_count":0,"footnotes":""},"categories":[141,1,4,5],"tags":[],"class_list":["post-16689","post","type-post","status-publish","format-standard","has-post-thumbnail","hentry","category-5e-primaria","category-general","category-portada","category-primaria"],"post_mailing_queue_ids":[],"_links":{"self":[{"href":"https:\/\/agora.xtec.cat\/ceipelspins\/wp-json\/wp\/v2\/posts\/16689","targetHints":{"allow":["GET"]}}],"collection":[{"href":"https:\/\/agora.xtec.cat\/ceipelspins\/wp-json\/wp\/v2\/posts"}],"about":[{"href":"https:\/\/agora.xtec.cat\/ceipelspins\/wp-json\/wp\/v2\/types\/post"}],"author":[{"embeddable":true,"href":"https:\/\/agora.xtec.cat\/ceipelspins\/wp-json\/wp\/v2\/users\/1"}],"replies":[{"embeddable":true,"href":"https:\/\/agora.xtec.cat\/ceipelspins\/wp-json\/wp\/v2\/comments?post=16689"}],"version-history":[{"count":3,"href":"https:\/\/agora.xtec.cat\/ceipelspins\/wp-json\/wp\/v2\/posts\/16689\/revisions"}],"predecessor-version":[{"id":16693,"href":"https:\/\/agora.xtec.cat\/ceipelspins\/wp-json\/wp\/v2\/posts\/16689\/revisions\/16693"}],"wp:featuredmedia":[{"embeddable":true,"href":"https:\/\/agora.xtec.cat\/ceipelspins\/wp-json\/wp\/v2\/media\/16691"}],"wp:attachment":[{"href":"https:\/\/agora.xtec.cat\/ceipelspins\/wp-json\/wp\/v2\/media?parent=16689"}],"wp:term":[{"taxonomy":"category","embeddable":true,"href":"https:\/\/agora.xtec.cat\/ceipelspins\/wp-json\/wp\/v2\/categories?post=16689"},{"taxonomy":"post_tag","embeddable":true,"href":"https:\/\/agora.xtec.cat\/ceipelspins\/wp-json\/wp\/v2\/tags?post=16689"}],"curies":[{"name":"wp","href":"https:\/\/api.w.org\/{rel}","templated":true}]}}