{"id":16208,"date":"2022-12-21T20:22:48","date_gmt":"2022-12-21T19:22:48","guid":{"rendered":"https:\/\/agora.xtec.cat\/ceipelspins\/?p=16208"},"modified":"2022-12-21T20:22:48","modified_gmt":"2022-12-21T19:22:48","slug":"cs-ja-ha-arribat-el-nadal-al-cicle-superior","status":"publish","type":"post","link":"https:\/\/agora.xtec.cat\/ceipelspins\/general\/cs-ja-ha-arribat-el-nadal-al-cicle-superior\/","title":{"rendered":"CS: JA HA ARRIBAT EL NADAL AL CICLE SUPERIOR"},"content":{"rendered":"<p>L&#8217;alumnat del cicle superior hem dut a terme diverses activitats relacionades amb la festivitat de Nadal i l&#8217;\u00e8poca en qu\u00e8 ens trobem. Hem decorat el nostre <strong>PASSAD\u00cdS<\/strong>, hem elaborat el detallet per a l&#8217;<strong>AMIC INVISIBLE<\/strong> i, finalment, hem dissenyat unes <strong>POSTALS<\/strong> maqu\u00edssimes que hem pogut intercanviar amb els nens i nenes d&#8217;I3 i 1r. Ens ho hem passat d&#8217;all\u00f2 m\u00e9s b\u00e9!!<\/p>\n<p>Tamb\u00e9 hem pogut gaudir del <strong>VALOR DE NADAL<\/strong> que sempre treballem des de l&#8217;escola i que es relacionar\u00e0 amb la Setmana Cultural. Enguany&#8230;, titulat &#8220;<strong>A RITME DE BATEC<\/strong>&#8220;.<\/p>\n<p>Recordeu clicar la imatge del vostre curs per accedir als reportatges gr\u00e0fics de cada nivell.<\/p>\n<p>Moltes gr\u00e0cies i molt bones festes per a tots i totes!<\/p>\n<p><a href=\"https:\/\/drive.google.com\/drive\/u\/2\/folders\/1boNKaMg4Bkn97ovHLtv2aqAc7JJzhS7D\"><img loading=\"lazy\" decoding=\"async\" class=\"wp-image-16224 alignleft\" src=\"https:\/\/agora.xtec.cat\/ceipelspins\/wp-content\/uploads\/usu319\/2022\/12\/1-1-1024x819.png\" alt=\"\" width=\"328\" height=\"262\" srcset=\"https:\/\/agora.xtec.cat\/ceipelspins\/wp-content\/uploads\/usu319\/2022\/12\/1-1-1024x819.png 1024w, https:\/\/agora.xtec.cat\/ceipelspins\/wp-content\/uploads\/usu319\/2022\/12\/1-1-300x240.png 300w, https:\/\/agora.xtec.cat\/ceipelspins\/wp-content\/uploads\/usu319\/2022\/12\/1-1-768x614.png 768w, https:\/\/agora.xtec.cat\/ceipelspins\/wp-content\/uploads\/usu319\/2022\/12\/1-1-1536x1229.png 1536w, https:\/\/agora.xtec.cat\/ceipelspins\/wp-content\/uploads\/usu319\/2022\/12\/1-1.png 2000w\" sizes=\"auto, (max-width: 328px) 100vw, 328px\" \/><\/a><a href=\"https:\/\/drive.google.com\/drive\/u\/2\/folders\/1kXTbqEsgkftNQYUOfkDq4kZOE6S5LBby\"><img loading=\"lazy\" decoding=\"async\" class=\"wp-image-16225 alignright\" src=\"https:\/\/agora.xtec.cat\/ceipelspins\/wp-content\/uploads\/usu319\/2022\/12\/2-1-1024x819.png\" alt=\"\" width=\"335\" height=\"268\" srcset=\"https:\/\/agora.xtec.cat\/ceipelspins\/wp-content\/uploads\/usu319\/2022\/12\/2-1-1024x819.png 1024w, https:\/\/agora.xtec.cat\/ceipelspins\/wp-content\/uploads\/usu319\/2022\/12\/2-1-300x240.png 300w, https:\/\/agora.xtec.cat\/ceipelspins\/wp-content\/uploads\/usu319\/2022\/12\/2-1-768x614.png 768w, https:\/\/agora.xtec.cat\/ceipelspins\/wp-content\/uploads\/usu319\/2022\/12\/2-1-1536x1229.png 1536w, https:\/\/agora.xtec.cat\/ceipelspins\/wp-content\/uploads\/usu319\/2022\/12\/2-1.png 2000w\" sizes=\"auto, (max-width: 335px) 100vw, 335px\" \/><\/a><\/p>\n","protected":false},"excerpt":{"rendered":"<p>L&#8217;alumnat del cicle superior hem dut a terme diverses activitats relacionades amb la festivitat de Nadal i l&#8217;\u00e8poca en qu\u00e8 ens trobem. Hem decorat el nostre PASSAD\u00cdS, hem elaborat el detallet per a l&#8217;AMIC INVISIBLE i, finalment, hem dissenyat unes POSTALS maqu\u00edssimes que hem pogut&hellip;  <a href=\"https:\/\/agora.xtec.cat\/ceipelspins\/general\/cs-ja-ha-arribat-el-nadal-al-cicle-superior\/\" title=\"Read CS: JA HA ARRIBAT EL NADAL AL CICLE SUPERIOR\">Llegeix m\u00e9s\u00bb<\/a><\/p>\n","protected":false},"author":1,"featured_media":16210,"comment_status":"open","ping_status":"closed","sticky":false,"template":"","format":"standard","meta":{"_bbp_topic_count":0,"_bbp_reply_count":0,"_bbp_total_topic_count":0,"_bbp_total_reply_count":0,"_bbp_voice_count":0,"_bbp_anonymous_reply_count":0,"_bbp_topic_count_hidden":0,"_bbp_reply_count_hidden":0,"_bbp_forum_subforum_count":0,"footnotes":""},"categories":[141,144,1,4,5],"tags":[],"class_list":["post-16208","post","type-post","status-publish","format-standard","has-post-thumbnail","hentry","category-5e-primaria","category-6e-primaria","category-general","category-portada","category-primaria"],"post_mailing_queue_ids":[],"_links":{"self":[{"href":"https:\/\/agora.xtec.cat\/ceipelspins\/wp-json\/wp\/v2\/posts\/16208","targetHints":{"allow":["GET"]}}],"collection":[{"href":"https:\/\/agora.xtec.cat\/ceipelspins\/wp-json\/wp\/v2\/posts"}],"about":[{"href":"https:\/\/agora.xtec.cat\/ceipelspins\/wp-json\/wp\/v2\/types\/post"}],"author":[{"embeddable":true,"href":"https:\/\/agora.xtec.cat\/ceipelspins\/wp-json\/wp\/v2\/users\/1"}],"replies":[{"embeddable":true,"href":"https:\/\/agora.xtec.cat\/ceipelspins\/wp-json\/wp\/v2\/comments?post=16208"}],"version-history":[{"count":3,"href":"https:\/\/agora.xtec.cat\/ceipelspins\/wp-json\/wp\/v2\/posts\/16208\/revisions"}],"predecessor-version":[{"id":16278,"href":"https:\/\/agora.xtec.cat\/ceipelspins\/wp-json\/wp\/v2\/posts\/16208\/revisions\/16278"}],"wp:featuredmedia":[{"embeddable":true,"href":"https:\/\/agora.xtec.cat\/ceipelspins\/wp-json\/wp\/v2\/media\/16210"}],"wp:attachment":[{"href":"https:\/\/agora.xtec.cat\/ceipelspins\/wp-json\/wp\/v2\/media?parent=16208"}],"wp:term":[{"taxonomy":"category","embeddable":true,"href":"https:\/\/agora.xtec.cat\/ceipelspins\/wp-json\/wp\/v2\/categories?post=16208"},{"taxonomy":"post_tag","embeddable":true,"href":"https:\/\/agora.xtec.cat\/ceipelspins\/wp-json\/wp\/v2\/tags?post=16208"}],"curies":[{"name":"wp","href":"https:\/\/api.w.org\/{rel}","templated":true}]}}