{"id":15573,"date":"2022-10-25T17:39:11","date_gmt":"2022-10-25T15:39:11","guid":{"rendered":"https:\/\/agora.xtec.cat\/ceipelspins\/?p=15573"},"modified":"2022-10-25T17:39:11","modified_gmt":"2022-10-25T15:39:11","slug":"6e-museu-de-la-ciencia-i-la-tecnica-de-terrassa-2","status":"publish","type":"post","link":"https:\/\/agora.xtec.cat\/ceipelspins\/general\/6e-museu-de-la-ciencia-i-la-tecnica-de-terrassa-2\/","title":{"rendered":"6\u00e8. MUSEU DE LA CI\u00c8NCIA I LA T\u00c8CNICA DE TERRASSA"},"content":{"rendered":"<p>Els <strong>DETECTIUS I DETECTIVES DELS ODS<\/strong> i els <strong>ECOVERDS<\/strong> hem gaudit de la nostra primera sortida, i ho hem fet a Terrassa, al <strong>Museu de la Ci\u00e8ncia i la T\u00e8cnica<\/strong>. All\u00e0, hem visitat l\u2019exposici\u00f3 \u201c<em>La f\u00e0brica t\u00e8xtil<\/em>\u201d i hem pogut descobrir tot el proc\u00e9s de fabricaci\u00f3 dels teixits de llana en el context original d\u2019una f\u00e0brica de principis del segle XX. Hem estat testimonis de l\u2019ambient de la f\u00e0brica, el brogit i els moviments de la m\u00e0quina de vapor, el funcionament de les m\u00e0quines de filar i dels telers, la vida quotidiana dels treballadors i les tensions socials que van desembocar en la formaci\u00f3 del moviment obrer, s\u00faper interessant!!!<\/p>\n<p>Abans de dinar hem posat a prova les nostres habilitats pl\u00e0stiques amb un\u00a0<strong>dibuix al natural<\/strong> de la m\u00e0quina de vapor del mateix edifici, del segle XIX.<\/p>\n<p>Les instal\u00b7lacions del parc, l\u2019espai exterior i les relacions entre tots i totes nosaltres han posat fi a la sortida, fant\u00e0stic!!!<\/p>\n<p>Feu clic a la imatge per tal d&#8217;accedir al reportatge gr\u00e0fic!<\/p>\n<p>Moltes gr\u00e0cies!!!<\/p>\n<p><a href=\"https:\/\/drive.google.com\/drive\/folders\/1-wo4YyTtwJDdfb2-SJI0twmSuaOVLF24?usp=sharing\"><img loading=\"lazy\" decoding=\"async\" class=\"alignnone size-large wp-image-15598\" src=\"https:\/\/agora.xtec.cat\/ceipelspins\/wp-content\/uploads\/usu319\/2022\/10\/6e.-Museu-de-la-Ciencia-i-la-Tecnica-de-Terrassa-1-1-1024x819.png\" alt=\"\" width=\"1024\" height=\"819\" srcset=\"https:\/\/agora.xtec.cat\/ceipelspins\/wp-content\/uploads\/usu319\/2022\/10\/6e.-Museu-de-la-Ciencia-i-la-Tecnica-de-Terrassa-1-1-1024x819.png 1024w, https:\/\/agora.xtec.cat\/ceipelspins\/wp-content\/uploads\/usu319\/2022\/10\/6e.-Museu-de-la-Ciencia-i-la-Tecnica-de-Terrassa-1-1-300x240.png 300w, https:\/\/agora.xtec.cat\/ceipelspins\/wp-content\/uploads\/usu319\/2022\/10\/6e.-Museu-de-la-Ciencia-i-la-Tecnica-de-Terrassa-1-1-768x614.png 768w, https:\/\/agora.xtec.cat\/ceipelspins\/wp-content\/uploads\/usu319\/2022\/10\/6e.-Museu-de-la-Ciencia-i-la-Tecnica-de-Terrassa-1-1-1536x1229.png 1536w, https:\/\/agora.xtec.cat\/ceipelspins\/wp-content\/uploads\/usu319\/2022\/10\/6e.-Museu-de-la-Ciencia-i-la-Tecnica-de-Terrassa-1-1.png 2000w\" sizes=\"auto, (max-width: 1024px) 100vw, 1024px\" \/><\/a><\/p>\n","protected":false},"excerpt":{"rendered":"<p>Els DETECTIUS I DETECTIVES DELS ODS i els ECOVERDS hem gaudit de la nostra primera sortida, i ho hem fet a Terrassa, al Museu de la Ci\u00e8ncia i la T\u00e8cnica. All\u00e0, hem visitat l\u2019exposici\u00f3 \u201cLa f\u00e0brica t\u00e8xtil\u201d i hem pogut descobrir tot el proc\u00e9s de&hellip;  <a href=\"https:\/\/agora.xtec.cat\/ceipelspins\/general\/6e-museu-de-la-ciencia-i-la-tecnica-de-terrassa-2\/\" title=\"Read 6\u00e8. MUSEU DE LA CI\u00c8NCIA I LA T\u00c8CNICA DE TERRASSA\">Llegeix m\u00e9s\u00bb<\/a><\/p>\n","protected":false},"author":1,"featured_media":15598,"comment_status":"open","ping_status":"closed","sticky":false,"template":"","format":"standard","meta":{"_bbp_topic_count":0,"_bbp_reply_count":0,"_bbp_total_topic_count":0,"_bbp_total_reply_count":0,"_bbp_voice_count":0,"_bbp_anonymous_reply_count":0,"_bbp_topic_count_hidden":0,"_bbp_reply_count_hidden":0,"_bbp_forum_subforum_count":0,"footnotes":""},"categories":[1,4,5],"tags":[],"class_list":["post-15573","post","type-post","status-publish","format-standard","has-post-thumbnail","hentry","category-general","category-portada","category-primaria"],"post_mailing_queue_ids":[],"_links":{"self":[{"href":"https:\/\/agora.xtec.cat\/ceipelspins\/wp-json\/wp\/v2\/posts\/15573","targetHints":{"allow":["GET"]}}],"collection":[{"href":"https:\/\/agora.xtec.cat\/ceipelspins\/wp-json\/wp\/v2\/posts"}],"about":[{"href":"https:\/\/agora.xtec.cat\/ceipelspins\/wp-json\/wp\/v2\/types\/post"}],"author":[{"embeddable":true,"href":"https:\/\/agora.xtec.cat\/ceipelspins\/wp-json\/wp\/v2\/users\/1"}],"replies":[{"embeddable":true,"href":"https:\/\/agora.xtec.cat\/ceipelspins\/wp-json\/wp\/v2\/comments?post=15573"}],"version-history":[{"count":3,"href":"https:\/\/agora.xtec.cat\/ceipelspins\/wp-json\/wp\/v2\/posts\/15573\/revisions"}],"predecessor-version":[{"id":15599,"href":"https:\/\/agora.xtec.cat\/ceipelspins\/wp-json\/wp\/v2\/posts\/15573\/revisions\/15599"}],"wp:featuredmedia":[{"embeddable":true,"href":"https:\/\/agora.xtec.cat\/ceipelspins\/wp-json\/wp\/v2\/media\/15598"}],"wp:attachment":[{"href":"https:\/\/agora.xtec.cat\/ceipelspins\/wp-json\/wp\/v2\/media?parent=15573"}],"wp:term":[{"taxonomy":"category","embeddable":true,"href":"https:\/\/agora.xtec.cat\/ceipelspins\/wp-json\/wp\/v2\/categories?post=15573"},{"taxonomy":"post_tag","embeddable":true,"href":"https:\/\/agora.xtec.cat\/ceipelspins\/wp-json\/wp\/v2\/tags?post=15573"}],"curies":[{"name":"wp","href":"https:\/\/api.w.org\/{rel}","templated":true}]}}