{"id":14294,"date":"2022-04-29T11:49:46","date_gmt":"2022-04-29T09:49:46","guid":{"rendered":"https:\/\/agora.xtec.cat\/ceipelspins\/?p=14294"},"modified":"2022-04-29T11:58:22","modified_gmt":"2022-04-29T09:58:22","slug":"6e-don-prove-la-roba-que-tots-i-totes-portem","status":"publish","type":"post","link":"https:\/\/agora.xtec.cat\/ceipelspins\/general\/6e-don-prove-la-roba-que-tots-i-totes-portem\/","title":{"rendered":"6\u00e8. D&#8217;ON PROV\u00c9 LA ROBA QUE TOTS I TOTES PORTEM?"},"content":{"rendered":"<p><strong>Us heu preguntat mai on est\u00e0 feta la roba que portem? Qu\u00e8 creieu? <\/strong><\/p>\n<p>Amb aquesta pregunta les mestres de 6\u00e8 ens van proposar un <strong>REPTE<\/strong> molt interessant on vam dur a terme una petita recerca per totes les classes l\u2019escola. En <strong>equips cooperatiu<\/strong>s, vam haver d&#8217;investigar el pa\u00eds d\u2019origen de la roba de tot l&#8217;alumnat dels Pins. Per a fer-ho\u2026, nom\u00e9s ens vam fixar en l\u2019etiqueta d&#8217;alguna de les peces de roba que port\u00e0vem! Despr\u00e9s, vam recollir les dades amb els nostres ordinadors i vam extreure el buidatge i les conclusions. Finalment, vam plasmar-ho de forma visual en un gr\u00e0fic de barres molt xulo. L&#8217;ODS 8 ens ha fet treballar de valent!!!<\/p>\n<p>Us compartim l&#8217;experi\u00e8ncia viscuda i aprofitem per enlla\u00e7ar-vos, tamb\u00e9, les <strong><a href=\"https:\/\/drive.google.com\/drive\/folders\/10LeGsHFxOvasIP8wbdGaR4PPSC6DB7hP?usp=sharing\">activitats<\/a>\u00a0de la diada de Sant Jordi<\/strong> del <strong>Futur Sostenible<\/strong> i dels i les <strong>Ecologistes de l&#8217;ODS<\/strong>.<\/p>\n<p><a href=\"https:\/\/drive.google.com\/drive\/folders\/1-DAMNSCoaO6yLmx6vPcwBbgvNfGuORx2?usp=sharing\"><img loading=\"lazy\" decoding=\"async\" class=\"alignnone wp-image-14295\" src=\"https:\/\/agora.xtec.cat\/ceipelspins\/wp-content\/uploads\/usu319\/2022\/04\/PROJECTE-INVESTIGACIO\u0301-ODS-8-min.png\" alt=\"\" width=\"887\" height=\"711\" srcset=\"https:\/\/agora.xtec.cat\/ceipelspins\/wp-content\/uploads\/usu319\/2022\/04\/PROJECTE-INVESTIGACIO\u0301-ODS-8-min.png 2000w, https:\/\/agora.xtec.cat\/ceipelspins\/wp-content\/uploads\/usu319\/2022\/04\/PROJECTE-INVESTIGACIO\u0301-ODS-8-min-300x240.png 300w, https:\/\/agora.xtec.cat\/ceipelspins\/wp-content\/uploads\/usu319\/2022\/04\/PROJECTE-INVESTIGACIO\u0301-ODS-8-min-1536x1229.png 1536w\" sizes=\"auto, (max-width: 887px) 100vw, 887px\" \/><\/a><\/p>\n<p>Moltes gr\u00e0cies a tot l&#8217;equip de mestres i alumnes que han ajudat a fer-ho possible!<\/p>\n<p>Cliqueu la imatge per accedir al <strong>reportatge gr\u00e0fic<\/strong>, endavant! No oblideu de clicar l&#8217;<a href=\"https:\/\/drive.google.com\/drive\/folders\/10LeGsHFxOvasIP8wbdGaR4PPSC6DB7hP?usp=sharing\"><strong>enlla\u00e7<\/strong><\/a> per accedir al Sant Jordi de 6\u00e8!<\/p>\n","protected":false},"excerpt":{"rendered":"<p>Us heu preguntat mai on est\u00e0 feta la roba que portem? Qu\u00e8 creieu?<br \/>\nAmb aquesta pregunta les mestres de 6\u00e8 ens van proposar un REPTE molt interessant on vam dur a terme una petita recerca per totes les classes l\u2019escola. En equips cooperatius, vam haver&hellip;  <a href=\"https:\/\/agora.xtec.cat\/ceipelspins\/general\/6e-don-prove-la-roba-que-tots-i-totes-portem\/\" title=\"Read 6\u00e8. D&#8217;ON PROV\u00c9 LA ROBA QUE TOTS I TOTES PORTEM?\">Llegeix m\u00e9s\u00bb<\/a><\/p>\n","protected":false},"author":1,"featured_media":14295,"comment_status":"open","ping_status":"closed","sticky":false,"template":"","format":"standard","meta":{"_bbp_topic_count":0,"_bbp_reply_count":0,"_bbp_total_topic_count":0,"_bbp_total_reply_count":0,"_bbp_voice_count":0,"_bbp_anonymous_reply_count":0,"_bbp_topic_count_hidden":0,"_bbp_reply_count_hidden":0,"_bbp_forum_subforum_count":0,"footnotes":""},"categories":[144,1,4,5],"tags":[],"class_list":["post-14294","post","type-post","status-publish","format-standard","has-post-thumbnail","hentry","category-6e-primaria","category-general","category-portada","category-primaria"],"post_mailing_queue_ids":[],"_links":{"self":[{"href":"https:\/\/agora.xtec.cat\/ceipelspins\/wp-json\/wp\/v2\/posts\/14294","targetHints":{"allow":["GET"]}}],"collection":[{"href":"https:\/\/agora.xtec.cat\/ceipelspins\/wp-json\/wp\/v2\/posts"}],"about":[{"href":"https:\/\/agora.xtec.cat\/ceipelspins\/wp-json\/wp\/v2\/types\/post"}],"author":[{"embeddable":true,"href":"https:\/\/agora.xtec.cat\/ceipelspins\/wp-json\/wp\/v2\/users\/1"}],"replies":[{"embeddable":true,"href":"https:\/\/agora.xtec.cat\/ceipelspins\/wp-json\/wp\/v2\/comments?post=14294"}],"version-history":[{"count":3,"href":"https:\/\/agora.xtec.cat\/ceipelspins\/wp-json\/wp\/v2\/posts\/14294\/revisions"}],"predecessor-version":[{"id":14305,"href":"https:\/\/agora.xtec.cat\/ceipelspins\/wp-json\/wp\/v2\/posts\/14294\/revisions\/14305"}],"wp:featuredmedia":[{"embeddable":true,"href":"https:\/\/agora.xtec.cat\/ceipelspins\/wp-json\/wp\/v2\/media\/14295"}],"wp:attachment":[{"href":"https:\/\/agora.xtec.cat\/ceipelspins\/wp-json\/wp\/v2\/media?parent=14294"}],"wp:term":[{"taxonomy":"category","embeddable":true,"href":"https:\/\/agora.xtec.cat\/ceipelspins\/wp-json\/wp\/v2\/categories?post=14294"},{"taxonomy":"post_tag","embeddable":true,"href":"https:\/\/agora.xtec.cat\/ceipelspins\/wp-json\/wp\/v2\/tags?post=14294"}],"curies":[{"name":"wp","href":"https:\/\/api.w.org\/{rel}","templated":true}]}}