{"id":12162,"date":"2021-10-26T23:12:37","date_gmt":"2021-10-26T21:12:37","guid":{"rendered":"https:\/\/agora.xtec.cat\/ceipelspins\/?p=12162"},"modified":"2021-10-26T23:12:37","modified_gmt":"2021-10-26T21:12:37","slug":"6e-museu-de-la-ciencia-i-la-tecnica-de-terrassa","status":"publish","type":"post","link":"https:\/\/agora.xtec.cat\/ceipelspins\/general\/6e-museu-de-la-ciencia-i-la-tecnica-de-terrassa\/","title":{"rendered":"6\u00e8. MUSEU DE LA CI\u00c8NCIA I LA T\u00c8CNICA DE TERRASSA"},"content":{"rendered":"<p>Els Ecologistes de l&#8217;ODS i la classe del Futur Sostenible hem gaudit de la nostra primera sortida i ho hem fet a Terrassa, on hem fet la primera parada al <strong>Museu de la Ci\u00e8ncia i la T\u00e8cnica<\/strong>. All\u00e0, hem visitat l&#8217;exposici\u00f3 &#8220;<em>La f\u00e0brica t\u00e8xtil<\/em>&#8221; i hem pogut descobrir tot el proc\u00e9s de fabricaci\u00f3 dels teixits de llana en el context original d&#8217;una f\u00e0brica de principis del segle XX. Hem estat testimonis de l&#8217;ambient de la f\u00e0brica, el brogit i els moviments de la m\u00e0quina de vapor, el funcionament de les m\u00e0quines de filar i dels telers, la vida quotidiana dels treballadors i les tensions socials que van desembocar en la formaci\u00f3 del moviment obrer, s\u00faper interessant!!!<\/p>\n<p>Abans de dinar hem posat a prova les nostres habilitats pl\u00e0stiques amb un <strong>dibuix al natural<\/strong> de l&#8217;edifici modernista d&#8217;inspiraci\u00f3 gaudiniana, situat al Parc de Sant Jordi.<\/p>\n<p>Les instal\u00b7lacions del parc, l&#8217;espai exterior i les relacions entre tots i totes nosaltres han posat fi a la sortida, fant\u00e0stic!!!<\/p>\n<p><a href=\"https:\/\/drive.google.com\/drive\/folders\/10D-Fw-EGNqrj1xNFf5QZmx1Zcxoy2-eh?usp=sharing\"><img loading=\"lazy\" decoding=\"async\" class=\"wp-image-12168 alignright\" src=\"https:\/\/agora.xtec.cat\/ceipelspins\/wp-content\/uploads\/usu319\/2021\/10\/IMG-8935-1-1024x1024.jpg\" alt=\"\" width=\"340\" height=\"340\" srcset=\"https:\/\/agora.xtec.cat\/ceipelspins\/wp-content\/uploads\/usu319\/2021\/10\/IMG-8935-1-1024x1024.jpg 1024w, https:\/\/agora.xtec.cat\/ceipelspins\/wp-content\/uploads\/usu319\/2021\/10\/IMG-8935-1-300x300.jpg 300w, https:\/\/agora.xtec.cat\/ceipelspins\/wp-content\/uploads\/usu319\/2021\/10\/IMG-8935-1-150x150.jpg 150w, https:\/\/agora.xtec.cat\/ceipelspins\/wp-content\/uploads\/usu319\/2021\/10\/IMG-8935-1-768x768.jpg 768w, https:\/\/agora.xtec.cat\/ceipelspins\/wp-content\/uploads\/usu319\/2021\/10\/IMG-8935-1-1536x1536.jpg 1536w, https:\/\/agora.xtec.cat\/ceipelspins\/wp-content\/uploads\/usu319\/2021\/10\/IMG-8935-1.jpg 1800w\" sizes=\"auto, (max-width: 340px) 100vw, 340px\" \/><\/a><\/p>\n<p><a href=\"https:\/\/drive.google.com\/drive\/folders\/1-EszOVQGPAnXSKnpx43X85oukyO9Bd62?usp=sharing\"><img loading=\"lazy\" decoding=\"async\" class=\"wp-image-12167 alignleft\" src=\"https:\/\/agora.xtec.cat\/ceipelspins\/wp-content\/uploads\/usu319\/2021\/10\/IMG-8936-1-1024x1024.jpg\" alt=\"\" width=\"332\" height=\"332\" srcset=\"https:\/\/agora.xtec.cat\/ceipelspins\/wp-content\/uploads\/usu319\/2021\/10\/IMG-8936-1-1024x1024.jpg 1024w, https:\/\/agora.xtec.cat\/ceipelspins\/wp-content\/uploads\/usu319\/2021\/10\/IMG-8936-1-300x300.jpg 300w, https:\/\/agora.xtec.cat\/ceipelspins\/wp-content\/uploads\/usu319\/2021\/10\/IMG-8936-1-150x150.jpg 150w, https:\/\/agora.xtec.cat\/ceipelspins\/wp-content\/uploads\/usu319\/2021\/10\/IMG-8936-1-768x768.jpg 768w, https:\/\/agora.xtec.cat\/ceipelspins\/wp-content\/uploads\/usu319\/2021\/10\/IMG-8936-1-1536x1536.jpg 1536w, https:\/\/agora.xtec.cat\/ceipelspins\/wp-content\/uploads\/usu319\/2021\/10\/IMG-8936-1.jpg 1800w\" sizes=\"auto, (max-width: 332px) 100vw, 332px\" \/><\/a><\/p>\n","protected":false},"excerpt":{"rendered":"<p>Els Ecologistes de l&#8217;ODS i la classe del Futur Sostenible hem gaudit de la nostra primera sortida i ho hem fet a Terrassa, on hem fet la primera parada al Museu de la Ci\u00e8ncia i la T\u00e8cnica. All\u00e0, hem visitat l&#8217;exposici\u00f3 &#8220;La f\u00e0brica t\u00e8xtil&#8221; i&hellip;  <a href=\"https:\/\/agora.xtec.cat\/ceipelspins\/general\/6e-museu-de-la-ciencia-i-la-tecnica-de-terrassa\/\" title=\"Read 6\u00e8. MUSEU DE LA CI\u00c8NCIA I LA T\u00c8CNICA DE TERRASSA\">Llegeix m\u00e9s\u00bb<\/a><\/p>\n","protected":false},"author":1,"featured_media":12163,"comment_status":"open","ping_status":"closed","sticky":false,"template":"","format":"standard","meta":{"_bbp_topic_count":0,"_bbp_reply_count":0,"_bbp_total_topic_count":0,"_bbp_total_reply_count":0,"_bbp_voice_count":0,"_bbp_anonymous_reply_count":0,"_bbp_topic_count_hidden":0,"_bbp_reply_count_hidden":0,"_bbp_forum_subforum_count":0,"footnotes":""},"categories":[144,1,4,5],"tags":[],"class_list":["post-12162","post","type-post","status-publish","format-standard","has-post-thumbnail","hentry","category-6e-primaria","category-general","category-portada","category-primaria"],"post_mailing_queue_ids":[],"_links":{"self":[{"href":"https:\/\/agora.xtec.cat\/ceipelspins\/wp-json\/wp\/v2\/posts\/12162","targetHints":{"allow":["GET"]}}],"collection":[{"href":"https:\/\/agora.xtec.cat\/ceipelspins\/wp-json\/wp\/v2\/posts"}],"about":[{"href":"https:\/\/agora.xtec.cat\/ceipelspins\/wp-json\/wp\/v2\/types\/post"}],"author":[{"embeddable":true,"href":"https:\/\/agora.xtec.cat\/ceipelspins\/wp-json\/wp\/v2\/users\/1"}],"replies":[{"embeddable":true,"href":"https:\/\/agora.xtec.cat\/ceipelspins\/wp-json\/wp\/v2\/comments?post=12162"}],"version-history":[{"count":2,"href":"https:\/\/agora.xtec.cat\/ceipelspins\/wp-json\/wp\/v2\/posts\/12162\/revisions"}],"predecessor-version":[{"id":12169,"href":"https:\/\/agora.xtec.cat\/ceipelspins\/wp-json\/wp\/v2\/posts\/12162\/revisions\/12169"}],"wp:featuredmedia":[{"embeddable":true,"href":"https:\/\/agora.xtec.cat\/ceipelspins\/wp-json\/wp\/v2\/media\/12163"}],"wp:attachment":[{"href":"https:\/\/agora.xtec.cat\/ceipelspins\/wp-json\/wp\/v2\/media?parent=12162"}],"wp:term":[{"taxonomy":"category","embeddable":true,"href":"https:\/\/agora.xtec.cat\/ceipelspins\/wp-json\/wp\/v2\/categories?post=12162"},{"taxonomy":"post_tag","embeddable":true,"href":"https:\/\/agora.xtec.cat\/ceipelspins\/wp-json\/wp\/v2\/tags?post=12162"}],"curies":[{"name":"wp","href":"https:\/\/api.w.org\/{rel}","templated":true}]}}