{"id":10534,"date":"2021-04-20T00:33:19","date_gmt":"2021-04-19T22:33:19","guid":{"rendered":"https:\/\/agora.xtec.cat\/ceipelspins\/?p=10534"},"modified":"2021-04-20T00:33:54","modified_gmt":"2021-04-19T22:33:54","slug":"1r-b-classe-de-la-selva-calendario-de-cumpleanos","status":"publish","type":"post","link":"https:\/\/agora.xtec.cat\/ceipelspins\/portada\/1r-b-classe-de-la-selva-calendario-de-cumpleanos\/","title":{"rendered":"1r B. CLASSE DE LA SELVA: CALENDARIO DE CUMPLEA\u00d1OS"},"content":{"rendered":"<p>Els nens i les nenes de 1r B hem comen\u00e7at el 3r trimestre molt animats. Ja tenim acabat el nostre calendari de Llengua castellana amb els &#8220;cumples de la classe&#8221;.<\/p>\n<p>Es tracta d&#8217;una activitat amb la que finalitzem el per\u00edode que li hem dedicat a aprendre diferents coses relacionades amb els mesos de l&#8217;any. Li hem dedicat unes quantes sessions durant el segon trimestre, posant molt d&#8217;esfor\u00e7 i carinyo. El vam iniciar a comen\u00e7aments de mar\u00e7 i ara&#8230; \u00a0ja el tenim enllestit !!!<\/p>\n<p>Repte superat. I per celebrar-ho ens hem fet algunes fotografies amb el nostre calendari \u00a0(Podeu clicar damunt la imatge per a veure la resta de fotos)<\/p>\n<p><a href=\"https:\/\/drive.google.com\/drive\/u\/1\/folders\/1Al2aEBdAa-d8lHmWAOgNCv4JVqSKiYbW\"><img loading=\"lazy\" decoding=\"async\" class=\"aligncenter size-large wp-image-10535\" src=\"https:\/\/agora.xtec.cat\/ceipelspins\/wp-content\/uploads\/usu319\/2021\/04\/portada-1024x815.jpg\" alt=\"\" width=\"1024\" height=\"815\" srcset=\"https:\/\/agora.xtec.cat\/ceipelspins\/wp-content\/uploads\/usu319\/2021\/04\/portada-1024x815.jpg 1024w, https:\/\/agora.xtec.cat\/ceipelspins\/wp-content\/uploads\/usu319\/2021\/04\/portada-300x239.jpg 300w, https:\/\/agora.xtec.cat\/ceipelspins\/wp-content\/uploads\/usu319\/2021\/04\/portada-768x611.jpg 768w, https:\/\/agora.xtec.cat\/ceipelspins\/wp-content\/uploads\/usu319\/2021\/04\/portada.jpg 1078w\" sizes=\"auto, (max-width: 1024px) 100vw, 1024px\" \/><\/a><\/p>\n<p>&nbsp;<\/p>\n","protected":false},"excerpt":{"rendered":"<p>Els nens i les nenes de 1r B hem comen\u00e7at el 3r trimestre molt animats. Ja tenim acabat el nostre calendari de Llengua castellana amb els &#8220;cumples de la classe&#8221;.<br \/>\nEs tracta d&#8217;una activitat amb la que finalitzem el per\u00edode que li hem dedicat a aprendre&hellip;  <a href=\"https:\/\/agora.xtec.cat\/ceipelspins\/portada\/1r-b-classe-de-la-selva-calendario-de-cumpleanos\/\" title=\"Read 1r B. CLASSE DE LA SELVA: CALENDARIO DE CUMPLEA\u00d1OS\">Llegeix m\u00e9s\u00bb<\/a><\/p>\n","protected":false},"author":1,"featured_media":10535,"comment_status":"open","ping_status":"closed","sticky":false,"template":"","format":"standard","meta":{"_bbp_topic_count":0,"_bbp_reply_count":0,"_bbp_total_topic_count":0,"_bbp_total_reply_count":0,"_bbp_voice_count":0,"_bbp_anonymous_reply_count":0,"_bbp_topic_count_hidden":0,"_bbp_reply_count_hidden":0,"_bbp_forum_subforum_count":0,"footnotes":""},"categories":[10,4,5],"tags":[],"class_list":["post-10534","post","type-post","status-publish","format-standard","has-post-thumbnail","hentry","category-1r","category-portada","category-primaria"],"post_mailing_queue_ids":[],"_links":{"self":[{"href":"https:\/\/agora.xtec.cat\/ceipelspins\/wp-json\/wp\/v2\/posts\/10534","targetHints":{"allow":["GET"]}}],"collection":[{"href":"https:\/\/agora.xtec.cat\/ceipelspins\/wp-json\/wp\/v2\/posts"}],"about":[{"href":"https:\/\/agora.xtec.cat\/ceipelspins\/wp-json\/wp\/v2\/types\/post"}],"author":[{"embeddable":true,"href":"https:\/\/agora.xtec.cat\/ceipelspins\/wp-json\/wp\/v2\/users\/1"}],"replies":[{"embeddable":true,"href":"https:\/\/agora.xtec.cat\/ceipelspins\/wp-json\/wp\/v2\/comments?post=10534"}],"version-history":[{"count":1,"href":"https:\/\/agora.xtec.cat\/ceipelspins\/wp-json\/wp\/v2\/posts\/10534\/revisions"}],"predecessor-version":[{"id":10536,"href":"https:\/\/agora.xtec.cat\/ceipelspins\/wp-json\/wp\/v2\/posts\/10534\/revisions\/10536"}],"wp:featuredmedia":[{"embeddable":true,"href":"https:\/\/agora.xtec.cat\/ceipelspins\/wp-json\/wp\/v2\/media\/10535"}],"wp:attachment":[{"href":"https:\/\/agora.xtec.cat\/ceipelspins\/wp-json\/wp\/v2\/media?parent=10534"}],"wp:term":[{"taxonomy":"category","embeddable":true,"href":"https:\/\/agora.xtec.cat\/ceipelspins\/wp-json\/wp\/v2\/categories?post=10534"},{"taxonomy":"post_tag","embeddable":true,"href":"https:\/\/agora.xtec.cat\/ceipelspins\/wp-json\/wp\/v2\/tags?post=10534"}],"curies":[{"name":"wp","href":"https:\/\/api.w.org\/{rel}","templated":true}]}}