{"id":8953,"date":"2026-03-04T15:28:11","date_gmt":"2026-03-04T14:28:11","guid":{"rendered":"https:\/\/agora.xtec.cat\/ceipelspins-castelldefels\/?p=8953"},"modified":"2026-03-28T18:55:33","modified_gmt":"2026-03-28T17:55:33","slug":"la-festa-de-carnaval","status":"publish","type":"post","link":"https:\/\/agora.xtec.cat\/ceipelspins-castelldefels\/portada\/la-festa-de-carnaval\/","title":{"rendered":"La festa final del carnaval"},"content":{"rendered":"<p data-start=\"0\" data-end=\"191\"><a href=\"https:\/\/drive.google.com\/drive\/folders\/1l3B05519h5mdr1yIFDWqEJa9X9Tgz_EV?usp=drive_link\"><img loading=\"lazy\" decoding=\"async\" class=\"alignnone size-full wp-image-8954\" src=\"https:\/\/agora.xtec.cat\/ceipelspins-castelldefels\/wp-content\/uploads\/usu612\/2026\/03\/carnaval.png\" alt=\"\" width=\"662\" height=\"388\" srcset=\"https:\/\/agora.xtec.cat\/ceipelspins-castelldefels\/wp-content\/uploads\/usu612\/2026\/03\/carnaval.png 662w, https:\/\/agora.xtec.cat\/ceipelspins-castelldefels\/wp-content\/uploads\/usu612\/2026\/03\/carnaval-300x176.png 300w\" sizes=\"auto, (max-width: 662px) 100vw, 662px\" \/><\/a><\/p>\n<p data-start=\"0\" data-end=\"191\">El Carnaval a l\u2019escola sempre \u00e9s una de les celebracions m\u00e9s esperades del curs, i aquest any, tot i no poder fer la tradicional rua pels carrers, vam trobar la manera de gaudir-lo igualment!<\/p>\n<p data-start=\"193\" data-end=\"484\">Per adaptar-nos a la situaci\u00f3, vam organitzar una rua interna dividida en dos grups. L\u2019alumnat d\u2019Infantil i de 1r va celebrar la festa al menjador, mentre que els cursos de 2n, 3r, 4t, 5\u00e8 i 6\u00e8 es van reunir al gimn\u00e0s. Cada espai es va omplir de colors, m\u00fasica i moltes ganes de passar-ho b\u00e9.<\/p>\n<p data-start=\"486\" data-end=\"776\">Tots els nens i nenes van lluir les seves disfresses amb molta il\u00b7lusi\u00f3 i creativitat. Vam poder veure personatges divertits, originals i molt treballats. Durant la celebraci\u00f3, no hi van faltar els balls i les coreografies que van fer que petits i grans compartissin moments molt especials.<\/p>\n<p data-start=\"778\" data-end=\"979\">La festa va acabar de la millor manera possible: amb una xocolatada a cada classe. Va ser el moment perfecte per relaxar-nos, compartir rialles i comentar les disfresses i els millors moments del mat\u00ed.<\/p>\n<p data-start=\"981\" data-end=\"1171\" data-is-last-node=\"\" data-is-only-node=\"\">Tot i no haver pogut sortir al carrer, el Carnaval d\u2019aquest any ha estat tot un \u00e8xit. Un cop m\u00e9s, hem demostrat que, amb il\u00b7lusi\u00f3 i ganes, qualsevol espai pot convertir-se en una gran festa!<\/p>\n","protected":false},"excerpt":{"rendered":"<p>El Carnaval a l\u2019escola sempre \u00e9s una de les celebracions m\u00e9s esperades del curs, i aquest any, tot i no poder fer la tradicional rua pels carrers, vam trobar la manera de gaudir-lo igualment! Per adaptar-nos a la situaci\u00f3, vam organitzar una rua interna dividida en dos grups. L\u2019alumnat d\u2019Infantil i de 1r va celebrar [&hellip;]<\/p>\n","protected":false},"author":1,"featured_media":8954,"comment_status":"open","ping_status":"open","sticky":false,"template":"","format":"standard","meta":{"_bbp_topic_count":0,"_bbp_reply_count":0,"_bbp_total_topic_count":0,"_bbp_total_reply_count":0,"_bbp_voice_count":0,"_bbp_anonymous_reply_count":0,"_bbp_topic_count_hidden":0,"_bbp_reply_count_hidden":0,"_bbp_forum_subforum_count":0,"site-sidebar-layout":"default","site-content-layout":"","ast-site-content-layout":"default","site-content-style":"default","site-sidebar-style":"default","ast-global-header-display":"","ast-banner-title-visibility":"","ast-main-header-display":"","ast-hfb-above-header-display":"","ast-hfb-below-header-display":"","ast-hfb-mobile-header-display":"","site-post-title":"","ast-breadcrumbs-content":"","ast-featured-img":"","footer-sml-layout":"","theme-transparent-header-meta":"default","adv-header-id-meta":"","stick-header-meta":"","header-above-stick-meta":"","header-main-stick-meta":"","header-below-stick-meta":"","astra-migrate-meta-layouts":"set","ast-page-background-enabled":"default","ast-page-background-meta":{"desktop":{"background-color":"var(--ast-global-color-4)","background-image":"","background-repeat":"repeat","background-position":"center center","background-size":"auto","background-attachment":"scroll","background-type":"","background-media":"","overlay-type":"","overlay-color":"","overlay-opacity":"","overlay-gradient":""},"tablet":{"background-color":"","background-image":"","background-repeat":"repeat","background-position":"center center","background-size":"auto","background-attachment":"scroll","background-type":"","background-media":"","overlay-type":"","overlay-color":"","overlay-opacity":"","overlay-gradient":""},"mobile":{"background-color":"","background-image":"","background-repeat":"repeat","background-position":"center center","background-size":"auto","background-attachment":"scroll","background-type":"","background-media":"","overlay-type":"","overlay-color":"","overlay-opacity":"","overlay-gradient":""}},"ast-content-background-meta":{"desktop":{"background-color":"var(--ast-global-color-5)","background-image":"","background-repeat":"repeat","background-position":"center center","background-size":"auto","background-attachment":"scroll","background-type":"","background-media":"","overlay-type":"","overlay-color":"","overlay-opacity":"","overlay-gradient":""},"tablet":{"background-color":"var(--ast-global-color-5)","background-image":"","background-repeat":"repeat","background-position":"center center","background-size":"auto","background-attachment":"scroll","background-type":"","background-media":"","overlay-type":"","overlay-color":"","overlay-opacity":"","overlay-gradient":""},"mobile":{"background-color":"var(--ast-global-color-5)","background-image":"","background-repeat":"repeat","background-position":"center center","background-size":"auto","background-attachment":"scroll","background-type":"","background-media":"","overlay-type":"","overlay-color":"","overlay-opacity":"","overlay-gradient":""}},"footnotes":""},"categories":[64,4],"tags":[],"class_list":["post-8953","post","type-post","status-publish","format-standard","has-post-thumbnail","hentry","category-carnaval","category-portada"],"post_mailing_queue_ids":[],"_links":{"self":[{"href":"https:\/\/agora.xtec.cat\/ceipelspins-castelldefels\/wp-json\/wp\/v2\/posts\/8953","targetHints":{"allow":["GET"]}}],"collection":[{"href":"https:\/\/agora.xtec.cat\/ceipelspins-castelldefels\/wp-json\/wp\/v2\/posts"}],"about":[{"href":"https:\/\/agora.xtec.cat\/ceipelspins-castelldefels\/wp-json\/wp\/v2\/types\/post"}],"author":[{"embeddable":true,"href":"https:\/\/agora.xtec.cat\/ceipelspins-castelldefels\/wp-json\/wp\/v2\/users\/1"}],"replies":[{"embeddable":true,"href":"https:\/\/agora.xtec.cat\/ceipelspins-castelldefels\/wp-json\/wp\/v2\/comments?post=8953"}],"version-history":[{"count":6,"href":"https:\/\/agora.xtec.cat\/ceipelspins-castelldefels\/wp-json\/wp\/v2\/posts\/8953\/revisions"}],"predecessor-version":[{"id":9011,"href":"https:\/\/agora.xtec.cat\/ceipelspins-castelldefels\/wp-json\/wp\/v2\/posts\/8953\/revisions\/9011"}],"wp:featuredmedia":[{"embeddable":true,"href":"https:\/\/agora.xtec.cat\/ceipelspins-castelldefels\/wp-json\/wp\/v2\/media\/8954"}],"wp:attachment":[{"href":"https:\/\/agora.xtec.cat\/ceipelspins-castelldefels\/wp-json\/wp\/v2\/media?parent=8953"}],"wp:term":[{"taxonomy":"category","embeddable":true,"href":"https:\/\/agora.xtec.cat\/ceipelspins-castelldefels\/wp-json\/wp\/v2\/categories?post=8953"},{"taxonomy":"post_tag","embeddable":true,"href":"https:\/\/agora.xtec.cat\/ceipelspins-castelldefels\/wp-json\/wp\/v2\/tags?post=8953"}],"curies":[{"name":"wp","href":"https:\/\/api.w.org\/{rel}","templated":true}]}}