{"id":8734,"date":"2025-10-29T14:46:57","date_gmt":"2025-10-29T13:46:57","guid":{"rendered":"https:\/\/agora.xtec.cat\/ceipelspins-castelldefels\/?p=8734"},"modified":"2025-10-29T14:46:57","modified_gmt":"2025-10-29T13:46:57","slug":"espais-daprenentatge-a-leducacio-infantil","status":"publish","type":"post","link":"https:\/\/agora.xtec.cat\/ceipelspins-castelldefels\/general\/espais-daprenentatge-a-leducacio-infantil\/","title":{"rendered":"ESPAIS D&#8217;APRENENTATGE A L&#8217;EDUCACI\u00d3 INFANTIL"},"content":{"rendered":"<h3><b><i>Un temps per descobrir, compartir i cr\u00e9ixer plegats<\/i><\/b><\/h3>\n<p><span style=\"font-weight: 400;\">Dos matins a la setmana, a les aules d\u2019infantil es respira un ambient especial: \u00e9s el moment dels <\/span><b>espais d\u2019aprenentatge<\/b><span style=\"font-weight: 400;\">. Aquests espais canvien al llarg del curs i es connecten amb <\/span><b>l\u2019estaci\u00f3 de l\u2019any<\/b><span style=\"font-weight: 400;\"> o amb els <\/span><b>projectes<\/b><span style=\"font-weight: 400;\"> que treballem a l\u2019aula, per donar sentit i continu\u00eftat al que viuen els infants.<\/span><\/p>\n<p><span style=\"font-weight: 400;\">Els espais s\u00f3n <\/span><b>entorns vius de relaci\u00f3 i descobriment<\/b><span style=\"font-weight: 400;\">, on cada infant pot <\/span><b>actuar, observar, experimentar, imaginar, construir i compartir<\/b><span style=\"font-weight: 400;\"> amb els altres. A trav\u00e9s del joc i de les propostes variades, els nens i nenes es converteixen en protagonistes del seu propi aprenentatge.<\/span><\/p>\n<p><span style=\"font-weight: 400;\">Aquesta manera de treballar, <\/span><b>flexible i respectuosa amb els ritmes de cadasc\u00fa<\/b><span style=\"font-weight: 400;\">, ens permet donar resposta als interessos i necessitats dels infants, afavorint moments de cooperaci\u00f3, d\u2019autonomia i de creixement personal.<\/span><\/p>\n<p><span style=\"font-weight: 400;\">Els <\/span><b>objectius dels espais d\u2019aprenentatge<\/b><span style=\"font-weight: 400;\"> s\u00f3n diversos:<\/span><\/p>\n<ul>\n<li style=\"font-weight: 400;\" aria-level=\"1\"><span style=\"font-weight: 400;\">Potenciar la <\/span><b>comunicaci\u00f3 i el llenguatge oral<\/b><span style=\"font-weight: 400;\">, ampliant el vocabulari de manera natural.<\/span><\/li>\n<li style=\"font-weight: 400;\" aria-level=\"1\"><span style=\"font-weight: 400;\">Fomentar les <\/span><b>relacions socials i la conviv\u00e8ncia<\/b><span style=\"font-weight: 400;\"> dins del grup.<\/span><\/li>\n<li style=\"font-weight: 400;\" aria-level=\"1\"><span style=\"font-weight: 400;\">Desenvolupar <\/span><b>h\u00e0bits de cooperaci\u00f3 i respecte<\/b><span style=\"font-weight: 400;\">: compartir materials, acordar normes, gestionar conflictes i cuidar els espais.<\/span><\/li>\n<li style=\"font-weight: 400;\" aria-level=\"1\"><span style=\"font-weight: 400;\">Aprendre <\/span><b>els uns dels altres<\/b><span style=\"font-weight: 400;\">, no nom\u00e9s dels adults.<\/span><\/li>\n<li style=\"font-weight: 400;\" aria-level=\"1\"><span style=\"font-weight: 400;\">Oferir <\/span><b>propostes diverses<\/b><span style=\"font-weight: 400;\"> per investigar, manipular i observar lliurement.<\/span><\/li>\n<li style=\"font-weight: 400;\" aria-level=\"1\"><span style=\"font-weight: 400;\">Facilitar l\u2019<\/span><b>expressi\u00f3 d\u2019emocions i sentiments<\/b><span style=\"font-weight: 400;\"> de manera espont\u00e0nia.<\/span><\/li>\n<li style=\"font-weight: 400;\" aria-level=\"1\"><span style=\"font-weight: 400;\">Promoure el <\/span><b>respecte per les persones i els materials<\/b><span style=\"font-weight: 400;\">.<\/span><\/li>\n<\/ul>\n<p><span style=\"font-weight: 400;\">Cada espai acull un <\/span><b>nombre redu\u00eft d\u2019infants<\/b><span style=\"font-weight: 400;\">, fet que permet una participaci\u00f3 m\u00e9s activa i una atenci\u00f3 m\u00e9s individualitzada.\u00a0<\/span><\/p>\n<p><span style=\"font-weight: 400;\">A m\u00e9s, <\/span><b>un cop per setmana les fam\u00edlies esteu convidades a venir a l\u2019aula i compartir aquest moment amb nosaltres<\/b><span style=\"font-weight: 400;\">. La vostra pres\u00e8ncia i col\u00b7laboraci\u00f3 s\u00f3n un suport molt valu\u00f3s que ens ajuda a acompanyar de prop el proc\u00e9s d\u2019aprenentatge dels vostres fills i filles.<\/span><\/p>\n<p><span style=\"font-weight: 400;\">Els espais d\u2019aprenentatge s\u00f3n, en definitiva, una <\/span><b>oportunitat per cr\u00e9ixer, explorar i aprendre plegats<\/b><span style=\"font-weight: 400;\"> en un entorn ric i estimulant.<\/span><\/p>\n<p><a href=\"https:\/\/agora.xtec.cat\/ceipelspins-castelldefels\/wp-content\/uploads\/usu612\/2025\/10\/Espai-de-lletres-scaled.jpg\"><img loading=\"lazy\" decoding=\"async\" class=\"alignnone size-medium wp-image-8736\" src=\"https:\/\/agora.xtec.cat\/ceipelspins-castelldefels\/wp-content\/uploads\/usu612\/2025\/10\/Espai-de-lletres-225x300.jpg\" alt=\"\" width=\"225\" height=\"300\" srcset=\"https:\/\/agora.xtec.cat\/ceipelspins-castelldefels\/wp-content\/uploads\/usu612\/2025\/10\/Espai-de-lletres-225x300.jpg 225w, https:\/\/agora.xtec.cat\/ceipelspins-castelldefels\/wp-content\/uploads\/usu612\/2025\/10\/Espai-de-lletres-768x1024.jpg 768w, https:\/\/agora.xtec.cat\/ceipelspins-castelldefels\/wp-content\/uploads\/usu612\/2025\/10\/Espai-de-lletres-1152x1536.jpg 1152w, https:\/\/agora.xtec.cat\/ceipelspins-castelldefels\/wp-content\/uploads\/usu612\/2025\/10\/Espai-de-lletres-1536x2048.jpg 1536w, https:\/\/agora.xtec.cat\/ceipelspins-castelldefels\/wp-content\/uploads\/usu612\/2025\/10\/Espai-de-lletres-scaled.jpg 1920w\" sizes=\"auto, (max-width: 225px) 100vw, 225px\" \/><\/a> <a href=\"https:\/\/agora.xtec.cat\/ceipelspins-castelldefels\/wp-content\/uploads\/usu612\/2025\/10\/Espai-de-minimon-i-peces-soltes-scaled.jpg\"><img loading=\"lazy\" decoding=\"async\" class=\"alignnone size-medium wp-image-8737\" src=\"https:\/\/agora.xtec.cat\/ceipelspins-castelldefels\/wp-content\/uploads\/usu612\/2025\/10\/Espai-de-minimon-i-peces-soltes-225x300.jpg\" alt=\"\" width=\"225\" height=\"300\" srcset=\"https:\/\/agora.xtec.cat\/ceipelspins-castelldefels\/wp-content\/uploads\/usu612\/2025\/10\/Espai-de-minimon-i-peces-soltes-225x300.jpg 225w, https:\/\/agora.xtec.cat\/ceipelspins-castelldefels\/wp-content\/uploads\/usu612\/2025\/10\/Espai-de-minimon-i-peces-soltes-768x1024.jpg 768w, https:\/\/agora.xtec.cat\/ceipelspins-castelldefels\/wp-content\/uploads\/usu612\/2025\/10\/Espai-de-minimon-i-peces-soltes-1152x1536.jpg 1152w, https:\/\/agora.xtec.cat\/ceipelspins-castelldefels\/wp-content\/uploads\/usu612\/2025\/10\/Espai-de-minimon-i-peces-soltes-1536x2048.jpg 1536w, https:\/\/agora.xtec.cat\/ceipelspins-castelldefels\/wp-content\/uploads\/usu612\/2025\/10\/Espai-de-minimon-i-peces-soltes-scaled.jpg 1920w\" sizes=\"auto, (max-width: 225px) 100vw, 225px\" \/><\/a> <a href=\"https:\/\/agora.xtec.cat\/ceipelspins-castelldefels\/wp-content\/uploads\/usu612\/2025\/10\/Espai-de-trac-scaled.jpg\"><img loading=\"lazy\" decoding=\"async\" class=\"alignnone size-medium wp-image-8738\" src=\"https:\/\/agora.xtec.cat\/ceipelspins-castelldefels\/wp-content\/uploads\/usu612\/2025\/10\/Espai-de-trac-225x300.jpg\" alt=\"\" width=\"225\" height=\"300\" srcset=\"https:\/\/agora.xtec.cat\/ceipelspins-castelldefels\/wp-content\/uploads\/usu612\/2025\/10\/Espai-de-trac-225x300.jpg 225w, https:\/\/agora.xtec.cat\/ceipelspins-castelldefels\/wp-content\/uploads\/usu612\/2025\/10\/Espai-de-trac-768x1024.jpg 768w, https:\/\/agora.xtec.cat\/ceipelspins-castelldefels\/wp-content\/uploads\/usu612\/2025\/10\/Espai-de-trac-1152x1536.jpg 1152w, https:\/\/agora.xtec.cat\/ceipelspins-castelldefels\/wp-content\/uploads\/usu612\/2025\/10\/Espai-de-trac-1536x2048.jpg 1536w, https:\/\/agora.xtec.cat\/ceipelspins-castelldefels\/wp-content\/uploads\/usu612\/2025\/10\/Espai-de-trac-scaled.jpg 1920w\" sizes=\"auto, (max-width: 225px) 100vw, 225px\" \/><\/a><\/p>\n","protected":false},"excerpt":{"rendered":"<p>Un temps per descobrir, compartir i cr\u00e9ixer plegats Dos matins a la setmana, a les aules d\u2019infantil es respira un ambient especial: \u00e9s el moment dels espais d\u2019aprenentatge. Aquests espais canvien al llarg del curs i es connecten amb l\u2019estaci\u00f3 de l\u2019any o amb els projectes que treballem a l\u2019aula, per donar sentit i continu\u00eftat [&hellip;]<\/p>\n","protected":false},"author":5,"featured_media":8737,"comment_status":"open","ping_status":"open","sticky":false,"template":"","format":"standard","meta":{"_bbp_topic_count":0,"_bbp_reply_count":0,"_bbp_total_topic_count":0,"_bbp_total_reply_count":0,"_bbp_voice_count":0,"_bbp_anonymous_reply_count":0,"_bbp_topic_count_hidden":0,"_bbp_reply_count_hidden":0,"_bbp_forum_subforum_count":0,"site-sidebar-layout":"default","site-content-layout":"","ast-site-content-layout":"default","site-content-style":"default","site-sidebar-style":"default","ast-global-header-display":"","ast-banner-title-visibility":"","ast-main-header-display":"","ast-hfb-above-header-display":"","ast-hfb-below-header-display":"","ast-hfb-mobile-header-display":"","site-post-title":"","ast-breadcrumbs-content":"","ast-featured-img":"","footer-sml-layout":"","theme-transparent-header-meta":"default","adv-header-id-meta":"","stick-header-meta":"","header-above-stick-meta":"","header-main-stick-meta":"","header-below-stick-meta":"","astra-migrate-meta-layouts":"set","ast-page-background-enabled":"default","ast-page-background-meta":{"desktop":{"background-color":"var(--ast-global-color-4)","background-image":"","background-repeat":"repeat","background-position":"center center","background-size":"auto","background-attachment":"scroll","background-type":"","background-media":"","overlay-type":"","overlay-color":"","overlay-opacity":"","overlay-gradient":""},"tablet":{"background-color":"","background-image":"","background-repeat":"repeat","background-position":"center center","background-size":"auto","background-attachment":"scroll","background-type":"","background-media":"","overlay-type":"","overlay-color":"","overlay-opacity":"","overlay-gradient":""},"mobile":{"background-color":"","background-image":"","background-repeat":"repeat","background-position":"center center","background-size":"auto","background-attachment":"scroll","background-type":"","background-media":"","overlay-type":"","overlay-color":"","overlay-opacity":"","overlay-gradient":""}},"ast-content-background-meta":{"desktop":{"background-color":"var(--ast-global-color-5)","background-image":"","background-repeat":"repeat","background-position":"center center","background-size":"auto","background-attachment":"scroll","background-type":"","background-media":"","overlay-type":"","overlay-color":"","overlay-opacity":"","overlay-gradient":""},"tablet":{"background-color":"var(--ast-global-color-5)","background-image":"","background-repeat":"repeat","background-position":"center center","background-size":"auto","background-attachment":"scroll","background-type":"","background-media":"","overlay-type":"","overlay-color":"","overlay-opacity":"","overlay-gradient":""},"mobile":{"background-color":"var(--ast-global-color-5)","background-image":"","background-repeat":"repeat","background-position":"center center","background-size":"auto","background-attachment":"scroll","background-type":"","background-media":"","overlay-type":"","overlay-color":"","overlay-opacity":"","overlay-gradient":""}},"footnotes":""},"categories":[1,2,4],"tags":[],"class_list":["post-8734","post","type-post","status-publish","format-standard","has-post-thumbnail","hentry","category-general","category-infantil","category-portada"],"post_mailing_queue_ids":[],"_links":{"self":[{"href":"https:\/\/agora.xtec.cat\/ceipelspins-castelldefels\/wp-json\/wp\/v2\/posts\/8734","targetHints":{"allow":["GET"]}}],"collection":[{"href":"https:\/\/agora.xtec.cat\/ceipelspins-castelldefels\/wp-json\/wp\/v2\/posts"}],"about":[{"href":"https:\/\/agora.xtec.cat\/ceipelspins-castelldefels\/wp-json\/wp\/v2\/types\/post"}],"author":[{"embeddable":true,"href":"https:\/\/agora.xtec.cat\/ceipelspins-castelldefels\/wp-json\/wp\/v2\/users\/5"}],"replies":[{"embeddable":true,"href":"https:\/\/agora.xtec.cat\/ceipelspins-castelldefels\/wp-json\/wp\/v2\/comments?post=8734"}],"version-history":[{"count":4,"href":"https:\/\/agora.xtec.cat\/ceipelspins-castelldefels\/wp-json\/wp\/v2\/posts\/8734\/revisions"}],"predecessor-version":[{"id":8742,"href":"https:\/\/agora.xtec.cat\/ceipelspins-castelldefels\/wp-json\/wp\/v2\/posts\/8734\/revisions\/8742"}],"wp:featuredmedia":[{"embeddable":true,"href":"https:\/\/agora.xtec.cat\/ceipelspins-castelldefels\/wp-json\/wp\/v2\/media\/8737"}],"wp:attachment":[{"href":"https:\/\/agora.xtec.cat\/ceipelspins-castelldefels\/wp-json\/wp\/v2\/media?parent=8734"}],"wp:term":[{"taxonomy":"category","embeddable":true,"href":"https:\/\/agora.xtec.cat\/ceipelspins-castelldefels\/wp-json\/wp\/v2\/categories?post=8734"},{"taxonomy":"post_tag","embeddable":true,"href":"https:\/\/agora.xtec.cat\/ceipelspins-castelldefels\/wp-json\/wp\/v2\/tags?post=8734"}],"curies":[{"name":"wp","href":"https:\/\/api.w.org\/{rel}","templated":true}]}}