{"id":8638,"date":"2025-05-12T14:09:54","date_gmt":"2025-05-12T12:09:54","guid":{"rendered":"https:\/\/agora.xtec.cat\/ceipelspins-castelldefels\/?p=8638"},"modified":"2025-05-12T14:09:54","modified_gmt":"2025-05-12T12:09:54","slug":"5e-participa-en-la-campanya-de-donacio-de-sang","status":"publish","type":"post","link":"https:\/\/agora.xtec.cat\/ceipelspins-castelldefels\/general\/5e-participa-en-la-campanya-de-donacio-de-sang\/","title":{"rendered":"5\u00e8 PARTICIPA EN LA CAMPANYA DE DONACI\u00d3 DE SANG"},"content":{"rendered":"<p class=\"\" data-start=\"138\" data-end=\"493\">El passat <strong data-start=\"148\" data-end=\"161\">9 d\u2019abril<\/strong>, la nostra escola va viure una jornada molt especial i solid\u00e0ria amb la celebraci\u00f3 de la <strong data-start=\"251\" data-end=\"270\">donaci\u00f3 de sang<\/strong>, una activitat oberta a tota la comunitat, on vam ajudar difondre la data de donaci\u00f3 amb el BANC DE SANG I TEIXITS. Aquesta iniciativa va comptar amb la implicaci\u00f3 directa dels i les alumnes de <strong data-start=\"392\" data-end=\"398\">5\u00e8<\/strong>, que van formar part activa de la seva difusi\u00f3 a trav\u00e9s d\u2019una <strong data-start=\"461\" data-end=\"492\">campanya de sensibilitzaci\u00f3<\/strong>. Volem agra\u00efr a les 48 persones que es van apropar a la nostra escola per tal de participar activament en la donaci\u00f3!<\/p>\n<p class=\"\" data-start=\"495\" data-end=\"870\">Els nois i noies de 5\u00e8 van elaborar <strong data-start=\"531\" data-end=\"555\">cartells informatius<\/strong> per convidar els ciutadans a participar i conscienciar sobre la import\u00e0ncia de donar sang. Aquesta acci\u00f3 s&#8217;emmarca dins del <strong data-start=\"680\" data-end=\"707\">projecte &#8220;MOLT A DONAR&#8221;<\/strong>, el segon projecte del curs, en qu\u00e8 han apr\u00e8s com cuidar la <strong data-start=\"768\" data-end=\"792\">salut cardiovascular<\/strong> i han aprofundit en el coneixement dels <strong data-start=\"833\" data-end=\"869\">sistemes i aparells del cos hum\u00e0<\/strong>.<\/p>\n<p class=\"\" data-start=\"872\" data-end=\"1186\">A m\u00e9s, el mateix dia, vam celebrar la <strong data-start=\"910\" data-end=\"932\">Tarda Circulat\u00f2ria<\/strong>, una activitat oberta a les <strong data-start=\"961\" data-end=\"979\">fam\u00edlies de 5\u00e8<\/strong>, on van poder compartir una tarda amb els seus infants i participar en un circuit d\u2019<strong data-start=\"1064\" data-end=\"1089\">estacions did\u00e0ctiques<\/strong>. A cada parada es presentava una petita mostra del que s\u2019ha apr\u00e8s durant aquest segon trimestre.<\/p>\n<p class=\"\" data-start=\"1188\" data-end=\"1348\">Ha estat un <strong data-start=\"1200\" data-end=\"1252\">trimestre ple d\u2019aprenentatges, diversi\u00f3 i valors<\/strong>, on el coneixement i la solidaritat han anat de la m\u00e0. Gr\u00e0cies a tothom qui ho ha fet possible!<a href=\"https:\/\/agora.xtec.cat\/ceipelspins-castelldefels\/wp-content\/uploads\/usu612\/2025\/05\/IMG_4105.jpg\"><img loading=\"lazy\" decoding=\"async\" class=\"alignnone size-large wp-image-8639\" src=\"https:\/\/agora.xtec.cat\/ceipelspins-castelldefels\/wp-content\/uploads\/usu612\/2025\/05\/IMG_4105-683x1024.jpg\" alt=\"\" width=\"683\" height=\"1024\" srcset=\"https:\/\/agora.xtec.cat\/ceipelspins-castelldefels\/wp-content\/uploads\/usu612\/2025\/05\/IMG_4105-683x1024.jpg 683w, https:\/\/agora.xtec.cat\/ceipelspins-castelldefels\/wp-content\/uploads\/usu612\/2025\/05\/IMG_4105-200x300.jpg 200w, https:\/\/agora.xtec.cat\/ceipelspins-castelldefels\/wp-content\/uploads\/usu612\/2025\/05\/IMG_4105-768x1152.jpg 768w, https:\/\/agora.xtec.cat\/ceipelspins-castelldefels\/wp-content\/uploads\/usu612\/2025\/05\/IMG_4105-1024x1536.jpg 1024w, https:\/\/agora.xtec.cat\/ceipelspins-castelldefels\/wp-content\/uploads\/usu612\/2025\/05\/IMG_4105.jpg 1221w\" sizes=\"auto, (max-width: 683px) 100vw, 683px\" \/><\/a><\/p>\n","protected":false},"excerpt":{"rendered":"<p>El passat 9 d\u2019abril, la nostra escola va viure una jornada molt especial i solid\u00e0ria amb la celebraci\u00f3 de la donaci\u00f3 de sang, una activitat oberta a tota la comunitat, on vam ajudar difondre la data de donaci\u00f3 amb el BANC DE SANG I TEIXITS. Aquesta iniciativa va comptar amb la implicaci\u00f3 directa dels i [&hellip;]<\/p>\n","protected":false},"author":68,"featured_media":8639,"comment_status":"open","ping_status":"closed","sticky":false,"template":"","format":"standard","meta":{"_bbp_topic_count":0,"_bbp_reply_count":0,"_bbp_total_topic_count":0,"_bbp_total_reply_count":0,"_bbp_voice_count":0,"_bbp_anonymous_reply_count":0,"_bbp_topic_count_hidden":0,"_bbp_reply_count_hidden":0,"_bbp_forum_subforum_count":0,"site-sidebar-layout":"default","site-content-layout":"","ast-site-content-layout":"","site-content-style":"default","site-sidebar-style":"default","ast-global-header-display":"","ast-banner-title-visibility":"","ast-main-header-display":"","ast-hfb-above-header-display":"","ast-hfb-below-header-display":"","ast-hfb-mobile-header-display":"","site-post-title":"","ast-breadcrumbs-content":"","ast-featured-img":"","footer-sml-layout":"","theme-transparent-header-meta":"","adv-header-id-meta":"","stick-header-meta":"","header-above-stick-meta":"","header-main-stick-meta":"","header-below-stick-meta":"","astra-migrate-meta-layouts":"default","ast-page-background-enabled":"default","ast-page-background-meta":{"desktop":{"background-color":"var(--ast-global-color-4)","background-image":"","background-repeat":"repeat","background-position":"center center","background-size":"auto","background-attachment":"scroll","background-type":"","background-media":"","overlay-type":"","overlay-color":"","overlay-opacity":"","overlay-gradient":""},"tablet":{"background-color":"","background-image":"","background-repeat":"repeat","background-position":"center center","background-size":"auto","background-attachment":"scroll","background-type":"","background-media":"","overlay-type":"","overlay-color":"","overlay-opacity":"","overlay-gradient":""},"mobile":{"background-color":"","background-image":"","background-repeat":"repeat","background-position":"center center","background-size":"auto","background-attachment":"scroll","background-type":"","background-media":"","overlay-type":"","overlay-color":"","overlay-opacity":"","overlay-gradient":""}},"ast-content-background-meta":{"desktop":{"background-color":"var(--ast-global-color-5)","background-image":"","background-repeat":"repeat","background-position":"center center","background-size":"auto","background-attachment":"scroll","background-type":"","background-media":"","overlay-type":"","overlay-color":"","overlay-opacity":"","overlay-gradient":""},"tablet":{"background-color":"var(--ast-global-color-5)","background-image":"","background-repeat":"repeat","background-position":"center center","background-size":"auto","background-attachment":"scroll","background-type":"","background-media":"","overlay-type":"","overlay-color":"","overlay-opacity":"","overlay-gradient":""},"mobile":{"background-color":"var(--ast-global-color-5)","background-image":"","background-repeat":"repeat","background-position":"center center","background-size":"auto","background-attachment":"scroll","background-type":"","background-media":"","overlay-type":"","overlay-color":"","overlay-opacity":"","overlay-gradient":""}},"footnotes":""},"categories":[14,1,4],"tags":[],"class_list":["post-8638","post","type-post","status-publish","format-standard","has-post-thumbnail","hentry","category-5e","category-general","category-portada"],"post_mailing_queue_ids":[],"_links":{"self":[{"href":"https:\/\/agora.xtec.cat\/ceipelspins-castelldefels\/wp-json\/wp\/v2\/posts\/8638","targetHints":{"allow":["GET"]}}],"collection":[{"href":"https:\/\/agora.xtec.cat\/ceipelspins-castelldefels\/wp-json\/wp\/v2\/posts"}],"about":[{"href":"https:\/\/agora.xtec.cat\/ceipelspins-castelldefels\/wp-json\/wp\/v2\/types\/post"}],"author":[{"embeddable":true,"href":"https:\/\/agora.xtec.cat\/ceipelspins-castelldefels\/wp-json\/wp\/v2\/users\/68"}],"replies":[{"embeddable":true,"href":"https:\/\/agora.xtec.cat\/ceipelspins-castelldefels\/wp-json\/wp\/v2\/comments?post=8638"}],"version-history":[{"count":2,"href":"https:\/\/agora.xtec.cat\/ceipelspins-castelldefels\/wp-json\/wp\/v2\/posts\/8638\/revisions"}],"predecessor-version":[{"id":8641,"href":"https:\/\/agora.xtec.cat\/ceipelspins-castelldefels\/wp-json\/wp\/v2\/posts\/8638\/revisions\/8641"}],"wp:featuredmedia":[{"embeddable":true,"href":"https:\/\/agora.xtec.cat\/ceipelspins-castelldefels\/wp-json\/wp\/v2\/media\/8639"}],"wp:attachment":[{"href":"https:\/\/agora.xtec.cat\/ceipelspins-castelldefels\/wp-json\/wp\/v2\/media?parent=8638"}],"wp:term":[{"taxonomy":"category","embeddable":true,"href":"https:\/\/agora.xtec.cat\/ceipelspins-castelldefels\/wp-json\/wp\/v2\/categories?post=8638"},{"taxonomy":"post_tag","embeddable":true,"href":"https:\/\/agora.xtec.cat\/ceipelspins-castelldefels\/wp-json\/wp\/v2\/tags?post=8638"}],"curies":[{"name":"wp","href":"https:\/\/api.w.org\/{rel}","templated":true}]}}