{"id":7646,"date":"2023-04-26T12:59:40","date_gmt":"2023-04-26T10:59:40","guid":{"rendered":"https:\/\/agora.xtec.cat\/ceipelspins-castelldefels\/?p=7646"},"modified":"2023-04-26T12:59:40","modified_gmt":"2023-04-26T10:59:40","slug":"alumnat-de-primaria-de-lescola-els-pins-participa-al-programa-europeu-erasmus","status":"publish","type":"post","link":"https:\/\/agora.xtec.cat\/ceipelspins-castelldefels\/general\/alumnat-de-primaria-de-lescola-els-pins-participa-al-programa-europeu-erasmus\/","title":{"rendered":"Alumnat de prim\u00e0ria de l\u2019Escola Els Pins participa al programa europeu Erasmus+"},"content":{"rendered":"<p><a href=\"https:\/\/agora.xtec.cat\/ceipelspins-castelldefels\/wp-content\/uploads\/usu612\/2023\/04\/foto-Benvinguda-Erasmus.jpg\"><img loading=\"lazy\" decoding=\"async\" class=\"alignnone  wp-image-7647\" src=\"https:\/\/agora.xtec.cat\/ceipelspins-castelldefels\/wp-content\/uploads\/usu612\/2023\/04\/foto-Benvinguda-Erasmus-300x169.jpg\" alt=\"\" width=\"547\" height=\"308\" srcset=\"https:\/\/agora.xtec.cat\/ceipelspins-castelldefels\/wp-content\/uploads\/usu612\/2023\/04\/foto-Benvinguda-Erasmus-300x169.jpg 300w, https:\/\/agora.xtec.cat\/ceipelspins-castelldefels\/wp-content\/uploads\/usu612\/2023\/04\/foto-Benvinguda-Erasmus-768x432.jpg 768w, https:\/\/agora.xtec.cat\/ceipelspins-castelldefels\/wp-content\/uploads\/usu612\/2023\/04\/foto-Benvinguda-Erasmus.jpg 1024w\" sizes=\"auto, (max-width: 547px) 100vw, 547px\" \/><\/a><\/p>\n<p>&nbsp;<\/p>\n<p>Aquesta setmana l&#8217;escola \u00e9s l&#8217;ambaixadora\u00a0 i acollim a la resta d&#8217;escoles participants del nostre projecte Erasmus+ : <strong>VOTE &#8221; The Voices Of The Earth&#8221;<\/strong>. Aqu\u00ed us deixem l&#8217;enlla\u00e7 a la publicaci\u00f3 de l&#8217;ajuntament de Castelldefels. Us anirem informant de tot el que anem fent aquests dies!<\/p>\n<p><a href=\"https:\/\/www.castelldefels.org\/ca\/actualitat\/elcastell\/noticies\/alumnat-de-primaria-de-l2019escola-els-pins-participa-al-programa-europeu-erasmus?set_language=ca\">Enlla\u00e7 a la Not\u00edcia Ajuntament de Castelldefels<\/a><\/p>\n","protected":false},"excerpt":{"rendered":"<p>&nbsp; Aquesta setmana l&#8217;escola \u00e9s l&#8217;ambaixadora\u00a0 i acollim a la resta d&#8217;escoles participants del nostre projecte Erasmus+ : VOTE &#8221; The Voices Of The Earth&#8221;. Aqu\u00ed us deixem l&#8217;enlla\u00e7 a la publicaci\u00f3 de l&#8217;ajuntament de Castelldefels. Us anirem informant de tot el que anem fent aquests dies! Enlla\u00e7 a la Not\u00edcia Ajuntament de Castelldefels<\/p>\n","protected":false},"author":22,"featured_media":7647,"comment_status":"open","ping_status":"closed","sticky":false,"template":"","format":"standard","meta":{"_bbp_topic_count":0,"_bbp_reply_count":0,"_bbp_total_topic_count":0,"_bbp_total_reply_count":0,"_bbp_voice_count":0,"_bbp_anonymous_reply_count":0,"_bbp_topic_count_hidden":0,"_bbp_reply_count_hidden":0,"_bbp_forum_subforum_count":0,"site-sidebar-layout":"default","site-content-layout":"","ast-site-content-layout":"","site-content-style":"default","site-sidebar-style":"default","ast-global-header-display":"","ast-banner-title-visibility":"","ast-main-header-display":"","ast-hfb-above-header-display":"","ast-hfb-below-header-display":"","ast-hfb-mobile-header-display":"","site-post-title":"","ast-breadcrumbs-content":"","ast-featured-img":"","footer-sml-layout":"","theme-transparent-header-meta":"","adv-header-id-meta":"","stick-header-meta":"","header-above-stick-meta":"","header-main-stick-meta":"","header-below-stick-meta":"","astra-migrate-meta-layouts":"default","ast-page-background-enabled":"default","ast-page-background-meta":{"desktop":{"background-color":"var(--ast-global-color-4)","background-image":"","background-repeat":"repeat","background-position":"center center","background-size":"auto","background-attachment":"scroll","background-type":"","background-media":"","overlay-type":"","overlay-color":"","overlay-opacity":"","overlay-gradient":""},"tablet":{"background-color":"","background-image":"","background-repeat":"repeat","background-position":"center center","background-size":"auto","background-attachment":"scroll","background-type":"","background-media":"","overlay-type":"","overlay-color":"","overlay-opacity":"","overlay-gradient":""},"mobile":{"background-color":"","background-image":"","background-repeat":"repeat","background-position":"center center","background-size":"auto","background-attachment":"scroll","background-type":"","background-media":"","overlay-type":"","overlay-color":"","overlay-opacity":"","overlay-gradient":""}},"ast-content-background-meta":{"desktop":{"background-color":"var(--ast-global-color-5)","background-image":"","background-repeat":"repeat","background-position":"center center","background-size":"auto","background-attachment":"scroll","background-type":"","background-media":"","overlay-type":"","overlay-color":"","overlay-opacity":"","overlay-gradient":""},"tablet":{"background-color":"var(--ast-global-color-5)","background-image":"","background-repeat":"repeat","background-position":"center center","background-size":"auto","background-attachment":"scroll","background-type":"","background-media":"","overlay-type":"","overlay-color":"","overlay-opacity":"","overlay-gradient":""},"mobile":{"background-color":"var(--ast-global-color-5)","background-image":"","background-repeat":"repeat","background-position":"center center","background-size":"auto","background-attachment":"scroll","background-type":"","background-media":"","overlay-type":"","overlay-color":"","overlay-opacity":"","overlay-gradient":""}},"footnotes":""},"categories":[15,314,289,243,1,4],"tags":[288,232],"class_list":["post-7646","post","type-post","status-publish","format-standard","has-post-thumbnail","hentry","category-6e","category-afa","category-erasmus-ka229","category-erasmus","category-general","category-portada","tag-erasmus-ka229","tag-erasmus"],"post_mailing_queue_ids":[],"_links":{"self":[{"href":"https:\/\/agora.xtec.cat\/ceipelspins-castelldefels\/wp-json\/wp\/v2\/posts\/7646","targetHints":{"allow":["GET"]}}],"collection":[{"href":"https:\/\/agora.xtec.cat\/ceipelspins-castelldefels\/wp-json\/wp\/v2\/posts"}],"about":[{"href":"https:\/\/agora.xtec.cat\/ceipelspins-castelldefels\/wp-json\/wp\/v2\/types\/post"}],"author":[{"embeddable":true,"href":"https:\/\/agora.xtec.cat\/ceipelspins-castelldefels\/wp-json\/wp\/v2\/users\/22"}],"replies":[{"embeddable":true,"href":"https:\/\/agora.xtec.cat\/ceipelspins-castelldefels\/wp-json\/wp\/v2\/comments?post=7646"}],"version-history":[{"count":2,"href":"https:\/\/agora.xtec.cat\/ceipelspins-castelldefels\/wp-json\/wp\/v2\/posts\/7646\/revisions"}],"predecessor-version":[{"id":7649,"href":"https:\/\/agora.xtec.cat\/ceipelspins-castelldefels\/wp-json\/wp\/v2\/posts\/7646\/revisions\/7649"}],"wp:featuredmedia":[{"embeddable":true,"href":"https:\/\/agora.xtec.cat\/ceipelspins-castelldefels\/wp-json\/wp\/v2\/media\/7647"}],"wp:attachment":[{"href":"https:\/\/agora.xtec.cat\/ceipelspins-castelldefels\/wp-json\/wp\/v2\/media?parent=7646"}],"wp:term":[{"taxonomy":"category","embeddable":true,"href":"https:\/\/agora.xtec.cat\/ceipelspins-castelldefels\/wp-json\/wp\/v2\/categories?post=7646"},{"taxonomy":"post_tag","embeddable":true,"href":"https:\/\/agora.xtec.cat\/ceipelspins-castelldefels\/wp-json\/wp\/v2\/tags?post=7646"}],"curies":[{"name":"wp","href":"https:\/\/api.w.org\/{rel}","templated":true}]}}